{"id":1450,"date":"2023-02-22T19:39:15","date_gmt":"2023-02-22T19:39:15","guid":{"rendered":"https:\/\/elnoticierodigital.com.ar\/?p=1276543"},"modified":"2023-02-22T19:39:15","modified_gmt":"2023-02-22T19:39:15","slug":"el-llanto-de-nacho-al-ver-el-regalo-que-su-papa-le-llevo-a-gran-hermano","status":"publish","type":"post","link":"https:\/\/latecordoba.com\/index.php\/2023\/02\/22\/el-llanto-de-nacho-al-ver-el-regalo-que-su-papa-le-llevo-a-gran-hermano\/","title":{"rendered":"El llanto de Nacho al ver el regalo que su pap\u00e1 le llev\u00f3 a Gran Hermano"},"content":{"rendered":"<p> <!-- image --><\/p>\n<div class=\"td-post-featured-image\"><a href=\"https:\/\/i0.wp.com\/elnoticierodigital.com.ar\/wp-content\/uploads\/2023\/02\/1276543.png?fit=1200%2C800&amp;ssl=1\" data-caption><img decoding=\"async\" loading=\"lazy\" width=\"696\" height=\"464\" class=\"entry-thumb td-modal-image\" src=\"http:\/\/latecordoba.com\/wp-content\/uploads\/2023\/02\/el-llanto-de-nacho-al-ver-el-regalo-que-su-papa-le-llevo-a-gran-hermano.png\" srcset=\"http:\/\/latecordoba.com\/wp-content\/uploads\/2023\/02\/el-llanto-de-nacho-al-ver-el-regalo-que-su-papa-le-llevo-a-gran-hermano-1.png 1200w, http:\/\/latecordoba.com\/wp-content\/uploads\/2023\/02\/el-llanto-de-nacho-al-ver-el-regalo-que-su-papa-le-llevo-a-gran-hermano-2.png 300w, http:\/\/latecordoba.com\/wp-content\/uploads\/2023\/02\/el-llanto-de-nacho-al-ver-el-regalo-que-su-papa-le-llevo-a-gran-hermano-3.png 1024w, http:\/\/latecordoba.com\/wp-content\/uploads\/2023\/02\/el-llanto-de-nacho-al-ver-el-regalo-que-su-papa-le-llevo-a-gran-hermano-4.png 768w, http:\/\/latecordoba.com\/wp-content\/uploads\/2023\/02\/el-llanto-de-nacho-al-ver-el-regalo-que-su-papa-le-llevo-a-gran-hermano-5.png 150w, http:\/\/latecordoba.com\/wp-content\/uploads\/2023\/02\/el-llanto-de-nacho-al-ver-el-regalo-que-su-papa-le-llevo-a-gran-hermano.png 696w, https:\/\/i0.wp.com\/elnoticierodigital.com.ar\/wp-content\/uploads\/2023\/02\/1276543.png?resize=1068%2C712&amp;ssl=1 1068w\" sizes=\"(max-width: 696px) 100vw, 696px\" alt title=\"1276543\"><\/a><\/div>\n<p> <!-- content --><\/p>\n<article readability=\"37\">La semana en Gran Hermano cambi\u00f3 rotundamente para todos los jugadores. El ingreso de sus familiares a \u201cLa casa m\u00e1s famosa del pa\u00eds\u201d sensibiliz\u00f3 a todos pero hubo participantes que no aguantaron las l\u00e1grimas como fue el caso de Romina, Marcos y Nacho.<\/p>\n<p>Todos los familiares ingresaron con una caja misteriosa y no se sab\u00eda el contenido de ellas hasta el d\u00eda martes donde por orden de Santiago Del Moro fueron a buscarlas y revelar que hab\u00eda en ellas. El primero en comentar a todos lo que tra\u00eda para su hijo fue Rodolfo Casta\u00f1ares el pap\u00e1 de Nacho.<\/p>\n<p>Rodolfo sac\u00f3 un peque\u00f1o portarretrato con la imagen de Nacho y su mam\u00e1, el participante no aguant\u00f3 y se largo a llorar: \u201cEste portarretrato es muy importante para \u00e9l porque cada vez que llegaba a Espa\u00f1a, lo pon\u00eda en su mesa de luz y era como que su mam\u00e1 siempre estaba con \u00e9l. Desde peque\u00f1ito, era como un amuleto. Es una foto de \u00e9l de chico con su mam\u00e1\u201d, comenz\u00f3 Rodolfo recordando tambi\u00e9n a la mam\u00e1 del participante quien lamentablemente falleci\u00f3 en el a\u00f1o 2021.<\/p>\n<p>Luego agreg\u00f3: \u201cTambi\u00e9n traje algo que me parece muy representativo que es una mariposa y la puede enganchar en cualquier lado. Tiene mucho significado para m\u00ed tambi\u00e9n porque pertenece a casa y siempre estuvo en las Navidades\u201d, coment\u00f3 mientras se lo pod\u00eda ver a su hijo muy conmovido por la situaci\u00f3n.<\/p>\n<p>Lo m\u00e1s emotivo de la noche para Nacho no termin\u00f3 ah\u00ed sino que su padre tuvo un regalo m\u00e1s y se trataba de una nueva foto en donde aparec\u00edan los tres juntos: \u201cLuego, tengo otra foto que es muy particular porque nosotros viv\u00edamos en Madrid y el gobierno espa\u00f1ol hab\u00eda mandado las tropas europeas a la guerra de Irak. Y tanto su mam\u00e1, como yo, no est\u00e1bamos de acuerdo\u201d, coment\u00f3<\/p>\n<p>Para finalizar coment\u00f3: \u201cEntonces, le compramos este body que dice \u2018no a la guerra\u2019 y fue a la primera manifestaci\u00f3n que fue \u00e9l en contra de esa guerra. Y nos sacamos esta foto con su mam\u00e1 que es s\u00faper bonita y siempre ha estado con nosotros, y queda para \u00e9l. Esta foto con su abuela que te adora mucho que siempre est\u00e1 ah\u00ed am\u00e1ndote y pensado en ti\u201d, finaliz\u00f3 Rodolfo.<\/p>\n<\/article>\n<p>Fuente: <a href=\"https:\/\/www.paparazzi.com.ar\/teve\/el-llanto-de-nacho-al-ver-el-regalo-que-su-papa-le-llevo-a-gran-hermano\/\">https:\/\/www.paparazzi.com.ar\/<\/a><\/p>\n","protected":false},"excerpt":{"rendered":"<p> La semana en Gran Hermano cambi\u00f3 rotundamente para todos los jugadores. El ingreso de sus familiares a &#8220;La casa m\u00e1s famosa del pa\u00eds&#8221; sensibiliz\u00f3 a todos pero hubo participantes que no aguantaron las l\u00e1grimas como fue el caso de Romina, Marcos y Nacho. Todos los familiares ingresaron con una caja misteriosa y no se sab\u00eda [&#8230;]  <\/p>\n","protected":false},"author":1,"featured_media":1451,"comment_status":"closed","ping_status":"closed","sticky":false,"template":"","format":"standard","meta":[],"categories":[14],"tags":[],"_links":{"self":[{"href":"https:\/\/latecordoba.com\/index.php\/wp-json\/wp\/v2\/posts\/1450"}],"collection":[{"href":"https:\/\/latecordoba.com\/index.php\/wp-json\/wp\/v2\/posts"}],"about":[{"href":"https:\/\/latecordoba.com\/index.php\/wp-json\/wp\/v2\/types\/post"}],"author":[{"embeddable":true,"href":"https:\/\/latecordoba.com\/index.php\/wp-json\/wp\/v2\/users\/1"}],"replies":[{"embeddable":true,"href":"https:\/\/latecordoba.com\/index.php\/wp-json\/wp\/v2\/comments?post=1450"}],"version-history":[{"count":0,"href":"https:\/\/latecordoba.com\/index.php\/wp-json\/wp\/v2\/posts\/1450\/revisions"}],"wp:featuredmedia":[{"embeddable":true,"href":"https:\/\/latecordoba.com\/index.php\/wp-json\/wp\/v2\/media\/1451"}],"wp:attachment":[{"href":"https:\/\/latecordoba.com\/index.php\/wp-json\/wp\/v2\/media?parent=1450"}],"wp:term":[{"taxonomy":"category","embeddable":true,"href":"https:\/\/latecordoba.com\/index.php\/wp-json\/wp\/v2\/categories?post=1450"},{"taxonomy":"post_tag","embeddable":true,"href":"https:\/\/latecordoba.com\/index.php\/wp-json\/wp\/v2\/tags?post=1450"}],"curies":[{"name":"wp","href":"https:\/\/api.w.org\/{rel}","templated":true}]}}