{"id":1447,"date":"2023-02-22T10:00:00","date_gmt":"2023-02-22T10:00:00","guid":{"rendered":"https:\/\/www.puntal.com.ar\/festival-cine\/el-filosofo-paul-preciado-debuta-como-cineasta-n185191"},"modified":"2023-02-22T10:00:00","modified_gmt":"2023-02-22T10:00:00","slug":"el-filosofo-paul-preciado-debuta-como-cineasta","status":"publish","type":"post","link":"https:\/\/latecordoba.com\/index.php\/2023\/02\/22\/el-filosofo-paul-preciado-debuta-como-cineasta\/","title":{"rendered":"El fil\u00f3sofo Paul Preciado debuta como cineasta"},"content":{"rendered":"\n<div><img decoding=\"async\" src=\"http:\/\/latecordoba.com\/wp-content\/uploads\/2023\/02\/el-filosofo-paul-preciado-debuta-como-cineasta.jpg\" class=\"ff-og-image-inserted\"><\/div>\n<p> Con el mismo impulso cuestionador al que apela en textos como &#8220;Manifiesto contrasexual&#8221; o &#8220;Pornotop\u00eda&#8221; para desmantelar la mirada can\u00f3nica sobre el poder, el g\u00e9nero o la sexualidad, el fil\u00f3sofo espa\u00f1ol Paul B Preciado acaba de presentar en el Festival de Cine de Berl\u00edn Orlando su debut cinematogr\u00e1fico, &#8220;Orlando, mi biograf\u00eda pol\u00edtica&#8221;, una adaptaci\u00f3n del &#8220;Orlando&#8221; de Virginia Woolf publicado en 1928 que cuenta la vida de un noble ingl\u00e9s que cambia de sexo a lo largo de cuatro siglos.<\/p>\n<p>Preciado, conocido por desatender las fronteras entre los g\u00e9neros literarios en obras que cruzan la medicina, las pol\u00edticas p\u00fablicas y la industria farmac\u00e9utica para narrar c\u00f3mo el binarismo de g\u00e9nero disciplina la cultura y deja afuera del sistema los cuerpos que se resisten a ser normativizados, present\u00f3 ahora en la secci\u00f3n Encuentro de la llamada Berlinale una suerte de autobiograf\u00eda que abarca la de muchos miembros del colectivo trans en esta adaptaci\u00f3n de la obra de Woolf que ya tuvo una versi\u00f3n cinematogr\u00e1fica realizada por Sally Potter en 1992 con Tilda Swinton como protagonista.<\/p>\n<p>El autor se define a s\u00ed mismo como hombre trans de cuerpo no binario y clama por la superaci\u00f3n de los esquemas asertivos que determinan la diferencia sexual, un planteo que dialoga con el visionario texto de Woolf. De hecho, el debutante director sostuvo poco despu\u00e9s de la proyecci\u00f3n que \u00e9l quer\u00eda contar su vida, pero que en realidad ya fue narrada hace un siglo por la escritora de &#8220;Las olas&#8221; en el texto protagonizado por un joven que crece hasta convertirse en una mujer de 36 a\u00f1os.<\/p>\n<p>&#8220;Esa es una gran pregunta filos\u00f3fica. \u00bfQu\u00e9 es una vida? \u00bfC\u00f3mo contar una vida? Para m\u00ed, por ejemplo, contar mi vida me resulta m\u00e1s f\u00e1cil con el Orlando de Virginia Wolf que yendo a Burgos, donde nac\u00ed, yendo al colegio donde estudi\u00e9, porque esos lugares no cuentan exactamente lo que es mi vida. La narraci\u00f3n de una vida es siempre un ejercicio de ficci\u00f3n, en el fondo, que uno elige&#8221;, defin\u00eda en una entrevista reciente.<\/p>\n<p>Preciado es una de las voces m\u00e1s persistentes y reconocidas de la teor\u00eda queer y los estudios de g\u00e9nero en la actualidad. Disc\u00edpulo de Jacques Derrida, su &#8220;Manifiesto queer&#8221; (2002) es el t\u00edtulo de referencia en su campo y el a\u00f1o pasado public\u00f3 &#8220;Dysphoria Mundi&#8221;, un an\u00e1lisis &#8220;sobre la enfermedad como herramienta de control pol\u00edtico&#8221; nacido de la pandemia, un momento de crisis pol\u00edtica, social y econ\u00f3mica en el que floreci\u00f3 una &#8220;insurrecci\u00f3n de los saberes sometidos&#8221; gracias a las luchas feministas, el movimiento antirracista y el colectivo trans.<\/p>\n<p>Fil\u00f3sofo habitual de los medios franceses -reside desde hace tiempo en Par\u00eds-, el tambi\u00e9n activista y curador de arte se convirti\u00f3 ahora en director de cine con su \u00f3pera prima, &#8220;Orlando: mi biograf\u00eda pol\u00edtica&#8221;, que gener\u00f3 ruido durante en su proyecci\u00f3n en el Festival de Berl\u00edn, no s\u00f3lo por su ingeniosa narrativa -que hibrida todo tipo de g\u00e9neros y utiliza todo tipo de recursos esc\u00e9nicos- sino tambi\u00e9n por su sensibilidad, su humor y su originalidad.<\/p>\n<p>Woolf escribi\u00f3 &#8220;Orlando: una biograf\u00eda&#8221; inspirada por la vida de su antigua pareja, la poeta y novelista Vita Sackville-West, que fue protagonista de varios esc\u00e1ndalos en la Inglaterra de los a\u00f1os 20 debido a sus relaciones extramatrimoniales con mujeres, con las que hu\u00eda de una familia que siempre la obligaba a regresar a casa con su marido, el diplom\u00e1tico Harold Nicolson.<\/p>\n<p>En su pel\u00edcula, Preciado repasa la evoluci\u00f3n de la transexualidad a lo largo de la historia y propone un mundo nuevo liberado de las imposiciones del patriarcado capitalista y colonialista: recalca la necesidad de abolir los g\u00e9neros, o al menos, sus imposiciones y preconceptos heredados, para incluir a quienes no se perciben ni como hombre ni como mujeres ni como heterosexuales ni como homosexuales.<\/p>\n<p>La obra va en l\u00ednea con las formulaciones de su libro &#8220;Dysphoria mundi&#8221;, donde plantea que estamos en las transici\u00f3n de una sociedad anal\u00f3gica a otra digital y ante la desarticulaci\u00f3n de una sociedad que se organiz\u00f3 &#8220;en torno a a taxonom\u00edas binarias (heterosexual-homosexual, hombre-mujer, m\u00e1quina-organismo, animal-humano) y jer\u00e1rquicas de raza, especie, sexo y sexualidad de la modernidad, que han servido para legitimar la dominaci\u00f3n y la violencia de unos cuerpos sobre otros&#8221;.<\/p>\n","protected":false},"excerpt":{"rendered":"<p>\nEl escritor espa\u00f1ol present\u00f3 su nuevo film &#8220;Orlando, mi biograf\u00eda pol\u00edtica&#8221;, una obra que retrata toda una identidad sexual  <\/p>\n","protected":false},"author":1,"featured_media":1448,"comment_status":"closed","ping_status":"closed","sticky":false,"template":"","format":"standard","meta":[],"categories":[14],"tags":[],"_links":{"self":[{"href":"https:\/\/latecordoba.com\/index.php\/wp-json\/wp\/v2\/posts\/1447"}],"collection":[{"href":"https:\/\/latecordoba.com\/index.php\/wp-json\/wp\/v2\/posts"}],"about":[{"href":"https:\/\/latecordoba.com\/index.php\/wp-json\/wp\/v2\/types\/post"}],"author":[{"embeddable":true,"href":"https:\/\/latecordoba.com\/index.php\/wp-json\/wp\/v2\/users\/1"}],"replies":[{"embeddable":true,"href":"https:\/\/latecordoba.com\/index.php\/wp-json\/wp\/v2\/comments?post=1447"}],"version-history":[{"count":0,"href":"https:\/\/latecordoba.com\/index.php\/wp-json\/wp\/v2\/posts\/1447\/revisions"}],"wp:featuredmedia":[{"embeddable":true,"href":"https:\/\/latecordoba.com\/index.php\/wp-json\/wp\/v2\/media\/1448"}],"wp:attachment":[{"href":"https:\/\/latecordoba.com\/index.php\/wp-json\/wp\/v2\/media?parent=1447"}],"wp:term":[{"taxonomy":"category","embeddable":true,"href":"https:\/\/latecordoba.com\/index.php\/wp-json\/wp\/v2\/categories?post=1447"},{"taxonomy":"post_tag","embeddable":true,"href":"https:\/\/latecordoba.com\/index.php\/wp-json\/wp\/v2\/tags?post=1447"}],"curies":[{"name":"wp","href":"https:\/\/api.w.org\/{rel}","templated":true}]}}