{"id":1442,"date":"2023-02-22T16:25:38","date_gmt":"2023-02-22T16:25:38","guid":{"rendered":"https:\/\/viapais.com.ar\/tres-arroyos\/cierre-del-taller-de-danzas-folkloricas-en-el-cce-de-tres-arroyos\/"},"modified":"2023-02-22T16:25:38","modified_gmt":"2023-02-22T16:25:38","slug":"cierre-del-taller-de-danzas-folkloricas-en-el-cce-de-tres-arroyos","status":"publish","type":"post","link":"https:\/\/latecordoba.com\/index.php\/2023\/02\/22\/cierre-del-taller-de-danzas-folkloricas-en-el-cce-de-tres-arroyos\/","title":{"rendered":"Cierre del Taller de Danzas Folkl\u00f3ricas en el CCE de Tres Arroyos"},"content":{"rendered":"<br \/>\n<section readability=\"14\">\n<p>Este <b>mi\u00e9rcoles a partir de las 20:30 horas<\/b> se invita a la comunidad a participar del cierre del Taller de Danzas Folkl\u00f3ricas que se llevar\u00e1 a cabo en el play\u00f3n del<b> Centro Cultural La Estaci\u00f3n de Tres Arroyos <\/b>con acceso libre y gratuito.<\/p>\n<p>La actividad, desarrollada en el programa<b> \u201cCultura Presente. Edici\u00f3n Verano\u201d<\/b>, estar\u00e1 a cargo del Prof. <b>Jorge Mauri e In\u00e9s Conti.<\/b><\/p>\n<p>\u201cQueremos cerrar el taller de una forma bien colorida y alegre: celebrar el Carnaval del Norte. Por eso invitamos a todas las familias a disfrutar de una noche a pura m\u00fasica y color\u201d, <b>indicaron los encargados de la propuesta.<\/b><\/p>\n<figure><picture><img alt=\"Cierre del Taller de Danzas Folkl\u00f3ricas en el CCE de Tres Arroyos\" class=\"lazyload block \" sizes=\"auto\" data-src=\"http:\/\/latecordoba.com\/wp-content\/uploads\/2023\/02\/cierre-del-taller-de-danzas-folkloricas-en-el-cce-de-tres-arroyos.jpg\" width=\"1023px\" height=\"1023px\"><\/picture><figcaption class>Cierre del Taller de Danzas Folkl\u00f3ricas en el CCE de Tres Arroyos Foto: Direcci\u00f3n de Cultura Tres A<\/figcaption><\/figure>\n<\/section>\n<div class=\"noreadme-audima\">\n<h2>Temas Relacionados<\/h2>\n<\/div>\n","protected":false},"excerpt":{"rendered":"<p>Este mi\u00e9rcoles a partir de las 20:30 horas se invita a la comunidad a participar del cierre del Taller de Danzas Folkl\u00f3ricas que se llevar\u00e1 a cabo en el play\u00f3n del Centro Cultural La Estaci\u00f3n de Tres Arroyos con acceso libre y gratuito. La actividad, desarrollada en el programa \u201cCultura Presente. Edici\u00f3n Verano\u201d, estar\u00e1 a [&hellip;]<\/p>\n","protected":false},"author":1,"featured_media":1443,"comment_status":"closed","ping_status":"closed","sticky":false,"template":"","format":"standard","meta":[],"categories":[15],"tags":[],"_links":{"self":[{"href":"https:\/\/latecordoba.com\/index.php\/wp-json\/wp\/v2\/posts\/1442"}],"collection":[{"href":"https:\/\/latecordoba.com\/index.php\/wp-json\/wp\/v2\/posts"}],"about":[{"href":"https:\/\/latecordoba.com\/index.php\/wp-json\/wp\/v2\/types\/post"}],"author":[{"embeddable":true,"href":"https:\/\/latecordoba.com\/index.php\/wp-json\/wp\/v2\/users\/1"}],"replies":[{"embeddable":true,"href":"https:\/\/latecordoba.com\/index.php\/wp-json\/wp\/v2\/comments?post=1442"}],"version-history":[{"count":0,"href":"https:\/\/latecordoba.com\/index.php\/wp-json\/wp\/v2\/posts\/1442\/revisions"}],"wp:featuredmedia":[{"embeddable":true,"href":"https:\/\/latecordoba.com\/index.php\/wp-json\/wp\/v2\/media\/1443"}],"wp:attachment":[{"href":"https:\/\/latecordoba.com\/index.php\/wp-json\/wp\/v2\/media?parent=1442"}],"wp:term":[{"taxonomy":"category","embeddable":true,"href":"https:\/\/latecordoba.com\/index.php\/wp-json\/wp\/v2\/categories?post=1442"},{"taxonomy":"post_tag","embeddable":true,"href":"https:\/\/latecordoba.com\/index.php\/wp-json\/wp\/v2\/tags?post=1442"}],"curies":[{"name":"wp","href":"https:\/\/api.w.org\/{rel}","templated":true}]}}