{"id":1431,"date":"2023-02-21T12:34:24","date_gmt":"2023-02-21T12:34:24","guid":{"rendered":"https:\/\/www.diariocronica.com.ar\/noticias\/2023\/02\/21\/77584-rafa-nadal-considero-que-messi-deberia-ganar-el-premio-laureus-tu-te-lo-mereces"},"modified":"2023-02-21T12:34:24","modified_gmt":"2023-02-21T12:34:24","slug":"rafa-nadal-considero-que-messi-deberia-ganar-el-premio-laureus-tu-te-lo-mereces","status":"publish","type":"post","link":"https:\/\/latecordoba.com\/index.php\/2023\/02\/21\/rafa-nadal-considero-que-messi-deberia-ganar-el-premio-laureus-tu-te-lo-mereces\/","title":{"rendered":"Rafa Nadal consider\u00f3 que Messi deber\u00eda ganar el premio Laureus: &#8220;T\u00fa te lo mereces&#8221;"},"content":{"rendered":"\n<div class=\"media_block\"><a href=\"http:\/\/latecordoba.com\/wp-content\/uploads\/2023\/02\/rafa-nadal-considero-que-messi-deberia-ganar-el-premio-laureus-tu-te-lo-mereces.jpg\"><img decoding=\"async\" src=\"http:\/\/latecordoba.com\/wp-content\/uploads\/2023\/02\/rafa-nadal-considero-que-messi-deberia-ganar-el-premio-laureus-tu-te-lo-mereces.jpg\" class=\"media_thumbnail\"><\/a><\/div>\n<div><img decoding=\"async\" src=\"http:\/\/latecordoba.com\/wp-content\/uploads\/2023\/02\/rafa-nadal-considero-que-messi-deberia-ganar-el-premio-laureus-tu-te-lo-mereces-1.jpg\" class=\"ff-og-image-inserted\"><\/div>\n<p>Buenos Aires, 20 febrero (NA) &#8212; El tenista espa\u00f1ol Rafael Nadal fue uno de los nominados a los Premios Laureus como deportista masculino internacional, pero consider\u00f3 que el ganador de este galard\u00f3n deber\u00eda ser el capit\u00e1n de la Selecci\u00f3n argentina campeona del mundo en Qatar 2022, Lionel Messi.<\/p>\n<p>&#8220;T\u00fa te lo mereces&#8221;, afirm\u00f3 Nadal, quien fue parte de la n\u00f3mina junto al futbolista franc\u00e9s Kylian Mbapp\u00e9; el campe\u00f3n de la F\u00f3rmula 1, Max Verstappen; el campe\u00f3n mundial sueco de salto con garrocha, Mondo Duplantis; y el campe\u00f3n de la NBA con Golden State Warriors, Stephen Curry.<\/p>\n<p>El reconocimiento al espa\u00f1ol se debe por la obtenci\u00f3n de los Grand Slam de Australia y Roland Garros, mientras que a Messi fue por la consagraci\u00f3n del Mundial Qatar 2022.<\/p>\n<p>&#8220;Es un honor volver a estar nominado como mejor deportista del a\u00f1o en los premios Laureus, pero este a\u00f1o&#8230; Vamos Leo Messi, te lo mereces t\u00fa&#8221;, public\u00f3 &#8220;Rafa&#8221; en su cuenta de Instagram.<\/p>\n<p>Messi ya gan\u00f3 este premio en 2020, mientras que Nadal lo obtuvo en 2011 y 2021.<\/p>\n<p>En tanto, la Selecci\u00f3n argentina fue nominada a Mejor equipo del a\u00f1o y comparte terna con la selecci\u00f3n femenina de f\u00fatbol de Inglaterra, la selecci\u00f3n masculina de rugby de Francia, el equipo de Golden State Warriors, Oracle Red Bull Racing de Austria y el Real Madrid de Espa\u00f1a.<\/p>\n<p>Por otro lado, Nadal felicit\u00f3 a su compatriota y n\u00famero 2 del ranking ATP, Carlos Alcaraz, tras ser nominado como uno de los deportistas de mayor progreso durante este a\u00f1o: &#8220;Enhorabuena por tu nominaci\u00f3n&#8221;, destac\u00f3.<\/p>\n","protected":false},"excerpt":{"rendered":"\n<div class=\"media_block\"><a href=\"http:\/\/latecordoba.com\/wp-content\/uploads\/2023\/02\/rafa-nadal-considero-que-messi-deberia-ganar-el-premio-laureus-tu-te-lo-mereces.jpg\"><img decoding=\"async\" src=\"http:\/\/latecordoba.com\/wp-content\/uploads\/2023\/02\/rafa-nadal-considero-que-messi-deberia-ganar-el-premio-laureus-tu-te-lo-mereces.jpg\" class=\"media_thumbnail\"><\/a><\/div>\n<p> Rafa Nadal consider\u00f3 que Messi deber\u00eda ganar el premio Laureus: &#34;T\u00fa te lo mereces&#34;  <\/p>\n","protected":false},"author":1,"featured_media":1432,"comment_status":"closed","ping_status":"closed","sticky":false,"template":"","format":"standard","meta":[],"categories":[17],"tags":[],"_links":{"self":[{"href":"https:\/\/latecordoba.com\/index.php\/wp-json\/wp\/v2\/posts\/1431"}],"collection":[{"href":"https:\/\/latecordoba.com\/index.php\/wp-json\/wp\/v2\/posts"}],"about":[{"href":"https:\/\/latecordoba.com\/index.php\/wp-json\/wp\/v2\/types\/post"}],"author":[{"embeddable":true,"href":"https:\/\/latecordoba.com\/index.php\/wp-json\/wp\/v2\/users\/1"}],"replies":[{"embeddable":true,"href":"https:\/\/latecordoba.com\/index.php\/wp-json\/wp\/v2\/comments?post=1431"}],"version-history":[{"count":0,"href":"https:\/\/latecordoba.com\/index.php\/wp-json\/wp\/v2\/posts\/1431\/revisions"}],"wp:featuredmedia":[{"embeddable":true,"href":"https:\/\/latecordoba.com\/index.php\/wp-json\/wp\/v2\/media\/1432"}],"wp:attachment":[{"href":"https:\/\/latecordoba.com\/index.php\/wp-json\/wp\/v2\/media?parent=1431"}],"wp:term":[{"taxonomy":"category","embeddable":true,"href":"https:\/\/latecordoba.com\/index.php\/wp-json\/wp\/v2\/categories?post=1431"},{"taxonomy":"post_tag","embeddable":true,"href":"https:\/\/latecordoba.com\/index.php\/wp-json\/wp\/v2\/tags?post=1431"}],"curies":[{"name":"wp","href":"https:\/\/api.w.org\/{rel}","templated":true}]}}