{"id":1423,"date":"2023-02-21T14:37:00","date_gmt":"2023-02-21T14:37:00","guid":{"rendered":"https:\/\/www.iprofesional.com\/tecnologia\/377705-como-se-configura-la-ubicacion-principal-en-netflix"},"modified":"2023-02-21T14:37:00","modified_gmt":"2023-02-21T14:37:00","slug":"se-termina-el-plazo-para-establecer-la-ubicacion-principal-en-netflix-como-se-configura-y-que-pasa-si-no-lo-haces","status":"publish","type":"post","link":"https:\/\/latecordoba.com\/index.php\/2023\/02\/21\/se-termina-el-plazo-para-establecer-la-ubicacion-principal-en-netflix-como-se-configura-y-que-pasa-si-no-lo-haces\/","title":{"rendered":"Se termina el plazo para establecer la ubicaci\u00f3n principal en Netflix, \u00bfc\u00f3mo se configura y qu\u00e9 pasa si no lo hac\u00e9s?"},"content":{"rendered":"\n<div class=\"media_block\"><img decoding=\"async\" src=\"http:\/\/latecordoba.com\/wp-content\/uploads\/2023\/02\/se-termina-el-plazo-para-establecer-la-ubicacion-principal-en-netflix-como-se-configura-y-que-pasa-si-no-lo-haces.jpg\"><\/div>\n<div id>\n<p> La compa\u00f1\u00eda advirti\u00f3 que quienes no activen esta opci\u00f3n de forma manual tendr\u00e1n una localizaci\u00f3n asignada autom\u00e1ticamente que podr\u00eda no ser la real <\/p>\n<p>Por <strong>iProfesional<\/strong><\/p>\n<p><strong>21\/02\/2023<\/strong> &#8211; 11,37hs<\/p>\n<div class=\"image-container img-wide padding-b\"> <picture><source media=\"(min-width:650px)\" srcset=\"http:\/\/latecordoba.com\/wp-content\/uploads\/2023\/02\/se-termina-el-plazo-para-establecer-la-ubicacion-principal-en-netflix-como-se-configura-y-que-pasa-si-no-lo-haces.webp\" class=\"lazyload\"><source media=\"(min-width:465px)\" srcset=\"http:\/\/latecordoba.com\/wp-content\/uploads\/2023\/02\/se-termina-el-plazo-para-establecer-la-ubicacion-principal-en-netflix-como-se-configura-y-que-pasa-si-no-lo-haces.webp\" class=\"lazyload\"><img decoding=\"async\" loading=\"lazy\" src=\"http:\/\/latecordoba.com\/wp-content\/uploads\/2023\/02\/se-termina-el-plazo-para-establecer-la-ubicacion-principal-en-netflix-como-se-configura-y-que-pasa-si-no-lo-haces.webp\" class=\"lazyload\" alt=\"Se termina el plazo para establecer la ubicaci\u00f3n principal en Netflix, \u00bfc\u00f3mo se configura y qu\u00e9 pasa si no lo hac\u00e9s?\" width=\"160\" height=\"714px\"> <\/picture> <\/div>\n<\/p><\/div>\n<div readability=\"62.716079384366\">\n<p>En los \u00faltimos meses, <a href=\"https:\/\/www.iprofesional.com\/actualidad\/376974-contramarcha-netflix-no-bloqueara-las-cuentas-compartidas\" target=\"_blank\" rel=\"noopener\">Netflix se volvi\u00f3 terminante con su norma de compartir cuenta \u00fanicamente con usuarios que convivan en un mismo domicilio<\/a>. La compa\u00f1\u00eda anunci\u00f3 que los suscriptores tendr\u00edan que establecer una <strong>ubicaci\u00f3n principal <\/strong>desde la que los perfiles se tendr\u00edan que conectar al menos una vez cada 31 d\u00edas para que se pudiesen asegurar de que compart\u00edan vivienda.\n<\/p>\n<p>La firma puso una fecha l\u00edmite para que sus clientes pusiesen la ubicaci\u00f3n principal y se est\u00e1 por cumplir. Algunos internautas est\u00e1n viendo en las pantallas de sus dispositivos un mensaje que pone que &#8220;la cuenta de<strong> Netflix <\/strong>es para las personas que viven en la misma casa&#8221; como advertencia de que realmente se van a poner duros con sus m\u00e9todos para evitar la pr\u00e1ctica extendida de compartir cuenta.\n<\/p>\n<p>La plataforma establecer\u00e1 una ubicaci\u00f3n principal de forma autom\u00e1tica si los propietarios de las cuentas no lo hacen. Teniendo en cuenta que ha habido quejas por parte de usuarios que les llegan avisos de que <strong>Netflix <\/strong>detecta que un dispositivo de su domicilio se ha conectado desde otra ciudad, lo m\u00e1s conveniente es que los internautas lo realicen de forma manual.\n<\/p>\n<h2>\u00bfC\u00f3mo configurar la ubicaci\u00f3n principal?<\/h2>\n<p>Cuando los usuarios se conectan, les sale una ventana en la que les invitan a<strong> \u2018Configurar por correo\u2019 o \u2018Configurar m\u00e1s tarde\u2019.<\/strong> En la primera opci\u00f3n, se enviar\u00e1 unas instrucciones por correo para hacerlo y, en la segunda, se le da consentimiento a Netflix a que establezca una ubicaci\u00f3n como principal autom\u00e1ticamente.\n<\/p>\n<p>En el caso de que <strong>Netflix<\/strong> configure una ubicaci\u00f3n por su cuenta, siempre se podr\u00e1 corregir a trav\u00e9s del men\u00fa \u2018Obtener ayuda\u2019 disponible en la aplicaci\u00f3n para televisores inteligentes.\n<\/p>\n<div class=\"imagen\" readability=\"8\"><img decoding=\"async\" loading=\"lazy\" class=\"lazyload\" src=\"http:\/\/latecordoba.com\/wp-content\/uploads\/2023\/02\/se-termina-el-plazo-para-establecer-la-ubicacion-principal-en-netflix-como-se-configura-y-que-pasa-si-no-lo-haces-1.jpg\" alt=\"La compa\u00f1\u00eda advirti\u00f3 que quienes no activen esta opci\u00f3n de forma manual tendr\u00e1n una localizaci\u00f3n asignada autom\u00e1ticamente que podr\u00eda no ser la real\" width=\"880\" height=\"495\"><\/p>\n<p>La compa\u00f1\u00eda advirti\u00f3 que quienes no activen esta opci\u00f3n de forma manual tendr\u00e1n una localizaci\u00f3n asignada autom\u00e1ticamente que podr\u00eda no ser la real<\/p>\n<\/div>\n<div class=\"tepuedeinteresar\">\n<p>Te puede interesar<\/p>\n<\/p><\/div>\n<p>Esta medida podr\u00eda suponer que otras <strong>Smart TV<\/strong> conectadas a la cuenta desde otra ubicaci\u00f3n o WiFi dom\u00e9stica cierren sesi\u00f3n. Si se trata de una segunda residencia, bastar\u00e1 con dar acceso con un c\u00f3digo o cambiar la ubicaci\u00f3n principal cada vez que el usuario se traslade. No obstante, si se trataba de una cuenta compartida, lo m\u00e1s c\u00f3modo es optar por una suscripci\u00f3n extra o crear otra cuenta y transferir el perfil.<\/p>\n<\/p><\/div>\n","protected":false},"excerpt":{"rendered":"\n<div class=\"media_block\"><img decoding=\"async\" src=\"http:\/\/latecordoba.com\/wp-content\/uploads\/2023\/02\/se-termina-el-plazo-para-establecer-la-ubicacion-principal-en-netflix-como-se-configura-y-que-pasa-si-no-lo-haces.jpg\"><\/div>\n<p> La compa\u00f1\u00eda advirti\u00f3 que quienes no activen esta opci\u00f3n de forma manual tendr\u00e1n una localizaci\u00f3n asignada autom\u00e1ticamente que podr\u00eda no ser la real <iframe width=\"0\" height=\"0\" border=\"0\"> <script> (function(i,s,o,g,r,a,m){i['GoogleAnalyticsObject']=r;i[r]=i[r]||function(){ (i[r].q=i[r].q||[]).push(arguments)},i[r].l=1*new Date();a=s.createElement(o), m=s.getElementsByTagName(o)[0];a.async=1;a.src=g;m.parentNode.insertBefore(a,m) })(window,document,'script','https:\/\/www.google-analytics.com\/analytics.js','ga'); ga('create', 'GTM-5LW5KQD', 'auto'); ga('require', 'displayfeatures'); ga('set', 'campaignSource', 'RSS Client for iProfesional'); ga('set', 'campaignMedium', 'RSS Client for iProfesional'); ga('set', {\"dataSource\": \"rss.atom.iprofesional.com\"}); ga('set', {\"referrer\": \"rss.atom.iprofesional.com\"}); ga('set', 'title', 'RSS Client for iProfesional'); ga('send', 'pageview'); <\/script> <!-- Begin comScore Tag --> <script>\nvar _comscore = _comscore || [];\n_comscore.push({ c1: \"2\", c2: \"37240992\" });\n(function() {\nvar s = document.createElement(\"script\"), el = document.getElementsByTagName(\"script\")[0]; s.async = true;\ns.src = \"https:\/\/sb.scorecardresearch.com\/cs\/37240992\/beacon.js\";\nel.parentNode.insertBefore(s, el);\n})(); <\/script> <noscript> <img decoding=\"async\" src=\"http:\/\/latecordoba.com\/wp-content\/uploads\/2023\/02\/se-termina-el-plazo-para-establecer-la-ubicacion-principal-en-netflix-como-se-configura-y-que-pasa-si-no-lo-haces.gif\"> <\/noscript> <!-- End comScore Tag --> <\/iframe>  <\/p>\n","protected":false},"author":1,"featured_media":1424,"comment_status":"open","ping_status":"closed","sticky":false,"template":"","format":"standard","meta":[],"categories":[13],"tags":[],"_links":{"self":[{"href":"https:\/\/latecordoba.com\/index.php\/wp-json\/wp\/v2\/posts\/1423"}],"collection":[{"href":"https:\/\/latecordoba.com\/index.php\/wp-json\/wp\/v2\/posts"}],"about":[{"href":"https:\/\/latecordoba.com\/index.php\/wp-json\/wp\/v2\/types\/post"}],"author":[{"embeddable":true,"href":"https:\/\/latecordoba.com\/index.php\/wp-json\/wp\/v2\/users\/1"}],"replies":[{"embeddable":true,"href":"https:\/\/latecordoba.com\/index.php\/wp-json\/wp\/v2\/comments?post=1423"}],"version-history":[{"count":0,"href":"https:\/\/latecordoba.com\/index.php\/wp-json\/wp\/v2\/posts\/1423\/revisions"}],"wp:featuredmedia":[{"embeddable":true,"href":"https:\/\/latecordoba.com\/index.php\/wp-json\/wp\/v2\/media\/1424"}],"wp:attachment":[{"href":"https:\/\/latecordoba.com\/index.php\/wp-json\/wp\/v2\/media?parent=1423"}],"wp:term":[{"taxonomy":"category","embeddable":true,"href":"https:\/\/latecordoba.com\/index.php\/wp-json\/wp\/v2\/categories?post=1423"},{"taxonomy":"post_tag","embeddable":true,"href":"https:\/\/latecordoba.com\/index.php\/wp-json\/wp\/v2\/tags?post=1423"}],"curies":[{"name":"wp","href":"https:\/\/api.w.org\/{rel}","templated":true}]}}