{"id":1415,"date":"2023-02-21T11:00:00","date_gmt":"2023-02-21T11:00:00","guid":{"rendered":"https:\/\/www.iprofesional.com\/finanzas\/377594-inflacion-sin-freno-puede-romper-la-barrera-del-100-anual"},"modified":"2023-02-21T11:00:00","modified_gmt":"2023-02-21T11:00:00","slug":"la-inflacion-camino-a-romper-la-temida-barrera-del-100-por-que-vuelven-a-trepar-los-precios","status":"publish","type":"post","link":"https:\/\/latecordoba.com\/index.php\/2023\/02\/21\/la-inflacion-camino-a-romper-la-temida-barrera-del-100-por-que-vuelven-a-trepar-los-precios\/","title":{"rendered":"La inflaci\u00f3n, camino a romper la temida barrera del 100%: \u00bfpor qu\u00e9 vuelven a trepar los precios?"},"content":{"rendered":"\n<div class=\"media_block\"><img decoding=\"async\" src=\"http:\/\/latecordoba.com\/wp-content\/uploads\/2023\/02\/la-inflacion-camino-a-romper-la-temida-barrera-del-100-por-que-vuelven-a-trepar-los-precios.jpg\"><\/div>\n<p><span>Tras el dato de la <a href=\"https:\/\/www.iprofesional.com\/economia\/377456-alerta-por-los-precios-esta-fue-la-inflacion-de-enero-2023\" target=\"_blank\" rel=\"noopener\">inflaci\u00f3n de enero <\/a>de 6%, el costo de vida de febrero se consolida en un piso cercano a ese guarismo<\/span>, seg\u00fan las estimaciones de consultoras privadas en base a los datos relevados en la primera quincena de este mes.\n<\/p>\n<p>De acuerdo con los c\u00e1lculos privados, el \u00edndice de Precios al Consumidor <strong>rondar\u00e1 entre 5,5% y 7%.<\/strong> De esta manera,&nbsp;<strong>la tasa de inflaci\u00f3n interanual superar\u00e1 los tres d\u00edgitos<\/strong>, algo que el Gobierno logr\u00f3 evitar que sucediera durante el 2022.\n<\/p>\n<p>Para la consultora Eco Go, la inflaci\u00f3n interanual en enero ser\u00e1 <strong>101,7%<\/strong>, para el estudio de Orlando Ferreres estar\u00e1 en <strong>102,5%<\/strong> anual, mientras que en EconViews y la Fundaci\u00f3n Libertad y Progreso tambi\u00e9n prev\u00e9n que est\u00e9 <strong>arriba de 100%<\/strong>.\n<\/p>\n<p>As\u00ed, <strong>Sebasti\u00e1n Menescaldi,<\/strong> director de Eco Go, resalt\u00f3 que<span> &#8220;es la primera vez desde octubre de 1991 (102,4%) que la inflaci\u00f3n interanual superar\u00e1 la barrera del 100% anual.<\/span>\n<\/p>\n<p>A contramano del plan del ministro de Econom\u00eda Sergio Massa, que aspiraba con la renovaci\u00f3n del plan Precios Justos que en abril la cifra de inflaci\u00f3n empezara con un 3 por delante, los economistas vislumbran que <strong>el costo de vida no perforar\u00e1 el piso del 5% en los pr\u00f3ximos mese<\/strong>s, en un contexto de escasez de divisas y exceso de pesos.\n<\/p>\n<h2>Inflaci\u00f3n febrero: se consolida el rebote de los precios<\/h2>\n<p>En ACM estimaron que la inflaci\u00f3n rondar\u00eda 5,5%, en EconViews calcularon entre 5,6% y 5,8%, en C&amp;T Asesores econ\u00f3micos 6%. En Eco Go la recalcularon por la fuerte suba de alimentos en las dos primeras semanas del mes y prev\u00e9n 6,1%. En tanto, en el Centro de Estudios Econ\u00f3micos Orlando Ferreres prev\u00e9n que ser\u00e1 de 6,6%, mientras que en Facimex Valores pronostican que llegar\u00e1 a 7%.\n<\/p>\n<div class=\"imagen\" readability=\"7\"><img decoding=\"async\" loading=\"lazy\" class=\"lazyload\" src=\"http:\/\/latecordoba.com\/wp-content\/uploads\/2023\/02\/la-inflacion-camino-a-romper-la-temida-barrera-del-100-por-que-vuelven-a-trepar-los-precios-1.jpg\" alt=\"La tasa se inflaci\u00f3n interanual de febrero superar\u00e1 los tres d\u00edgitos, por primera vez desde 1991\" width=\"880\" height=\"495\"><\/p>\n<p>La tasa de inflaci\u00f3n interanual de febrero superar\u00e1 los tres d\u00edgitos por primera vez desde 1991<\/p>\n<\/div>\n<p><strong>Eco Go<\/strong> dijo que <span>la aceleraci\u00f3n de la inflaci\u00f3n en febrero &#8220;se debe, en t\u00e9rminos generales, a <a href=\"https:\/\/www.iprofesional.com\/economia\/377492-inflacion-el-precio-de-la-carne-presiona-al-indice-de-febrero\" target=\"_blank\" rel=\"noopener\">un nuevo salto en el precio de la carne<\/a>, el cual traccion\u00f3 los precios de los alimentos, y se suma a incremento del 4,3% en el precio de los medicamentos&#8221;.<\/span>\n<\/p>\n<p>&#8220;Los productos regulados impulsan el indicador en general del mes al alza, destac\u00e1ndose los aumentos en prepagas de 8,2% para el segmento de mayores ingresos y de 4,9% para los de menores ingresos, telefon\u00eda m\u00f3vil y servicios de cable (9,8%), tarifas de electricidad (16,1%), servicio dom\u00e9stico (6,5%) y aumento de 3,8% en los combustibles a mitad de mes&#8221;.\n<\/p>\n<p>Por su parte, <strong>Ecolatina<\/strong> indic\u00f3 que el IPC que releva en GBA trep\u00f3 en la <strong>primera quincena de febrero<\/strong> al <strong>6,1%<\/strong>, &#8220;dando cuenta que el rebote inflacionario de enero se estar\u00eda consolidando&#8221;. Y subray\u00f3 el<strong> <\/strong>crecimiento de la inflaci\u00f3n n\u00facleo (+7,3%).\n<\/p>\n<p>A su vez, <strong>Eugenio Mar\u00ed,<\/strong> economista jefe de la Fundaci\u00f3n Libertad y Progreso, precis\u00f3 que &#8220;el IPC LyP mostr\u00f3 un avance de 5,8% mensual durante la primera quincena del mes&#8221;, y remarc\u00f3 que &#8220;u<span>na cuesti\u00f3n relevante es que febrero est\u00e1 apuntando a una aceleraci\u00f3n en la inflaci\u00f3n n\u00facleo&#8221;.<\/span>\n<\/p>\n<h2>\u00bfQu\u00e9 pasa con los precios de los alimentos?<\/h2>\n<p>Pese a la renovaci\u00f3n del programa <a href=\"https:\/\/www.iprofesional.com\/economia\/376717-precios-justos-mas-productos-y-menores-aumentos-hasta-cuando\" target=\"_blank\" rel=\"noopener\">Precios Justos<\/a>, el precio de los alimentos en febrero otra vez se ubicar\u00e1 por arriba del nivel general de inflaci\u00f3n.\n<\/p>\n<p>Mar\u00ed se\u00f1al\u00f3 que &#8220;Alimentos y Bebidas no alcoh\u00f3licas apunta a cerrar levemente por encima del 6%, empujado por incrementos en el precio de la carne por encima del 20%&#8221;, se\u00f1al\u00f3.\n<\/p>\n<div class=\"imagen\" readability=\"9\"><img decoding=\"async\" loading=\"lazy\" class=\"lazyload\" src=\"http:\/\/latecordoba.com\/wp-content\/uploads\/2023\/02\/la-inflacion-camino-a-romper-la-temida-barrera-del-100-por-que-vuelven-a-trepar-los-precios-2.jpg\" alt=\"La inflaci\u00f3n en alimentos se aceler\u00f3 en primera quincena de febrero, y en el mes crecer\u00e1 por arriba del IPC general\" width=\"880\" height=\"495\"><\/p>\n<p>La inflaci\u00f3n en alimentos se aceler\u00f3 en primera quincena de febrero, y en el mes crecer\u00e1 por arriba del IPC general<\/p>\n<\/div>\n<p>A su vez, <strong>Maria Castiglioni,<\/strong> directora de C&amp;T, resalt\u00f3 que en la primera quincena <span>&#8220;viene aceler\u00e1ndose la inflaci\u00f3n de alimentos, sobre todo por el precio de la carne, pero tambi\u00e9n suben frutas, l\u00e1cteos y comidas listas para llevar&#8221;<\/span>.\n<\/p>\n<p>As\u00ed, la economista proyect\u00f3 que ese rubro<strong> registrar\u00eda en el mes un alza cercana a 7,5%<\/strong>. En Eco Go tambi\u00e9n proyectaron un incremento mensual de ese sector de 7,3%.\n<\/p>\n<p>Asimismo,<strong> Camila Antequera,<\/strong> de la consultora Ferreres, sostuvo que &#8220;considerando las dos primeras semanas de febrero, el rubro Alimentos acumula un incremento de 6,7% mensual, mientras que en las dos primeras semanas de enero hab\u00eda acumulado un 4,1% mensual&#8221;, y atribuy\u00f3 la aceleraci\u00f3n a las subas en carnes y frutas&#8221;.\n<\/p>\n<p>El sondeo de la primera quincena de<strong> Ecolatina <\/strong>arroj\u00f3 que el rubro <strong>Alimentos y bebidas trep\u00f3 9,2%<\/strong> y estuvo traccionado principalmente por el salto en los precios de la carne vacuna (+22,2%), tras el incremento del 40% en los precios de la hacienda en pie desde la segunda quincena de enero. De esta forma, <strong>la carne vacuna explic\u00f3 casi 1,3 puntos porcentuales del incremento del nivel general<\/strong>.&nbsp;Resalt\u00f3 tambi\u00e9n el aumento de Frutas (+15,8%) y Productos l\u00e1cteos y huevos (+7,0%).\n<\/p>\n<p>&#8220;Los productos asociados al consumo masivo lograron trepar por debajo del promedio, dando cuenta de cierto impacto del programa Precios Justos, que congela cerca de 2.000 productos y pauta en 3,2% el aumento mensual de otros casi 50.000 hasta junio inclusive&#8221;, puntualiz\u00f3.\n<\/p>\n<h2>Inflaci\u00f3n: \u00bfc\u00f3mo puede afectar la escasez de d\u00f3lares?<\/h2>\n<p>Para los economistas, la escasez de divisas por la menor liquidaci\u00f3n del agro y el <a href=\"https:\/\/www.iprofesional.com\/economia\/376255-sequia-historica-asi-impactara-en-la-economia-argentina\" target=\"_blank\" rel=\"noopener\">impacto de la sequ\u00eda<\/a>, que perjudica a las reservas del Banco Central, tambi\u00e9n es una complicaci\u00f3n en el plan oficial de querer bajar la inflaci\u00f3n.\n<\/p>\n<div class=\"imagen\" readability=\"7\"><img decoding=\"async\" loading=\"lazy\" class=\"lazyload\" src=\"http:\/\/latecordoba.com\/wp-content\/uploads\/2023\/02\/la-inflacion-camino-a-romper-la-temida-barrera-del-100-por-que-vuelven-a-trepar-los-precios-3.jpg\" alt=\"El precio de la carne impuls\u00f3 al alza la inflaci\u00f3n en el rubro alimentos en febrero\" width=\"880\" height=\"495\"><\/p>\n<p>El precio de la carne impuls\u00f3 al alza la inflaci\u00f3n en el rubro alimentos en febrero<\/p>\n<\/div>\n<p>En este contexto, Menescaldi plante\u00f3 que &#8220;<span> Precios Justos tuvo \u00e9xito entre noviembre y diciembre, pero se empez\u00f3 a deshilachar porque no hay d\u00f3lares. El compromiso que ten\u00edan con las empresas (de que puedan acceden al mercado cambiario oficial) ya no es tan as\u00ed&#8221;<\/span>\n<\/p>\n<p>&#8220;Al no haber d\u00f3lares, la fuerza del acuerdo se diluye y eso implica que empresarios se cubren y aumentan m\u00e1s los precios, se est\u00e1 empezando a ver eso. Lo que tiene Precios Justos es que est\u00e1 muy focalizado en supermercados pero deja de lado lo tradicional. Entonces, las empresas lo mantienen pero abastecen menos por los canales oficiales de supermercados y empiezan a abastecer por los otros canales, de autoservicios, mayoristas a otros precios&#8221;, explic\u00f3. Y asegur\u00f3 que &#8220;hay un problema de oferta que complica todo y no va a permitir bajar la inflaci\u00f3n de manera consistente&#8221;.\n<\/p>\n<p>A su vez, <strong>Antequera <\/strong>asever\u00f3 que &#8220;la aceleraci\u00f3n inflacionaria de enero no es un dato puntual, sino que es una tendencia que va a repetirse en los pr\u00f3ximos meses apoyada en fundamentos macroecon\u00f3micos&#8221;, y uno de ellos &#8220;es el cambiario, porque la escasez de divisas dificulta la posibilidad de bajar la inflaci\u00f3n ya que complica el anclaje del tipo de cambio&#8221;.\n<\/p>\n<p>Por su parte,<strong> Isa\u00edas Marini<\/strong>, economista de EconViews aleg\u00f3 que &#8220;ser\u00e1 dif\u00edcil sostener la promesa de acceso a las divisas porque la sequ\u00eda implica una oferta mucho m\u00e1s baja, y sin ello el programa se cae&#8221;.\n<\/p>\n<p>En <strong>Ecolatina<\/strong> coincidieron con esa mirada: &#8220;La perspectiva de una persistencia en la escasez de divisas dificultar\u00e1 el cumplimiento de la parte que le toca al Gobierno en Precios Justos: garantizar un mayor acceso al mercado de cambios, por lo cual la estrategia oficial presentar\u00e1 riesgos en los meses que siguen&#8221;.\n<\/p>\n<p>De igual diagn\u00f3stico, <strong>Mari<\/strong> remarc\u00f3 que &#8220;el Gobierno sostiene artificialmente el tipo de cambio oficial con un cepo cada vez m\u00e1s duro, pero <span>con la demanda de dinero sin recuperarse y, adem\u00e1s, con un shock productivo negativo como fue la sequ\u00eda. La \u00fanica forma de sostener el esquema ser\u00e1 restringiendo a\u00fan m\u00e1s el acceso a divisas al tipo de cambio oficial&#8221;.<\/span>\n<\/p>\n<div class=\"imagen\" readability=\"8\"><img decoding=\"async\" loading=\"lazy\" class=\"lazyload\" src=\"http:\/\/latecordoba.com\/wp-content\/uploads\/2023\/02\/la-inflacion-camino-a-romper-la-temida-barrera-del-100-por-que-vuelven-a-trepar-los-precios-4.jpg\" alt=\"Analistas advierten que escasez de divisas dificultar\u00e1 cumplir promesa a empresas que aceptaron el plan Precios Justos\" width=\"880\" height=\"495\"><\/p>\n<p>Analistas advierten que escasez de divisas dificultar\u00e1 cumplir promesa a empresas que aceptaron el plan Precios Justos<\/p>\n<\/div>\n<h2>Inflaci\u00f3n: \u00bfqu\u00e9 se prev\u00e9 para los pr\u00f3ximos meses?<\/h2>\n<p><strong>Menescaldi<\/strong> anticipa que habr\u00e1 &#8220;<span>un ritmo mensual de 5% o 6% todo el a\u00f1o si no surge ninguna disrupci\u00f3n financiera, porque si no, corr\u00e9s el riesgo de que esos n\u00fameros sean mayores&#8221;.<\/span> Aunque acot\u00f3 que, dado que es un a\u00f1o electoral, &#8220;hay que ver qu\u00e9 pasa con la pol\u00edtica, porque quiz\u00e1s dicen todos los aumentos regulados previstos no los damos, pero eso es barrer la suba de precios bajo la alfombra y en alg\u00fan momento va a aparecer&#8221;.\n<\/p>\n<p>En <strong>Ecolatina <\/strong>advirtieron que &#8220;hacia adelant<span>e, distintos factores seguir\u00e1n presionando sobre una inercia inflacionaria dif\u00edcil de desarmar en el corto plazo&#8221;<\/span>.\n<\/p>\n<p>&#8220;Entre ellos, el impacto de la sequ\u00eda sobre el precio de algunos alimentos; el traslado al consumidor del ajuste en los precios de la hacienda vacuna; la din\u00e1mica de los ajustes salariales en un a\u00f1o de elecciones; los incrementos pendientes en las tarifas de servicios p\u00fablicos; un crawling peg cambiario m\u00e1s alineado con la inflaci\u00f3n; las restricciones sobre las importaciones y tensiones sobre la brecha y las expectativas de devaluaci\u00f3n en medio de la transici\u00f3n electoral&#8221;, enumeraron.\n<\/p>\n<p>Asimismo, <strong>Marini<\/strong> argument\u00f3 que &#8220;m\u00e1s all\u00e1 de algunas pol\u00edticas de car\u00e1cter m\u00e1s ortodoxo, como la reducci\u00f3n del d\u00e9ficit, no existe un plan de estabilizaci\u00f3n integral para bajar la inflaci\u00f3n ni lo va a haber durante este gobierno. Entonces, la inercia es muy dif\u00edcil de bajar sin un cambio en las expectativas&#8221;.\n<\/p>\n<div class=\"tepuedeinteresar\">\n<p>Te puede interesar<\/p>\n<\/p><\/div>\n<p>Para <strong>Mar\u00ed, <\/strong>&#8220;el problema de fondo es que este a\u00f1o el sector p\u00fablico apunta a cerrar con un d\u00e9ficit fiscal consolidado en el orden de 8% del PBI. Gran parte se financiar\u00e1 de manera directa o indirecta con emisi\u00f3n monetaria. Bajo este paraguas, es dif\u00edcil esperar una baja en la inflaci\u00f3n&#8221;.<\/p>\n","protected":false},"excerpt":{"rendered":"\n<div class=\"media_block\"><img decoding=\"async\" src=\"http:\/\/latecordoba.com\/wp-content\/uploads\/2023\/02\/la-inflacion-camino-a-romper-la-temida-barrera-del-100-por-que-vuelven-a-trepar-los-precios.jpg\"><\/div>\n<p> Ser\u00e1 la primera vez desde octubre de 1991 que la inflaci\u00f3n interanual supere el 100%. \u00bfQu\u00e9 esperan los analistas para los pr\u00f3ximos meses? <iframe width=\"0\" height=\"0\" border=\"0\"> <script> (function(i,s,o,g,r,a,m){i['GoogleAnalyticsObject']=r;i[r]=i[r]||function(){ (i[r].q=i[r].q||[]).push(arguments)},i[r].l=1*new Date();a=s.createElement(o), m=s.getElementsByTagName(o)[0];a.async=1;a.src=g;m.parentNode.insertBefore(a,m) })(window,document,'script','https:\/\/www.google-analytics.com\/analytics.js','ga'); ga('create', 'GTM-5LW5KQD', 'auto'); ga('require', 'displayfeatures'); ga('set', 'campaignSource', 'RSS Client for iProfesional'); ga('set', 'campaignMedium', 'RSS Client for iProfesional'); ga('set', {\"dataSource\": \"rss.atom.iprofesional.com\"}); ga('set', {\"referrer\": \"rss.atom.iprofesional.com\"}); ga('set', 'title', 'RSS Client for iProfesional'); ga('send', 'pageview'); <\/script> <!-- Begin comScore Tag --> <script>\nvar _comscore = _comscore || [];\n_comscore.push({ c1: \"2\", c2: \"37240992\" });\n(function() {\nvar s = document.createElement(\"script\"), el = document.getElementsByTagName(\"script\")[0]; s.async = true;\ns.src = \"https:\/\/sb.scorecardresearch.com\/cs\/37240992\/beacon.js\";\nel.parentNode.insertBefore(s, el);\n})(); <\/script> <noscript> <img decoding=\"async\" src=\"http:\/\/latecordoba.com\/wp-content\/uploads\/2023\/02\/la-inflacion-camino-a-romper-la-temida-barrera-del-100-por-que-vuelven-a-trepar-los-precios.gif\"> <\/noscript> <!-- End comScore Tag --> <\/iframe>  <\/p>\n","protected":false},"author":1,"featured_media":1416,"comment_status":"closed","ping_status":"closed","sticky":false,"template":"","format":"standard","meta":[],"categories":[18],"tags":[],"_links":{"self":[{"href":"https:\/\/latecordoba.com\/index.php\/wp-json\/wp\/v2\/posts\/1415"}],"collection":[{"href":"https:\/\/latecordoba.com\/index.php\/wp-json\/wp\/v2\/posts"}],"about":[{"href":"https:\/\/latecordoba.com\/index.php\/wp-json\/wp\/v2\/types\/post"}],"author":[{"embeddable":true,"href":"https:\/\/latecordoba.com\/index.php\/wp-json\/wp\/v2\/users\/1"}],"replies":[{"embeddable":true,"href":"https:\/\/latecordoba.com\/index.php\/wp-json\/wp\/v2\/comments?post=1415"}],"version-history":[{"count":0,"href":"https:\/\/latecordoba.com\/index.php\/wp-json\/wp\/v2\/posts\/1415\/revisions"}],"wp:featuredmedia":[{"embeddable":true,"href":"https:\/\/latecordoba.com\/index.php\/wp-json\/wp\/v2\/media\/1416"}],"wp:attachment":[{"href":"https:\/\/latecordoba.com\/index.php\/wp-json\/wp\/v2\/media?parent=1415"}],"wp:term":[{"taxonomy":"category","embeddable":true,"href":"https:\/\/latecordoba.com\/index.php\/wp-json\/wp\/v2\/categories?post=1415"},{"taxonomy":"post_tag","embeddable":true,"href":"https:\/\/latecordoba.com\/index.php\/wp-json\/wp\/v2\/tags?post=1415"}],"curies":[{"name":"wp","href":"https:\/\/api.w.org\/{rel}","templated":true}]}}