{"id":1413,"date":"2023-02-15T14:36:19","date_gmt":"2023-02-15T14:36:19","guid":{"rendered":"https:\/\/ar.marca.com\/claro\/futbol-internacional\/barcelona\/2023\/02\/15\/63eceb3ce2704e69058b45e8.html"},"modified":"2023-02-15T14:36:19","modified_gmt":"2023-02-15T14:36:19","slug":"el-barcelona-pago-14-millones-de-euros-a-un-ex-arbitro","status":"publish","type":"post","link":"https:\/\/latecordoba.com\/index.php\/2023\/02\/15\/el-barcelona-pago-14-millones-de-euros-a-un-ex-arbitro\/","title":{"rendered":"El Barcelona pag\u00f3 1,4 millones de euros a un ex \u00e1rbitro"},"content":{"rendered":"\n<div class=\"media_block\"><a href=\"https:\/\/e00-ar-marca.uecdn.es\/claro\/assets\/multimedia\/imagenes\/2023\/02\/15\/16764720712693.png\"><img decoding=\"async\" src=\"http:\/\/latecordoba.com\/wp-content\/uploads\/2023\/02\/el-barcelona-pago-14-millones-de-euros-a-un-ex-arbitro.png\" class=\"media_thumbnail\"><\/a><\/div>\n<p><h2 class=\"section-title-group izquierda\"><span class=\"section-type\">FC Barcelona<\/span>&nbsp;<span class=\"subsection-type\">La Fiscal\u00eda investiga a una empresa de Enr\u00edquez Negreira<\/span><\/h2>\n<\/p>\n<div readability=\"102.39137214137\">\n<figure class=\"multimedia-item image\"><img decoding=\"async\" src=\"http:\/\/latecordoba.com\/wp-content\/uploads\/2023\/02\/el-barcelona-pago-14-millones-de-euros-a-un-ex-arbitro-1.png\" class=\"full-image\"><figcaption class=\"caption\"><i class=\"icon-caption-photo\"><\/i><span>Enr\u00edquez Negreira, en la actualidad y en su etapa de \u00e1rbitro.<\/span><\/figcaption><\/figure>\n<aside class=\"aside-tools byline-tools\"><\/aside>\n<p><span class=\"capital-letter\">E<\/span>l excolegiado <strong>Jos\u00e9 Mar\u00eda Enr\u00edquez Negreira<\/strong> fue vicepresidente del <strong>Comit\u00e9 T\u00e9cnico de \u00c1rbitros<\/strong> de la Real Federaci\u00f3n Espa\u00f1ola de F\u00fatbol desde <strong>1994 hasta 2018.<\/strong> Y entre 2016 y 2018 <strong>el F\u00fatbol Club Barcelona, seg\u00fan investiga la Fiscal\u00eda de la Ciudad Condal, pag\u00f3 la cantidad de 1,4 millones de euros a DASNIL 95<\/strong>, una empresa propiedad del excolegiado, de acuerdo con la informaci\u00f3n que ha destapado <strong>el programa &#8216;Qu\u00e9 t&#8217;hi jugues&#8217; de SER Catalunya.<\/strong> Negreira fue tambi\u00e9n \u00e1rbitro de Primera divisi\u00f3n durante 13 temporadas.<\/p>\n<p>De acuerdo con este programa radiof\u00f3nico, el club azulgrana pag\u00f3 a DASNIL 95 SL <strong>532.728,02 euros en el a\u00f1o 2016, 541.752 en 2017 y 318.200 en 2018.<\/strong> La investigaci\u00f3n se inicia a ra\u00edz de una <strong>inspecci\u00f3n fiscal a la citada empresa por la tributaci\u00f3n de esos 1,4 millones de euros.<\/strong><\/p>\n<p><strong>Enr\u00edquez Negreira<\/strong> y su hijo ya han prestado declaraci\u00f3n ante la Fiscal\u00eda. El exvicepresidente del Comit\u00e9 T\u00e9cnico de \u00c1rbitros ha asegurado a la SER que <strong>nunca hubo trato de favor al conjunto azulgrana<\/strong> y que esos pagos, de los que no ha aportado facturas, se deb\u00edan a <strong>un trabajo de asesor\u00eda<\/strong>, que consist\u00eda en explicar a los jugadores c\u00f3mo se deb\u00edan comportar durante los encuentros con los colegiados. <strong>Tambi\u00e9n les daba recomendaciones sobre lo que pod\u00edan hacer o no en funci\u00f3n de qui\u00e9n fuera el colegiado<\/strong> que arbitraba el partido. No obstante, seg\u00fan se recoge en la declaraci\u00f3n de Negreira ante la Agencia Tributaria, el exvicepresidente del Comit\u00e9 T\u00e9cnico de \u00c1rbitros <strong>&#8220;no aport\u00f3 ning\u00fan documento que acreditara que prestaba un servicio al Barcelona&#8221;.<\/strong><\/p>\n<figure class=\"ue-c-article__media ue-c-article--media-icon-m-from-tablet ue-c-article__media--image \" readability=\"1\">\n<div class=\"ue-c-article__media-img-container ue-l-article--expand-edge-right-until-tablet ue-l-article--expand-edge-left-until-tablet\" readability=\"7\"><img decoding=\"async\" loading=\"lazy\" class=\"ue-c-article__media--image\" src=\"http:\/\/latecordoba.com\/wp-content\/uploads\/2023\/02\/el-barcelona-pago-14-millones-de-euros-a-un-ex-arbitro.jpg\" width=\"660\" height=\"501\"> Enr\u00edquez Negreira muestra una cartulina durante su etapa como colegiado. <\/div>\n<\/figure>\n<p>Citado por el mismo programa, <strong>el expresidente Josep Maria Bartomeu asegura que se puso fin a los pagos por &#8220;una pol\u00edtica de recorte de gastos&#8221;<\/strong> y desvel\u00f3 que los informes ya exist\u00edan &#8220;por lo menos en 2003&#8221;, cuando \u00e9l lleg\u00f3 al club, y que se pagaron &#8220;de manera continuada&#8221; hasta 2018.<\/p>\n<p><strong>Esa misma versi\u00f3n es sostenida por la directiva de Sandro Rosell<\/strong>, seg\u00fan el mismo programa radiof\u00f3nico, mientra que al exvicepresidente<strong> Joan Gaspart asegura que &#8220;no le constan&#8221; estos pagos.<\/strong><\/p>\n<p><strong>El Barcelona ha salido al paso de esta informaci\u00f3n<\/strong> y ha publicado un comunicado de respuesta, con su versi\u00f3n sobre lo sucedido. El texto dice lo siguiente: <\/p>\n<p><em>Ante la informaci\u00f3n emitida hoy en el programa Qu\u00e8 t&#8217;hi jugues de Ser Catalunya, el FC Barcelona, conocedor de los hechos que est\u00e1 investigando Fiscal\u00eda relativos a pagos efectuados a empresas externas, quiere dejar claro:<\/em><\/p>\n<p><em>Que el FC Barcelona contrat\u00f3 en el pasado los servicios de un consultor t\u00e9cnico externo, quien suministraba, en formato v\u00eddeo, informes t\u00e9cnicos referidos a jugadores de categor\u00edas inferiores del Estado espa\u00f1ol para la secretar\u00eda t\u00e9cnica del Club.<\/em><\/p>\n<aside class=\"summary-item\">\n<blockquote class=\"summary-cite\"><p>El FC Barcelona lamenta que esta informaci\u00f3n aparezca justamente en el mejor momento deportivo de la presente temporada&#8221;<\/p><\/blockquote>\n<p class=\"cite-author\">El comunicado del Bar\u00e7a<\/p>\n<\/aside>\n<p><em>Adicionalmente, la relaci\u00f3n con el propio proveedor externo se ampli\u00f3 con informes t\u00e9cnicos relacionados con el arbitraje profesional a fin de complementar informaci\u00f3n requerida por el cuerpo t\u00e9cnico del primer equipo y del filial, una pr\u00e1ctica habitual en los clubes de f\u00fatbol profesionales.<\/em><\/p>\n<p><em>Actualmente, este tipo de servicios externalizados recae en un profesional adscrito al \u00c1rea de F\u00fatbol.<\/em><\/p>\n<p><em>El FC Barcelona lamenta que esta informaci\u00f3n aparezca justamente en el mejor momento deportivo de la presente temporada.<\/em><\/p>\n<p><em>El FC Barcelona emprender\u00e1 acciones legales contra quien estropee la imagen del Club con posibles insinuaciones contrarias a la reputaci\u00f3n de la entidad que se puedan producir a ra\u00edz de estas informaciones.<\/em><\/p>\n<aside class=\"related-tags\"><\/aside>\n<\/div>\n","protected":false},"excerpt":{"rendered":"\n<div class=\"media_block\"><a href=\"https:\/\/e00-ar-marca.uecdn.es\/claro\/assets\/multimedia\/imagenes\/2023\/02\/15\/16764720712693.png\"><img decoding=\"async\" src=\"http:\/\/latecordoba.com\/wp-content\/uploads\/2023\/02\/el-barcelona-pago-14-millones-de-euros-a-un-ex-arbitro.png\" class=\"media_thumbnail\"><\/a><\/div>\n<p>&nbsp;<a href=\"https:\/\/ar.marca.com\/claro\/futbol-internacional\/barcelona\/2023\/02\/15\/63eceb3ce2704e69058b45e8.html\"> Leer <\/a><img decoding=\"async\" src=\"http:\/\/latecordoba.com\/wp-content\/uploads\/2023\/02\/el-barcelona-pago-14-millones-de-euros-a-un-ex-arbitro.gif\" alt=\"\"\/> <\/p>\n","protected":false},"author":1,"featured_media":1414,"comment_status":"closed","ping_status":"closed","sticky":false,"template":"","format":"standard","meta":[],"categories":[17],"tags":[],"_links":{"self":[{"href":"https:\/\/latecordoba.com\/index.php\/wp-json\/wp\/v2\/posts\/1413"}],"collection":[{"href":"https:\/\/latecordoba.com\/index.php\/wp-json\/wp\/v2\/posts"}],"about":[{"href":"https:\/\/latecordoba.com\/index.php\/wp-json\/wp\/v2\/types\/post"}],"author":[{"embeddable":true,"href":"https:\/\/latecordoba.com\/index.php\/wp-json\/wp\/v2\/users\/1"}],"replies":[{"embeddable":true,"href":"https:\/\/latecordoba.com\/index.php\/wp-json\/wp\/v2\/comments?post=1413"}],"version-history":[{"count":0,"href":"https:\/\/latecordoba.com\/index.php\/wp-json\/wp\/v2\/posts\/1413\/revisions"}],"wp:featuredmedia":[{"embeddable":true,"href":"https:\/\/latecordoba.com\/index.php\/wp-json\/wp\/v2\/media\/1414"}],"wp:attachment":[{"href":"https:\/\/latecordoba.com\/index.php\/wp-json\/wp\/v2\/media?parent=1413"}],"wp:term":[{"taxonomy":"category","embeddable":true,"href":"https:\/\/latecordoba.com\/index.php\/wp-json\/wp\/v2\/categories?post=1413"},{"taxonomy":"post_tag","embeddable":true,"href":"https:\/\/latecordoba.com\/index.php\/wp-json\/wp\/v2\/tags?post=1413"}],"curies":[{"name":"wp","href":"https:\/\/api.w.org\/{rel}","templated":true}]}}