{"id":1411,"date":"2023-02-17T11:49:11","date_gmt":"2023-02-17T11:49:11","guid":{"rendered":"https:\/\/ar.marca.com\/claro\/futbol\/primera-division\/2023\/02\/17\/63ef65d2e2704e68818b45bc.html"},"modified":"2023-02-17T11:49:11","modified_gmt":"2023-02-17T11:49:11","slug":"los-jugadores-de-gimnasia-niegan-que-abusaron-sexualmente-de-los-juveniles-del-club","status":"publish","type":"post","link":"https:\/\/latecordoba.com\/index.php\/2023\/02\/17\/los-jugadores-de-gimnasia-niegan-que-abusaron-sexualmente-de-los-juveniles-del-club\/","title":{"rendered":"Los jugadores de Gimnasia niegan que abusaron sexualmente de los juveniles del club"},"content":{"rendered":"\n<div class=\"media_block\"><a href=\"http:\/\/latecordoba.com\/wp-content\/uploads\/2023\/02\/los-jugadores-de-gimnasia-niegan-que-abusaron-sexualmente-de-los-juveniles-del-club-1.png\"><img decoding=\"async\" src=\"http:\/\/latecordoba.com\/wp-content\/uploads\/2023\/02\/los-jugadores-de-gimnasia-niegan-que-abusaron-sexualmente-de-los-juveniles-del-club.png\" class=\"media_thumbnail\"><\/a><\/div>\n<p><h2 class=\"section-title-group izquierda\"><span class=\"section-type\">Liga Profesional<\/span>&nbsp;<span class=\"subsection-type\">El plantel tuvo que emitir un comunicado tras el esc\u00e1ndalo de la denuncia sobre ellos<\/span><\/h2>\n<\/p>\n<div readability=\"92.067917783735\">\n<figure class=\"multimedia-item image\"><img decoding=\"async\" src=\"http:\/\/latecordoba.com\/wp-content\/uploads\/2023\/02\/los-jugadores-de-gimnasia-niegan-que-abusaron-sexualmente-de-los-juveniles-del-club-1.png\" class=\"full-image\"><\/figure>\n<aside class=\"aside-tools byline-tools\"><\/aside>\n<p><span class=\"capital-letter\">A<\/span> pesar de que, lamentablemente, el <strong><em>&#8216;bautismo violento&#8217;<\/em><\/strong> suele ser una pr\u00e1ctica en com\u00fan en los <strong>equipos profesionales con los juveniles<\/strong> que suben a entrenar con el primer equipo, <strong>una tarjeta roja en el Banfield-Gimnasia volvi\u00f3 a poner en el centro de las noticias este tipo de pr\u00e1cticas en los clubes<\/strong>.<\/p>\n<p>En ese partido, <strong>disputado el pasado 12 de febrero<\/strong>, <strong>la roja que le mostr\u00f3 el \u00e1rbitro Mart\u00ednez al &#8216;tripero&#8217; Ignacio Miram\u00f3n tras una patada a Brahian Alem\u00e1n<\/strong> fue lo termin\u00f3 desencadenando toda esta historia de manera p\u00fablica. Por que eso <strong>ten\u00eda un transfondo violento despu\u00e9s del paso del uruguayo por el equipo platense<\/strong> durante los cinco a\u00f1os que el jugador estuvo en Estancia Chica.<\/p>\n<figure class=\"multimedia-item photo-decoration\"><img decoding=\"async\" class=\"full-image\" src=\"http:\/\/latecordoba.com\/wp-content\/uploads\/2023\/02\/los-jugadores-de-gimnasia-niegan-que-abusaron-sexualmente-de-los-juveniles-del-club-2.png\" width=\"660\">Brahian Alem\u00e1n y el comunicado que publicaron los jugadores de Gimnasia.<\/figure>\n<aside class=\"summary-item\">\n<blockquote class=\"summary-cite\"><p>Esa banda liderada por Alem\u00e1n entr\u00f3 tres veces a la pieza de Miram\u00f3n para fajarlo entre 7 u 8 jugadores&#8221;<\/p><\/blockquote>\n<p class=\"cite-author\">Mateo Romero, periodista<\/p>\n<\/aside>\n<p>El transfondo se destap\u00f3 tras una afirmaci\u00f3n del <strong>periodista Mateo Romero<\/strong>: &#8220;<strong>Brahian Alem\u00e1n era el l\u00edder de una banda interna que se hac\u00eda llamar <em>&#8216;Los Ninjas&#8217;<\/em><\/strong>. \u00bfCu\u00e1l era su misi\u00f3n? Fajar a los pibes que surg\u00edan de inferiores. <strong>Se trata de un bautismo que tiene m\u00e1s que ver con las iniciaciones hist\u00f3ricas en los planteles de rugby que con el f\u00fatbol&#8230;<\/strong>&#8220;.<\/p>\n<p>&#8220;En junio de 2021, <strong>esa banda liderada por Alem\u00e1n entr\u00f3 tres veces a la pieza de Miram\u00f3n para fajarlo entre 7 u 8. Luego, pasaron por la pieza de Torres, lo envolvieron entre sabanas y tambi\u00e9n lo golpearon<\/strong>&#8220;, agreg\u00f3 Romero.<\/p>\n<aside class=\"summary-item\" readability=\"3\">\n<blockquote class=\"summary-cite\"><p>Si hay golpes, tapar a alguien con una s\u00e1bana como se hac\u00eda en la colimba&#8230;&#8221;<\/p><\/blockquote>\n<p class=\"cite-author\">Mariano Cowen, presidente de Gimnasia<\/p>\n<\/aside>\n<p>Despu\u00e9s de que siguieran o<strong>tros tipos de versiones sobre lo que pasada en las concentraciones<\/strong> del equipo platense, <strong>el club no tuvo otra opci\u00f3n que salir a dar su versi\u00f3n de los hechos a trav\u00e9s de un comunicado oficial<\/strong>.<\/p>\n<p><strong><em>&#8220;Los jugadores del plantel masculino de Primera Divisi\u00f3n del Club de Gimnasia y Esgrima La Plata informamos a socios, socias, hinchas y p\u00fablico en general que las afirmaciones que circular respecto a un supuesto &#8216;abuso sexual&#8217; durante la Pretemporada 2021 son falsas. Nuestro descontento y preocupaci\u00f3n ante la informaci\u00f3n difundida. Respetamos y acompa\u00f1amos la actual pol\u00edtica institucional que prohibe cualquier tipo de &#8216;bautismo&#8217;, &#8216;ritual&#8217; o &#8216;rito de iniciaci\u00f3n&#8217; que implique el uso de la fuerza f\u00edsica y manifestamos nuestro rechazo a toda forma de violencia en el deporte&#8221;<\/em><\/strong>, rezaba la publicaci\u00f3n.<\/p>\n<aside class=\"summary-item\" readability=\"3\">\n<blockquote class=\"summary-cite\"><p>No queremos hacer sentir mal a un chico, mientras estemos nosotros, no se va a volver a dar&#8221;<\/p><\/blockquote>\n<p class=\"cite-author\">Mauro Boselli, jugador de Estudiantes<\/p>\n<\/aside>\n<p><strong>Mariano Cowen, presidente de Gimnasia<\/strong>, reconoci\u00f3 en <strong><em>C5N <\/em><\/strong>que se trataba de <strong>&#8220;golpes, tapar a alguien con una s\u00e1bana como se hac\u00eda en la colimba&#8221;<\/strong>. Y avis\u00f3 que se pondr\u00e1n &#8220;a disposici\u00f3n de la Justicia. Vamos a instalar un c\u00f3digo de \u00e9tica&#8221;<\/p>\n<p>C\u00f3mo esto no es algo nuevo y siempre circulaban diferentes versiones, aunque nunca con esta gravedad, hace un mes <strong>Mauro Boselli hab\u00eda declarado que en Estudiantes se hab\u00edan acabado este tipo de pr\u00e1cticas<\/strong> porque no lo ve\u00edan l\u00f3gicas.<\/p>\n<p><strong>&#8220;No queremos hacer sentir mal a un chico que est\u00e1 haciendo su primera pretemporada y le gusta tener el pelo largo o tiene sentido ridiculizarlos. Mientras estemos nosotros, no se va a dar&#8221;<\/strong>, declar\u00f3 ese 16 de enero el delantero del <strong><em>&#8216;pincharrata&#8217;<\/em><\/strong>.<\/p>\n<aside class=\"related-tags\"><\/aside>\n<\/div>\n","protected":false},"excerpt":{"rendered":"\n<div class=\"media_block\"><a href=\"http:\/\/latecordoba.com\/wp-content\/uploads\/2023\/02\/los-jugadores-de-gimnasia-niegan-que-abusaron-sexualmente-de-los-juveniles-del-club-1.png\"><img decoding=\"async\" src=\"http:\/\/latecordoba.com\/wp-content\/uploads\/2023\/02\/los-jugadores-de-gimnasia-niegan-que-abusaron-sexualmente-de-los-juveniles-del-club.png\" class=\"media_thumbnail\"><\/a><\/div>\n<p>&nbsp;<a href=\"https:\/\/ar.marca.com\/claro\/futbol\/primera-division\/2023\/02\/17\/63ef65d2e2704e68818b45bc.html\"> Leer <\/a><img decoding=\"async\" src=\"http:\/\/latecordoba.com\/wp-content\/uploads\/2023\/02\/los-jugadores-de-gimnasia-niegan-que-abusaron-sexualmente-de-los-juveniles-del-club.gif\" alt=\"\"\/> <\/p>\n","protected":false},"author":1,"featured_media":1412,"comment_status":"closed","ping_status":"closed","sticky":false,"template":"","format":"standard","meta":[],"categories":[17],"tags":[],"_links":{"self":[{"href":"https:\/\/latecordoba.com\/index.php\/wp-json\/wp\/v2\/posts\/1411"}],"collection":[{"href":"https:\/\/latecordoba.com\/index.php\/wp-json\/wp\/v2\/posts"}],"about":[{"href":"https:\/\/latecordoba.com\/index.php\/wp-json\/wp\/v2\/types\/post"}],"author":[{"embeddable":true,"href":"https:\/\/latecordoba.com\/index.php\/wp-json\/wp\/v2\/users\/1"}],"replies":[{"embeddable":true,"href":"https:\/\/latecordoba.com\/index.php\/wp-json\/wp\/v2\/comments?post=1411"}],"version-history":[{"count":0,"href":"https:\/\/latecordoba.com\/index.php\/wp-json\/wp\/v2\/posts\/1411\/revisions"}],"wp:featuredmedia":[{"embeddable":true,"href":"https:\/\/latecordoba.com\/index.php\/wp-json\/wp\/v2\/media\/1412"}],"wp:attachment":[{"href":"https:\/\/latecordoba.com\/index.php\/wp-json\/wp\/v2\/media?parent=1411"}],"wp:term":[{"taxonomy":"category","embeddable":true,"href":"https:\/\/latecordoba.com\/index.php\/wp-json\/wp\/v2\/categories?post=1411"},{"taxonomy":"post_tag","embeddable":true,"href":"https:\/\/latecordoba.com\/index.php\/wp-json\/wp\/v2\/tags?post=1411"}],"curies":[{"name":"wp","href":"https:\/\/api.w.org\/{rel}","templated":true}]}}