{"id":1409,"date":"2023-02-17T13:20:44","date_gmt":"2023-02-17T13:20:44","guid":{"rendered":"https:\/\/ar.marca.com\/claro\/futbol\/boca-juniors\/2023\/02\/17\/63ef7d0f46163f16958b45c1.html"},"modified":"2023-02-17T13:20:44","modified_gmt":"2023-02-17T13:20:44","slug":"el-cruce-entre-riquelme-y-la-fiscal-ramirez-quien-clausuro-la-bombonera","status":"publish","type":"post","link":"https:\/\/latecordoba.com\/index.php\/2023\/02\/17\/el-cruce-entre-riquelme-y-la-fiscal-ramirez-quien-clausuro-la-bombonera\/","title":{"rendered":"El cruce entre Riquelme y la Fiscal Ram\u00edrez, quien clausur\u00f3 La Bombonera"},"content":{"rendered":"\n<div class=\"media_block\"><a href=\"http:\/\/latecordoba.com\/wp-content\/uploads\/2023\/02\/el-cruce-entre-riquelme-y-la-fiscal-ramirez-quien-clausuro-la-bombonera-1.jpg\"><img decoding=\"async\" src=\"http:\/\/latecordoba.com\/wp-content\/uploads\/2023\/02\/el-cruce-entre-riquelme-y-la-fiscal-ramirez-quien-clausuro-la-bombonera.jpg\" class=\"media_thumbnail\"><\/a><\/div>\n<p><h2 class=\"section-title-group izquierda\"><span class=\"section-type\">Boca Juniors<\/span>&nbsp;<span class=\"subsection-type\">El dirigente incit\u00f3 a que la acci\u00f3n no fue genuina<\/span><\/h2>\n<\/p>\n<div readability=\"60.952014218009\">\n<figure class=\"multimedia-item image\"><img decoding=\"async\" src=\"http:\/\/latecordoba.com\/wp-content\/uploads\/2023\/02\/el-cruce-entre-riquelme-y-la-fiscal-ramirez-quien-clausuro-la-bombonera-1.jpg\" class=\"full-image\"><\/figure>\n<aside class=\"aside-tools byline-tools\"><\/aside>\n<p><span class=\"capital-letter\">&#8220;<\/span>Habr\u00eda que preguntarle a la se\u00f1ora (Celsa Ram\u00edrez) de qu\u00e9 cuadro es, qu\u00e9 se yo&#8230; Es la misma que le hizo declarar a mi hijo, me parece. Habr\u00eda que ver ahora&#8230; Sabemos que est\u00e1 todo en regla. Esta tarde, se le presentar\u00e1n las cosas y ojal\u00e1 que trabaje hasta el s\u00e1bado y que nos habilite la cancha como tiene que ser. Porque el otro d\u00eda trabaj\u00f3 hasta el s\u00e1bado. Que trabaje hasta el s\u00e1bado porque al \u00fanico que perjudica es al hincha&#8221;, descarg\u00f3 <strong>Riquelme<\/strong>, vicepresidente de Boca, en relaci\u00f3n a la decisi\u00f3n que tuvo la Fiscal en clausurar una tribuna de La Bombonera.<\/p>\n<p>Al parecer, Ram\u00edrez ser\u00eda hincha de River, y seg\u00fan Rom\u00e1n, eso le ayud\u00f3 a tomar la decisi\u00f3n que, m\u00e1s all\u00e1 de todo, tuvo sustento luego de que se vieran los desperfectos en la estructura. El caso fue que Celsa tuite\u00f3 al t\u00e9rmino de la final perdida por Boca ante Corinthians en 2012, <strong>&#8220;he visto flanes de vainilla con m\u00e1s huevos que Boca&#8221;.<\/strong><\/p>\n<p><strong>El pedido de Riquelme a la Fiscal<\/strong><\/p>\n<p>&#8220;<em>Para el hincha de Boca es muy importante ir el domingo a la cancha porque es una fiesta, se olvida de todos los problemas, va a alentar a su club, va a vivir una fiesta. Le pido a la se\u00f1ora (Celsa Ram\u00edrez) que deje que los hinchas vayan a disfrutar de un espect\u00e1culo, de estar en su casa, porque los hinchas del club son los due\u00f1os de nuestra casa, y lo \u00fanico que queremos es disfrutar el domingo de recibir a uno de nuestros \u00eddolos (Mart\u00edn Palermo) como t\u00e9cnico del equipo rival, que el hincha de Boca lo har\u00e1 como se lo merece<\/em>&#8220;.<\/p>\n<aside class=\"related-tags\"><\/aside>\n<\/div>\n","protected":false},"excerpt":{"rendered":"\n<div class=\"media_block\"><a href=\"http:\/\/latecordoba.com\/wp-content\/uploads\/2023\/02\/el-cruce-entre-riquelme-y-la-fiscal-ramirez-quien-clausuro-la-bombonera-1.jpg\"><img decoding=\"async\" src=\"http:\/\/latecordoba.com\/wp-content\/uploads\/2023\/02\/el-cruce-entre-riquelme-y-la-fiscal-ramirez-quien-clausuro-la-bombonera.jpg\" class=\"media_thumbnail\"><\/a><\/div>\n<p>&nbsp;<a href=\"https:\/\/ar.marca.com\/claro\/futbol\/boca-juniors\/2023\/02\/17\/63ef7d0f46163f16958b45c1.html\"> Leer <\/a><img decoding=\"async\" src=\"http:\/\/latecordoba.com\/wp-content\/uploads\/2023\/02\/el-cruce-entre-riquelme-y-la-fiscal-ramirez-quien-clausuro-la-bombonera.gif\" alt=\"\"\/> <\/p>\n","protected":false},"author":1,"featured_media":1410,"comment_status":"closed","ping_status":"closed","sticky":false,"template":"","format":"standard","meta":[],"categories":[17],"tags":[],"_links":{"self":[{"href":"https:\/\/latecordoba.com\/index.php\/wp-json\/wp\/v2\/posts\/1409"}],"collection":[{"href":"https:\/\/latecordoba.com\/index.php\/wp-json\/wp\/v2\/posts"}],"about":[{"href":"https:\/\/latecordoba.com\/index.php\/wp-json\/wp\/v2\/types\/post"}],"author":[{"embeddable":true,"href":"https:\/\/latecordoba.com\/index.php\/wp-json\/wp\/v2\/users\/1"}],"replies":[{"embeddable":true,"href":"https:\/\/latecordoba.com\/index.php\/wp-json\/wp\/v2\/comments?post=1409"}],"version-history":[{"count":0,"href":"https:\/\/latecordoba.com\/index.php\/wp-json\/wp\/v2\/posts\/1409\/revisions"}],"wp:featuredmedia":[{"embeddable":true,"href":"https:\/\/latecordoba.com\/index.php\/wp-json\/wp\/v2\/media\/1410"}],"wp:attachment":[{"href":"https:\/\/latecordoba.com\/index.php\/wp-json\/wp\/v2\/media?parent=1409"}],"wp:term":[{"taxonomy":"category","embeddable":true,"href":"https:\/\/latecordoba.com\/index.php\/wp-json\/wp\/v2\/categories?post=1409"},{"taxonomy":"post_tag","embeddable":true,"href":"https:\/\/latecordoba.com\/index.php\/wp-json\/wp\/v2\/tags?post=1409"}],"curies":[{"name":"wp","href":"https:\/\/api.w.org\/{rel}","templated":true}]}}