{"id":1407,"date":"2023-02-17T13:50:00","date_gmt":"2023-02-17T13:50:00","guid":{"rendered":"https:\/\/ar.marca.com\/claro\/futbol\/boca-juniors\/2023\/02\/17\/63ef8583ca4741102c8b4597.html"},"modified":"2023-02-17T13:50:00","modified_gmt":"2023-02-17T13:50:00","slug":"marcos-rojo-volvio-a-trotar-cuando-volveria","status":"publish","type":"post","link":"https:\/\/latecordoba.com\/index.php\/2023\/02\/17\/marcos-rojo-volvio-a-trotar-cuando-volveria\/","title":{"rendered":"Marcos Rojo volvi\u00f3 a trotar: \u00bfcu\u00e1ndo volver\u00eda"},"content":{"rendered":"\n<div class=\"media_block\"><a href=\"http:\/\/latecordoba.com\/wp-content\/uploads\/2023\/02\/marcos-rojo-volvio-a-trotar-cuando-volveria-1.jpg\"><img decoding=\"async\" src=\"http:\/\/latecordoba.com\/wp-content\/uploads\/2023\/02\/marcos-rojo-volvio-a-trotar-cuando-volveria.jpg\" class=\"media_thumbnail\"><\/a><\/div>\n<p><h2 class=\"section-title-group izquierda\"><span class=\"section-type\">Boca Juniors<\/span>&nbsp;<span class=\"subsection-type\">El defensa se recupera de una rotura de ligamentos<\/span><\/h2>\n<\/p>\n<div readability=\"56.572322670376\">\n<figure class=\"multimedia-item image\"><img decoding=\"async\" src=\"http:\/\/latecordoba.com\/wp-content\/uploads\/2023\/02\/marcos-rojo-volvio-a-trotar-cuando-volveria-1.jpg\" class=\"full-image\"><\/figure>\n<aside class=\"aside-tools byline-tools\"><\/aside>\n<p><span class=\"capital-letter\">E<\/span>l defensor y capit\u00e1n de <strong>Boca Marcos Rojo volvi\u00f3 hoy a trotar tras sufrir la rotura de ligamentos cruzados a mediados de octubre<\/strong> del a\u00f1o pasado, cuando se lesionase durante un partido por la Liga Profesional 2022, ante Sarmiento en condici\u00f3n de visitante y mostr\u00f3 su felicidad en las redes sociales.<\/p>\n<p> &#8220;Es momento de empezar a trotar&#8221;, public\u00f3 el doctor Jorge Batista, m\u00e9dico del &#8220;Xeneize&#8221;, en su cuenta de la red social Instagram junto a un video del marcador central en plena rehabilitaci\u00f3n.<\/p>\n<p> Ante esto, el propio Rojo se hizo eco de las im\u00e1genes y escribi\u00f3: &#8220;Lleg\u00f3 el d\u00eda de volver a correr. Qu\u00e9 felicidad&#8221;.<\/p>\n<p> El defensor se lesion\u00f3 el 12 de octubre de 2022 en un partido con Sarmiento de Jun\u00edn, por lo que reci\u00e9n lleva poco m\u00e1s de cuatro meses de recuperaci\u00f3n.<\/p>\n<p> Seg\u00fan est\u00e1 previsto, Rojo podr\u00eda volver a vestir la camiseta de Boca a finales de abril, por lo que el ex integrante de la Selecci\u00f3n argentina podr\u00eda ser de la partida en la Copa Libertadores si el entrenador Hugo Ibarra as\u00ed lo dispone.<\/p>\n<p>Para Ibarra, que Rojo haya vuelto y poder usarlo desde abril significa una gran noticia ya que la \u00faltima l\u00ednea vio irse a Zambrano y si bien pudo sustituirse con la llegada de Valdez, necesita reforzar la \u00faltima l\u00ednea.<\/p>\n<aside class=\"related-tags\"><\/aside>\n<\/div>\n","protected":false},"excerpt":{"rendered":"\n<div class=\"media_block\"><a href=\"http:\/\/latecordoba.com\/wp-content\/uploads\/2023\/02\/marcos-rojo-volvio-a-trotar-cuando-volveria-1.jpg\"><img decoding=\"async\" src=\"http:\/\/latecordoba.com\/wp-content\/uploads\/2023\/02\/marcos-rojo-volvio-a-trotar-cuando-volveria.jpg\" class=\"media_thumbnail\"><\/a><\/div>\n<p>&nbsp;<a href=\"https:\/\/ar.marca.com\/claro\/futbol\/boca-juniors\/2023\/02\/17\/63ef8583ca4741102c8b4597.html\"> Leer <\/a><img decoding=\"async\" src=\"http:\/\/latecordoba.com\/wp-content\/uploads\/2023\/02\/marcos-rojo-volvio-a-trotar-cuando-volveria.gif\" alt=\"\"\/> <\/p>\n","protected":false},"author":1,"featured_media":1408,"comment_status":"closed","ping_status":"closed","sticky":false,"template":"","format":"standard","meta":[],"categories":[17],"tags":[],"_links":{"self":[{"href":"https:\/\/latecordoba.com\/index.php\/wp-json\/wp\/v2\/posts\/1407"}],"collection":[{"href":"https:\/\/latecordoba.com\/index.php\/wp-json\/wp\/v2\/posts"}],"about":[{"href":"https:\/\/latecordoba.com\/index.php\/wp-json\/wp\/v2\/types\/post"}],"author":[{"embeddable":true,"href":"https:\/\/latecordoba.com\/index.php\/wp-json\/wp\/v2\/users\/1"}],"replies":[{"embeddable":true,"href":"https:\/\/latecordoba.com\/index.php\/wp-json\/wp\/v2\/comments?post=1407"}],"version-history":[{"count":0,"href":"https:\/\/latecordoba.com\/index.php\/wp-json\/wp\/v2\/posts\/1407\/revisions"}],"wp:featuredmedia":[{"embeddable":true,"href":"https:\/\/latecordoba.com\/index.php\/wp-json\/wp\/v2\/media\/1408"}],"wp:attachment":[{"href":"https:\/\/latecordoba.com\/index.php\/wp-json\/wp\/v2\/media?parent=1407"}],"wp:term":[{"taxonomy":"category","embeddable":true,"href":"https:\/\/latecordoba.com\/index.php\/wp-json\/wp\/v2\/categories?post=1407"},{"taxonomy":"post_tag","embeddable":true,"href":"https:\/\/latecordoba.com\/index.php\/wp-json\/wp\/v2\/tags?post=1407"}],"curies":[{"name":"wp","href":"https:\/\/api.w.org\/{rel}","templated":true}]}}