{"id":1405,"date":"2023-02-21T17:40:26","date_gmt":"2023-02-21T17:40:26","guid":{"rendered":"https:\/\/viapais.com.ar\/santa-fe\/confirman-casos-de-gripe-aviar-en-gallinas-y-patos-de-una-localidad-de-santa-fe\/"},"modified":"2023-02-21T17:40:26","modified_gmt":"2023-02-21T17:40:26","slug":"confirman-casos-de-gripe-aviar-en-gallinas-y-patos-de-una-localidad-de-santa-fe","status":"publish","type":"post","link":"https:\/\/latecordoba.com\/index.php\/2023\/02\/21\/confirman-casos-de-gripe-aviar-en-gallinas-y-patos-de-una-localidad-de-santa-fe\/","title":{"rendered":"Confirman casos de gripe aviar en gallinas y patos de una localidad de Santa Fe"},"content":{"rendered":"<br \/>\n<section readability=\"46.674715909091\">\n<p>Luego del alerta lanzada por la <a href=\"https:\/\/viapais.com.ar\/tucuman\/el-ministerio-de-salud-de-la-provincia-brindo-recomendaciones-ante-la-aparicion-de-casos-de-gripe-aviar-en-el-pais\/\" target=\"_blank\" rel=\"noopener\">Secretar\u00eda de Agricultura Nacional <\/a>sobre la aparici\u00f3n de casos de <a href=\"https:\/\/viapais.com.ar\/salud\/que-es-la-gripe-aviar-y-como-se-transmite\/\" target=\"_blank\" rel=\"noopener\">gripe aviar <\/a>en plum\u00edferos, el Servicio Nacional de Sanidad y Calidad Agroalimentaria (Senasa) confirm\u00f3 <b>nuevos casos de influenza aviar (IA) H5 en Villa Ca\u00f1\u00e1s<\/b>, una localidad de la <b>provincia de Santa Fe<\/b>.<\/p>\n<article class=\"article card default \">\n<div class=\"article-inner \">\n<div class=\"article-image \"><a href=\"https:\/\/viapais.com.ar\/salud\/la-influenza-aviar-dispara-medidas-preventivas-en-argentina-y-exige-mantener-la-guardia-alta\/\" title=\"influenza aviar\"><\/p>\n<figure><picture><img decoding=\"async\" loading=\"lazy\" alt=\"influenza aviar\" class=\"lazyload block \" src=\"http:\/\/latecordoba.com\/wp-content\/uploads\/2023\/02\/confirman-casos-de-gripe-aviar-en-gallinas-y-patos-de-una-localidad-de-santa-fe.png\" sizes=\"auto\" data-src=\"https:\/\/viapais.com.ar\/resizer\/BGPaPQpzGWGiI4pqiaFTg-RdlP0=\/307x173\/smart\/filters:quality(75):format(webp)\/cloudfront-us-east-1.images.arcpublishing.com\/grupoclarin\/JO7AWY4H4RA5LI3S25YQA5N2IM.png\" width=\"307px\" height=\"173px\"><\/picture><\/figure>\n<p><\/a><\/div>\n<\/div>\n<\/article>\n<p>La detecci\u00f3n fue confirmada en un <b>an\u00e1lisis efectuado por el Laboratorio Nacional del Senasa en muestras tomadas en gallinas y patos muertos<\/b> luego de la notificaci\u00f3n de un vecino de la zona; <b>y se suman a los de influenza aviar detectados en las provincias de C\u00f3rdoba, Entre R\u00edos, Salta y Jujuy<\/b>.<\/p>\n<p>En este contexto, el organismo se encuentra trabajando en la regi\u00f3n donde se realiz\u00f3 el hallazgo, fortaleciendo los controles y las medidas preventivas. Al respecto,<b> inst\u00f3 al sector productivo a reforzar las medidas de manejo, higiene y bioseguridad <\/b>de sus granjas av\u00edcolas y la inmediata notificaci\u00f3n de signos cl\u00ednicos y\/o muerte repentina de aves dom\u00e9sticas y silvestres que se encuentren, alertando sobre no manipular los cad\u00e1veres.<\/p>\n<article class=\"article card \">\n<div class=\"article-inner \">\n<div class=\"article-image \"><a href=\"https:\/\/viapais.com.ar\/cordoba\/confirman-el-segundo-caso-de-gripe-aviar-en-cordoba-cuales-son-los-metodos-para-prevenirlo\/\" title=\"Nuevo caso de gripe aviar en C\u00f3rdoba, en este caso detectado en pavos de traspatio. (Gobierno de C\u00f3rdoba)\"><\/p>\n<figure><picture><img decoding=\"async\" loading=\"lazy\" alt=\"Nuevo caso de gripe aviar en C\u00f3rdoba, en este caso detectado en pavos de traspatio. (Gobierno de C\u00f3rdoba)\" class=\"lazyload block \" src=\"http:\/\/latecordoba.com\/wp-content\/uploads\/2023\/02\/confirman-casos-de-gripe-aviar-en-gallinas-y-patos-de-una-localidad-de-santa-fe.png\" sizes=\"auto\" data-src=\"https:\/\/viapais.com.ar\/resizer\/kcyTXkV4Ya6NcP2EDPnxlK_9ZUQ=\/307x173\/smart\/filters:quality(75):format(webp)\/cloudfront-us-east-1.images.arcpublishing.com\/grupoclarin\/CPMDCJL75FGORBPFOUQKRDTYUE.jpg\" width=\"307px\" height=\"173px\"><\/picture><\/figure>\n<p><\/a><\/div>\n<\/div>\n<\/article>\n<h2 class>\u00bfEn qu\u00e9 otros lugares se detect\u00f3 gripe aviar?<\/h2>\n<p>A mediados de la semana pasada<b> la Secretar\u00eda de Agricultura declar\u00f3 la emergencia sanitaria en todo el territorio nacional<\/b>, luego de que confirmar el primer caso de influenza aviar en el pa\u00eds en gansos andinos en la <a href=\"https:\/\/viapais.com.ar\/jujuy\/alerta-en-jujuy-lo-que-hay-que-saber-sobre-la-gripe-aviar\/\" target=\"_blank\" rel=\"noopener\">Laguna de Pozuelos<\/a>, en el norte de la provincia de Jujuy.<\/p>\n<p>Luego de eso, se dio la detecci\u00f3n de un <a href=\"https:\/\/viapais.com.ar\/cordoba\/gripe-aviar-detectaron-en-cordoba-el-segundo-caso-en-argentina\/\" target=\"_blank\" rel=\"noopener\">segundo caso de gripe aviar<\/a> en dos patos silvestres hallados muertos en la laguna artificial Las Mojarras, en el <b>departamento de General San Mart\u00edn<\/b>, a 316 kil\u00f3metros de la ciudad de Santa Fe.<\/p>\n<h2 class>\u00bfLa gripe aviar se puede contagiar a humanos?<\/h2>\n<p>Cabe destacar que <b>la influenza aviar es una enfermedad viral que padecen tanto a las aves de corral como a las silvestres <\/b>provocando muertes masivas y altos niveles de contagio, <b>afectando ocasionalmente a las personas expuestas<\/b>. \u201cLa transmisi\u00f3n del virus a las personas ocurre cuando las secreciones o excretas de aves infectadas son inhaladas o el virus entra en boca, nariz u ojos\u201d, indic\u00f3 el ministerio de Salud. <\/p>\n<article class=\"article card \">\n<div class=\"article-inner \">\n<div class=\"article-image \"><a href=\"https:\/\/viapais.com.ar\/tucuman\/el-ministerio-de-salud-de-la-provincia-brindo-recomendaciones-ante-la-aparicion-de-casos-de-gripe-aviar-en-el-pais\/\" title=\"SECP.\"><\/p>\n<figure><picture><img decoding=\"async\" loading=\"lazy\" alt=\"SECP.\" class=\"lazyload block \" src=\"http:\/\/latecordoba.com\/wp-content\/uploads\/2023\/02\/confirman-casos-de-gripe-aviar-en-gallinas-y-patos-de-una-localidad-de-santa-fe.png\" sizes=\"auto\" data-src=\"https:\/\/viapais.com.ar\/resizer\/3NLrHuzb7Vt-miICm1XRI7YPbnI=\/307x173\/smart\/filters:quality(75):format(webp)\/cloudfront-us-east-1.images.arcpublishing.com\/grupoclarin\/XZ7KHYRCHNGXBMJLTBVXOWZ3IQ.jpg\" width=\"307px\" height=\"173px\"><\/picture><\/figure>\n<p><\/a><\/div>\n<\/div>\n<\/article>\n<p>Para <b>prevenirla<\/b>, se recomienda el lavado frecuente de manos con agua y jab\u00f3n o usar desinfectantes a base de alcohol y evitar el contacto directo con aves silvestres y dom\u00e9sticas contagiadas, o sus desechos; as\u00ed como tambi\u00e9n el contacto con superficies contaminadas. <\/p>\n<p><b>En caso de encontrarse alg\u00fan ave enferma o muerta, evitar el contacto y dar aviso a las autoridades <\/b>sanitarias del Servicio Nacional de Sanidad y Calidad Agroalimentaria (Senasa).<\/p>\n<\/section>\n<div class=\"noreadme-audima\">\n<h2>Temas Relacionados<\/h2>\n<\/div>\n","protected":false},"excerpt":{"rendered":"<p>Luego del alerta lanzada por la Secretar\u00eda de Agricultura Nacional sobre la aparici\u00f3n de casos de gripe aviar en plum\u00edferos, el Servicio Nacional de Sanidad y Calidad Agroalimentaria (Senasa) confirm\u00f3 nuevos casos de influenza aviar (IA) H5 en Villa Ca\u00f1\u00e1s, una localidad de la provincia de Santa Fe. La detecci\u00f3n fue confirmada en un an\u00e1lisis [&hellip;]<\/p>\n","protected":false},"author":1,"featured_media":1406,"comment_status":"closed","ping_status":"closed","sticky":false,"template":"","format":"standard","meta":[],"categories":[15],"tags":[],"_links":{"self":[{"href":"https:\/\/latecordoba.com\/index.php\/wp-json\/wp\/v2\/posts\/1405"}],"collection":[{"href":"https:\/\/latecordoba.com\/index.php\/wp-json\/wp\/v2\/posts"}],"about":[{"href":"https:\/\/latecordoba.com\/index.php\/wp-json\/wp\/v2\/types\/post"}],"author":[{"embeddable":true,"href":"https:\/\/latecordoba.com\/index.php\/wp-json\/wp\/v2\/users\/1"}],"replies":[{"embeddable":true,"href":"https:\/\/latecordoba.com\/index.php\/wp-json\/wp\/v2\/comments?post=1405"}],"version-history":[{"count":0,"href":"https:\/\/latecordoba.com\/index.php\/wp-json\/wp\/v2\/posts\/1405\/revisions"}],"wp:featuredmedia":[{"embeddable":true,"href":"https:\/\/latecordoba.com\/index.php\/wp-json\/wp\/v2\/media\/1406"}],"wp:attachment":[{"href":"https:\/\/latecordoba.com\/index.php\/wp-json\/wp\/v2\/media?parent=1405"}],"wp:term":[{"taxonomy":"category","embeddable":true,"href":"https:\/\/latecordoba.com\/index.php\/wp-json\/wp\/v2\/categories?post=1405"},{"taxonomy":"post_tag","embeddable":true,"href":"https:\/\/latecordoba.com\/index.php\/wp-json\/wp\/v2\/tags?post=1405"}],"curies":[{"name":"wp","href":"https:\/\/api.w.org\/{rel}","templated":true}]}}