{"id":1394,"date":"2023-02-21T15:48:13","date_gmt":"2023-02-21T15:48:13","guid":{"rendered":"https:\/\/www.puntal.com.ar\/mirtha-legrand\/mirtha-anuncio-su-regreso-la-television-n185175"},"modified":"2023-02-21T15:48:13","modified_gmt":"2023-02-21T15:48:13","slug":"mirtha-anuncio-su-regreso-a-la-television","status":"publish","type":"post","link":"https:\/\/latecordoba.com\/index.php\/2023\/02\/21\/mirtha-anuncio-su-regreso-a-la-television\/","title":{"rendered":"Mirtha anunci\u00f3 su regreso a la televisi\u00f3n"},"content":{"rendered":"\n<div><img decoding=\"async\" src=\"http:\/\/latecordoba.com\/wp-content\/uploads\/2023\/02\/mirtha-anuncio-su-regreso-a-la-television.jpg\" class=\"ff-og-image-inserted\"><\/div>\n<div class=\"cuerpo\" data-twitter-link readability=\"43\">\n<p class=\"ampp\"> Luego de ese emotivo momento, la diva habl\u00f3 TN y asegur\u00f3 que est\u00e1 muy entusiasmada con su posible vuelta a la pantalla de eltrece. <strong>\u201cVuelvo a la televisi\u00f3n los fines de semana y estamos en tratativas con Adri\u00e1n Suar, ya casi est\u00e1. Faltan algunas cosas que no voy a decir\u201d<\/strong>, expres\u00f3.<\/p>\n<div contenteditable=\"false\" class=\"embed_cont type_freetext\" rel=\"freetext\" id=\"embed9351_wrap\" data-provider=\"YouTube\" readability=\"32\">\n<p> Mirtha Legrand meti\u00f3 la pata cuando le preguntaron por el pase de Canal de Tinelli y dio volantazo<span onclick=\"parent.parent.TinyMCETdcuerpo.preview_embed('embed9351')\" class=\"embed_colapse less\" id=\"embed9351_colapse\"><\/span><span onclick=\"parent.parent.TinyMCETdcuerpo.delete_embed('embed9351')\" class=\"embed_delete less\" id=\"embed9351_delete\"><\/span><\/p>\n<div id=\"embed9351_content\" class=\"embed_content\">\n<p> <iframe loading=\"lazy\" width=\"200\" height=\"113\" src=\"https:\/\/www.youtube.com\/embed\/EJGZyUgw4Wc?feature=oembed\" frameborder=\"0\" allow=\"accelerometer; autoplay; clipboard-write; encrypted-media; gyroscope; picture-in-picture; web-share\" allowfullscreen title=\"Mirtha Legrand meti\u00f3 la pata cuando le preguntaron por el pase de Canal de Tinelli y dio volantazo\">[embedded content]<\/iframe><\/p>\n<\/p><\/div>\n<\/p><\/div>\n<p class=\"ampp\">En la misma sinton\u00eda, desde El Trece confirmaron que est\u00e1n en tratativas y a la espera de una respuesta de StoryLab, pero que el regreso de la conductora est\u00e1 muy pr\u00f3ximo.<\/p>\n<p class=\"ampp\">Adem\u00e1s, se mostr\u00f3 muy feliz por haber cumplido la promesa que les hab\u00eda hecho a Nicol\u00e1s Cabr\u00e9 y Mariano Mart\u00ednez, actor y director de <strong>Tom, Dick &amp; Harry. <\/strong>\u201cEllos estuvieron en mi \u00faltimo programa y les promet\u00ed que iba a venir. <strong>Es mi primer salida en Buenos Aires<\/strong>, estuve en Mar del Plata mucho tiempo. Ahora vine ac\u00e1 y cumpl\u00ed con ellos\u201d, remarc\u00f3. Y agreg\u00f3: \u201cMe divert\u00ed much\u00edsimo, <strong>me he re\u00eddo tanto<\/strong>. Est\u00e1 muy bien lograda\u201d.<\/p>\n<p class=\"ampp\">\u201cLa Chiqui\u201d remarc\u00f3 que se siente siempre acompa\u00f1ada por su p\u00fablico y adelant\u00f3 que est\u00e1 pensando en un festejo especial para su cumplea\u00f1os. \u201c<strong>Voy a festejarlo en mi casa<\/strong>, va a ser una reuni\u00f3n con amigos\u201d, indic\u00f3 sobre sus planes para el 23 de febrero.<\/p>\n<p class=\"ampp\">Al cierre de la charla, evit\u00f3 dar precisiones sobre la situaci\u00f3n sentimental de su nieta, Juana Viale. \u201c<strong>No s\u00e9 si est\u00e1 separada<\/strong>. Con ella, nos whatsappeamos mucho y no hablamos de eso\u201d, concluy\u00f3.<\/p>\n<\/div>\n","protected":false},"excerpt":{"rendered":"<p>  &#8220;Vuelvo los fines de semana&#8221;, revel\u00f3 la diva.  <\/p>\n","protected":false},"author":1,"featured_media":1395,"comment_status":"closed","ping_status":"closed","sticky":false,"template":"","format":"standard","meta":[],"categories":[14],"tags":[],"_links":{"self":[{"href":"https:\/\/latecordoba.com\/index.php\/wp-json\/wp\/v2\/posts\/1394"}],"collection":[{"href":"https:\/\/latecordoba.com\/index.php\/wp-json\/wp\/v2\/posts"}],"about":[{"href":"https:\/\/latecordoba.com\/index.php\/wp-json\/wp\/v2\/types\/post"}],"author":[{"embeddable":true,"href":"https:\/\/latecordoba.com\/index.php\/wp-json\/wp\/v2\/users\/1"}],"replies":[{"embeddable":true,"href":"https:\/\/latecordoba.com\/index.php\/wp-json\/wp\/v2\/comments?post=1394"}],"version-history":[{"count":0,"href":"https:\/\/latecordoba.com\/index.php\/wp-json\/wp\/v2\/posts\/1394\/revisions"}],"wp:featuredmedia":[{"embeddable":true,"href":"https:\/\/latecordoba.com\/index.php\/wp-json\/wp\/v2\/media\/1395"}],"wp:attachment":[{"href":"https:\/\/latecordoba.com\/index.php\/wp-json\/wp\/v2\/media?parent=1394"}],"wp:term":[{"taxonomy":"category","embeddable":true,"href":"https:\/\/latecordoba.com\/index.php\/wp-json\/wp\/v2\/categories?post=1394"},{"taxonomy":"post_tag","embeddable":true,"href":"https:\/\/latecordoba.com\/index.php\/wp-json\/wp\/v2\/tags?post=1394"}],"curies":[{"name":"wp","href":"https:\/\/api.w.org\/{rel}","templated":true}]}}