{"id":1390,"date":"2023-02-21T01:16:06","date_gmt":"2023-02-21T01:16:06","guid":{"rendered":"https:\/\/viapais.com.ar\/rumbos\/nicole-neumann-y-un-outfit-pistero-bikers-minitop-y-borceguies-para-acompanar-a-manu-urcera\/"},"modified":"2023-02-21T01:16:06","modified_gmt":"2023-02-21T01:16:06","slug":"nicole-neumann-y-un-outfit-pistero-bikers-minitop-y-borceguies-para-acompanar-a-manu-urcera","status":"publish","type":"post","link":"https:\/\/latecordoba.com\/index.php\/2023\/02\/21\/nicole-neumann-y-un-outfit-pistero-bikers-minitop-y-borceguies-para-acompanar-a-manu-urcera\/","title":{"rendered":"Nicole Neumann y un outfit \u201cpistero\u201d: bikers, minitop y borcegu\u00edes para acompa\u00f1ar a Manu Urcera"},"content":{"rendered":"<br \/>\n<section readability=\"35.648164726947\">\n<p>La relaci\u00f3n de <a href=\"https:\/\/viapais.com.ar\/entretenimiento\/como-sera-el-casamiento-de-nicole-neumann-y-manu-urcera-todos-los-detalles\/\" target=\"_blank\" rel=\"noopener\"><b>Nicole Neumann <\/b>y <b>Manu Urcera<\/b><\/a> est\u00e1 en un gran momento. Reci\u00e9n comprometidos, disfrutan de este tiempo de preparaci\u00f3n a la boda.<\/p>\n<article class=\"article card \">\n<div class=\"article-inner \">\n<div class=\"article-image \"><a href=\"https:\/\/viapais.com.ar\/rumbos\/nicole-neumann-no-le-pone-freno-a-su-belleza-y-lo-demostro-con-un-cat-suit-morado\/\" title=\"Nicole Neumann\"><\/p>\n<figure><picture><img decoding=\"async\" loading=\"lazy\" alt=\"Nicole Neumann\" class=\"lazyload block \" src=\"http:\/\/latecordoba.com\/wp-content\/uploads\/2023\/02\/nicole-neumann-y-un-outfit-pistero-bikers-minitop-y-borceguies-para-acompanar-a-manu-urcera.png\" sizes=\"auto\" data-src=\"https:\/\/viapais.com.ar\/resizer\/XwkvaJcktj9jDtIWs0u4ZT4sSWk=\/307x173\/smart\/filters:quality(75):format(webp)\/cloudfront-us-east-1.images.arcpublishing.com\/grupoclarin\/4BQ2JMM26VHDJF7MBISIZDMPCE.jpg\" width=\"307px\" height=\"173px\"><\/picture><\/figure>\n<p><\/a><\/div>\n<\/div>\n<\/article>\n<p>Desde que hicieron p\u00fablico su romance, la modelo y el empresario -apasionado por el automovilismo- no han dejado pasar un d\u00eda sin demostrar cu\u00e1nto se apoyan. Se acompa\u00f1an mutuamente y eso salta al a vista.<\/p>\n<figure><picture><img alt=\"Nicole Neumann y Manu Urcera\" class=\"lazyload block \" sizes=\"auto\" data-src=\"http:\/\/latecordoba.com\/wp-content\/uploads\/2023\/02\/nicole-neumann-y-un-outfit-pistero-bikers-minitop-y-borceguies-para-acompanar-a-manu-urcera.jpg\" width=\"1023px\" height=\"1278px\"><\/picture><figcaption class>Nicole Neumann y Manu Urcera Foto: instagram<\/figcaption><\/figure>\n<p>Aunque suele ser <b>Mnu Urcera <\/b>quien acompa\u00f1a a <b>Nicole Neumann <\/b>a shows, viajes y presentaciones, esta vez le toc\u00f3 a ella hacer su parte. Enfundada en un look inspirado en el automovilismo y con muchos gui\u00f1os al deporte que practica su futuro marido, se subi\u00f3 a un avi\u00f3n y viaj\u00f3 a C\u00f3rdoba.<\/p>\n<figure><picture><img alt=\"Nicole Neumann y un look inspirado en el automovilismo para alentar a Manu Urcera en su primera carrera del a\u00f1o\" class=\"lazyload block \" sizes=\"auto\" data-src=\"http:\/\/latecordoba.com\/wp-content\/uploads\/2023\/02\/nicole-neumann-y-un-outfit-pistero-bikers-minitop-y-borceguies-para-acompanar-a-manu-urcera-1.jpg\" width=\"1023px\" height=\"1023px\"><\/picture><figcaption class>Nicole Neumann y un look inspirado en el automovilismo para alentar a Manu Urcera en su primera carrera del a\u00f1o Foto: instagram.com\/nikitaneumannoficial<\/figcaption><\/figure>\n<p>Es que \u00e9l era uno de los pilotos favoritos en el es uno de los pilotos favoritos del Turismo Naiconal, que tuvo su primera carrera del a\u00f1o en Alta Gracias. Con <b>Nicole <\/b>alent\u00e1ndolo, el piloto rionegrino tuvo un muy buen rendimiento&#8230; Aunque se qued\u00f3 afuera del podio ya que lleg\u00f3 en cuarto lugar.<\/p>\n<figure><picture><img alt=\"Nicole Neumann y un look inspirado en el automovilismo para alentar a Manu Urcera en su primera carrera del a\u00f1o\" class=\"lazyload block \" sizes=\"auto\" data-src=\"http:\/\/latecordoba.com\/wp-content\/uploads\/2023\/02\/nicole-neumann-y-un-outfit-pistero-bikers-minitop-y-borceguies-para-acompanar-a-manu-urcera-2.jpg\" width=\"1023px\" height=\"1023px\"><\/picture><figcaption class>Nicole Neumann y un look inspirado en el automovilismo para alentar a Manu Urcera en su primera carrera del a\u00f1o Foto: instagram.com\/nikitaneumannoficial<\/figcaption><\/figure>\n<article class=\"article card \">\n<div class=\"article-inner \">\n<div class=\"article-image \"><a href=\"https:\/\/viapais.com.ar\/rumbos\/nicole-neumann-no-le-pone-freno-a-su-belleza-y-lo-demostro-con-un-cat-suit-morado\/\" title=\"Nicole Neumann\"><\/p>\n<figure><picture><img decoding=\"async\" loading=\"lazy\" alt=\"Nicole Neumann\" class=\"lazyload block \" src=\"http:\/\/latecordoba.com\/wp-content\/uploads\/2023\/02\/nicole-neumann-y-un-outfit-pistero-bikers-minitop-y-borceguies-para-acompanar-a-manu-urcera.png\" sizes=\"auto\" data-src=\"https:\/\/viapais.com.ar\/resizer\/XwkvaJcktj9jDtIWs0u4ZT4sSWk=\/307x173\/smart\/filters:quality(75):format(webp)\/cloudfront-us-east-1.images.arcpublishing.com\/grupoclarin\/4BQ2JMM26VHDJF7MBISIZDMPCE.jpg\" width=\"307px\" height=\"173px\"><\/picture><\/figure>\n<p><\/a><\/div>\n<\/div>\n<\/article>\n<h2 class>Cu\u00e1ndo ser\u00e1 la boda de Nicole Neumann y Manu Urcera<\/h2>\n<p>Poco adelantaron <b>Nicole Neumann <\/b>y <b>Manuel Urcera <\/b>de su boda pero trascendi\u00f3 que tienen previsto casarse el 8 de diciembre.<\/p>\n<figure><picture><img alt=\"Nicole Neumann y Manu Urcera, comprometidos\" class=\"lazyload block \" sizes=\"auto\" data-src=\"http:\/\/latecordoba.com\/wp-content\/uploads\/2023\/02\/nicole-neumann-y-un-outfit-pistero-bikers-minitop-y-borceguies-para-acompanar-a-manu-urcera-3.jpg\" width=\"1023px\" height=\"1278px\"><\/picture><figcaption class>Nicole Neumann y Manu Urcera, comprometidos Foto: instagram\/nikitaneumannoficial<\/figcaption><\/figure>\n<p>La periodista Maite Pe\u00f1o\u00f1ori cont\u00f3 que aun no decidieron qui\u00e9n ser\u00e1 la wedding planner que tendr\u00e1 a cargo los preparativos de la boda. Y adelant\u00f3 que posiblemente sea en el Sur: Bariloche, Villa La Angostura y Neuqu\u00e9n son posibles locaciones para la boda.<\/p>\n<figure><picture><img alt=\"Nicole Neumann junto a Manu Urcera en Punta del Este\" class=\"lazyload block \" sizes=\"auto\" data-src=\"http:\/\/latecordoba.com\/wp-content\/uploads\/2023\/02\/nicole-neumann-y-un-outfit-pistero-bikers-minitop-y-borceguies-para-acompanar-a-manu-urcera-4.jpg\" width=\"1023px\" height=\"1278px\"><\/picture><figcaption class>Nicole Neumann junto a Manu Urcera en Punta del Este Foto: @nikitaneumannoficial<\/figcaption><\/figure>\n<p>\u201c(Manu Urcera) Quiere que tenga la onda de lo que se vio en el compromiso, <b>esa onda country, muy indie, muy boho<\/b>, quieren que vaya por ah\u00ed\u201d, cont\u00f3 tambi\u00e9n la periodista.<\/p>\n<\/section>\n<div class=\"noreadme-audima\">\n<h2>Temas Relacionados<\/h2>\n<\/div>\n","protected":false},"excerpt":{"rendered":"<p>La relaci\u00f3n de Nicole Neumann y Manu Urcera est\u00e1 en un gran momento. Reci\u00e9n comprometidos, disfrutan de este tiempo de preparaci\u00f3n a la boda. Desde que hicieron p\u00fablico su romance, la modelo y el empresario -apasionado por el automovilismo- no han dejado pasar un d\u00eda sin demostrar cu\u00e1nto se apoyan. Se acompa\u00f1an mutuamente y eso [&hellip;]<\/p>\n","protected":false},"author":1,"featured_media":1391,"comment_status":"closed","ping_status":"closed","sticky":false,"template":"","format":"standard","meta":[],"categories":[15],"tags":[],"_links":{"self":[{"href":"https:\/\/latecordoba.com\/index.php\/wp-json\/wp\/v2\/posts\/1390"}],"collection":[{"href":"https:\/\/latecordoba.com\/index.php\/wp-json\/wp\/v2\/posts"}],"about":[{"href":"https:\/\/latecordoba.com\/index.php\/wp-json\/wp\/v2\/types\/post"}],"author":[{"embeddable":true,"href":"https:\/\/latecordoba.com\/index.php\/wp-json\/wp\/v2\/users\/1"}],"replies":[{"embeddable":true,"href":"https:\/\/latecordoba.com\/index.php\/wp-json\/wp\/v2\/comments?post=1390"}],"version-history":[{"count":0,"href":"https:\/\/latecordoba.com\/index.php\/wp-json\/wp\/v2\/posts\/1390\/revisions"}],"wp:featuredmedia":[{"embeddable":true,"href":"https:\/\/latecordoba.com\/index.php\/wp-json\/wp\/v2\/media\/1391"}],"wp:attachment":[{"href":"https:\/\/latecordoba.com\/index.php\/wp-json\/wp\/v2\/media?parent=1390"}],"wp:term":[{"taxonomy":"category","embeddable":true,"href":"https:\/\/latecordoba.com\/index.php\/wp-json\/wp\/v2\/categories?post=1390"},{"taxonomy":"post_tag","embeddable":true,"href":"https:\/\/latecordoba.com\/index.php\/wp-json\/wp\/v2\/tags?post=1390"}],"curies":[{"name":"wp","href":"https:\/\/api.w.org\/{rel}","templated":true}]}}