{"id":1384,"date":"2023-02-16T13:28:23","date_gmt":"2023-02-16T13:28:23","guid":{"rendered":"https:\/\/www.eldiariodeturismo.com.ar\/?p=225623"},"modified":"2023-02-16T13:28:23","modified_gmt":"2023-02-16T13:28:23","slug":"latam-es-la-quinta-aerolinea-mas-sostenible-del-mundo-segun-standard-poors","status":"publish","type":"post","link":"https:\/\/latecordoba.com\/index.php\/2023\/02\/16\/latam-es-la-quinta-aerolinea-mas-sostenible-del-mundo-segun-standard-poors\/","title":{"rendered":"LATAM es la quinta aerol\u00ednea m\u00e1s sostenible del mundo seg\u00fan Standard &amp; Poor\u2019s"},"content":{"rendered":"<br \/>\n<h5 class=\"MsoNormal\" align=\"center\"><i><span lang=\"es\"><strong>A su vez, es la n\u00famero uno de la regi\u00f3n en la evaluaci\u00f3n de Sostenibilidad Corporativa (CSA) de la agencia de calificaci\u00f3n de riesgos que mide pr\u00e1cticas ambientales, sociales y de gobierno corporativo de las empresas.<\/strong><\/span><\/i><\/h5>\n<h2 class=\"MsoNormal\"><b><span lang=\"es\">&nbsp;<\/span><\/b><\/h2>\n<p class=\"MsoNormal\"><span lang=\"es\">LATAM Airlines Group es la quinta aerol\u00ednea con mejor desempe\u00f1o en sostenibilidad a nivel mundial y la primera en Am\u00e9rica y Europa, seg\u00fan la m\u00e1s reciente evaluaci\u00f3n de Sostenibilidad Corporativa (CSA), de Standard &amp; Poor \u2018s (S&amp;P Global).<\/span><\/p>\n<p class=\"MsoNormal\"><span lang=\"es\">&nbsp;<\/span><\/p>\n<p class=\"MsoNormal\"><span lang=\"es\">Este resultado le permiti\u00f3 al grupo ser la \u00fanica aerol\u00ednea del continente en estar presente en la edici\u00f3n 2023 de \u201cThe Sustainability Year book\u201d, anuario en el que la prestigiosa agencia de calificaci\u00f3n de riesgos S&amp;P destaca a aquellas empresas que han tenido un crecimiento sobresaliente en la evaluaci\u00f3n de su gesti\u00f3n de sostenibilidad, destacando por sus pr\u00e1cticas ambientales, sociales y de gobierno corporativo. <\/span><\/p>\n<p class=\"MsoNormal\"><span lang=\"es\">&nbsp;<\/span><\/p>\n<div>\n<p class=\"MsoNormal\"><span lang=\"es\"><img decoding=\"async\" loading=\"lazy\" class=\"size-medium wp-image-225624 alignright\" src=\"http:\/\/latecordoba.com\/wp-content\/uploads\/2023\/02\/latam-es-la-quinta-aerolinea-mas-sostenible-del-mundo-segun-standard-poors.jpg\" alt width=\"300\" height=\"200\" srcset=\"http:\/\/latecordoba.com\/wp-content\/uploads\/2023\/02\/latam-es-la-quinta-aerolinea-mas-sostenible-del-mundo-segun-standard-poors.jpg 300w, https:\/\/www.eldiariodeturismo.com.ar\/wp-content\/uploads\/2023\/02\/Juan-Jose-Toha.jpg 500w\" sizes=\"(max-width: 300px) 100vw, 300px\">\u201cLa positiva posici\u00f3n que alcanzamos en la evaluaci\u00f3n de sostenibilidad de Standard &amp;Poor\u00b4s refleja el trabajo sistem\u00e1tico que el grupo LATAM est\u00e1 ha<\/span><span lang=\"es\">ciendo, el cual se traduce en acciones concretas como eliminar los pl\u00e1sticos de un solo uso a final de este a\u00f1o, avanzar en la hoja de ruta para ser&nbsp; cero residuos a relleno sanitario al 2027 o la conservaci\u00f3n de m\u00e1s de 500 mil hect\u00e1reas en Sudam\u00e9rica\u201d,&nbsp; coment\u00f3 Juan Jos\u00e9 Toha, Director de Asuntos Co<span>rporativos y Sostenibilidad del grupo LATAM.<\/span><\/span><\/p>\n<p class=\"MsoNormal\"><span lang=\"es\">&nbsp;<\/span><\/p>\n<p class=\"MsoNormal\"><span lang=\"es\">Para clasificar en el anuario, las empresas deben obtener una puntuaci\u00f3n dentro del 15 % superior de su industria y alcanzar una puntuaci\u00f3n de sostenibilidad global de S&amp;P dentro del 30 % de la empresa con mejor desempe\u00f1o de su \u00e1rea. En la edici\u00f3n 2023, de un total de 7.800 empresas evaluadas, 57 fueron aerol\u00edneas, de las cuales, de acuerdo a la evaluaci\u00f3n, \u00fanicamente 5 ingresaron al anuario.<\/span><\/p>\n<p class=\"MsoNormal\"><span lang=\"es\">&nbsp;<\/span><\/p>\n<p class=\"MsoNormal\"><span lang=\"es\">Revisa las empresas que fueron incluidas <\/span><span lang=\"es\"><a href=\"https:\/\/www.spglobal.com\/esg\/csa\/yearbook\/\" target=\"_blank\" rel=\"noopener\"><b><span>aqu\u00ed.<\/span><\/b><\/a><\/span><\/p>\n<\/p><\/div>\n<p class=\"MsoNormal\"><b><span lang=\"es\">Sobre la Estrategia de Sostenibilidad<\/span><\/b><\/p>\n<p class=\"MsoNormal\"><span lang=\"es\">En mayo de 2021, LATAM lanz\u00f3 su renovada estrategia de sostenibilidad con tres pilares: Cambio clim\u00e1tico, Econom\u00eda circular y Valor compartido, donde destaca su compromiso con la protecci\u00f3n de los ecosistemas estrat\u00e9gicos de Am\u00e9rica del Sur, la migraci\u00f3n a un modelo cero residuos a relleno sanitario, y el disponibilizar su capacidad de conectividad en beneficio de las comunidades de la regi\u00f3n. Las metas establecidas por LATAM son reducir y compensar el equivalente al 50% de las emisiones dom\u00e9sticas al 2030, en el camino de lograr la carbono neutralidad al 2050. Adem\u00e1s, de fijar las metas de eliminar los pl\u00e1sticos de un solo uso en toda la operaci\u00f3n al 2023; y convertirnos en un grupo cero residuos a relleno sanitario en 2027.<\/span><\/p>\n<p>.<\/p>\n<p>FUENTE: BALLERO LUC &amp; ASOC.<\/p>\n","protected":false},"excerpt":{"rendered":"<p> A su vez, es la n\u00famero uno de la regi\u00f3n en la evaluaci\u00f3n de Sostenibilidad Corporativa (CSA) de la agencia  <\/p>\n","protected":false},"author":1,"featured_media":1385,"comment_status":"open","ping_status":"closed","sticky":false,"template":"","format":"standard","meta":[],"categories":[19],"tags":[],"_links":{"self":[{"href":"https:\/\/latecordoba.com\/index.php\/wp-json\/wp\/v2\/posts\/1384"}],"collection":[{"href":"https:\/\/latecordoba.com\/index.php\/wp-json\/wp\/v2\/posts"}],"about":[{"href":"https:\/\/latecordoba.com\/index.php\/wp-json\/wp\/v2\/types\/post"}],"author":[{"embeddable":true,"href":"https:\/\/latecordoba.com\/index.php\/wp-json\/wp\/v2\/users\/1"}],"replies":[{"embeddable":true,"href":"https:\/\/latecordoba.com\/index.php\/wp-json\/wp\/v2\/comments?post=1384"}],"version-history":[{"count":0,"href":"https:\/\/latecordoba.com\/index.php\/wp-json\/wp\/v2\/posts\/1384\/revisions"}],"wp:featuredmedia":[{"embeddable":true,"href":"https:\/\/latecordoba.com\/index.php\/wp-json\/wp\/v2\/media\/1385"}],"wp:attachment":[{"href":"https:\/\/latecordoba.com\/index.php\/wp-json\/wp\/v2\/media?parent=1384"}],"wp:term":[{"taxonomy":"category","embeddable":true,"href":"https:\/\/latecordoba.com\/index.php\/wp-json\/wp\/v2\/categories?post=1384"},{"taxonomy":"post_tag","embeddable":true,"href":"https:\/\/latecordoba.com\/index.php\/wp-json\/wp\/v2\/tags?post=1384"}],"curies":[{"name":"wp","href":"https:\/\/api.w.org\/{rel}","templated":true}]}}