{"id":1361,"date":"2023-02-15T13:12:53","date_gmt":"2023-02-15T13:12:53","guid":{"rendered":"https:\/\/ar.marca.com\/claro\/futbol-internacional\/liga-espanola\/2023\/02\/15\/63ecd211e2704e41608b4576.html"},"modified":"2023-02-15T13:12:53","modified_gmt":"2023-02-15T13:12:53","slug":"scaloni-deberia-entrenar-al-atletico-de-madrid","status":"publish","type":"post","link":"https:\/\/latecordoba.com\/index.php\/2023\/02\/15\/scaloni-deberia-entrenar-al-atletico-de-madrid\/","title":{"rendered":"&#8220;Scaloni deber\u00eda entrenar al Atl\u00e9tico de Madrid&#8221;"},"content":{"rendered":"\n<div class=\"media_block\"><a href=\"https:\/\/e00-ar-marca.uecdn.es\/claro\/assets\/multimedia\/imagenes\/2023\/02\/15\/16764671651750.png\"><img decoding=\"async\" src=\"http:\/\/latecordoba.com\/wp-content\/uploads\/2023\/02\/scaloni-deberia-entrenar-al-atletico-de-madrid.png\" class=\"media_thumbnail\"><\/a><img decoding=\"async\" src=\"http:\/\/videosar.marca.com\/v\/0_oze8mp3z-bernd-schuster-scaloni-deberia-entrenar-al-atletico-de-madrid\" class=\"media_thumbnail\"><\/div>\n<p><h2 class=\"section-title-group izquierda\"><span class=\"section-type\">Liga Espa\u00f1ola<\/span>&nbsp;<span class=\"subsection-type\">El t\u00e9cnico alem\u00e1n cree que el seleccionador de Argentina tiene el ADN del equipo rojiblanco<\/span><\/h2>\n<\/p>\n<div readability=\"57.584026622296\">\n<figure class=\"multimedia-item video\"><meta content=\"Bernd Schuster: &quot;Scaloni deber\u00eda entrenar al Atl\u00e9tico de Madrid&quot;\"><meta content=\"Descubre mas videos\"><meta content=\"http:\/\/latecordoba.com\/wp-content\/uploads\/2023\/02\/scaloni-deberia-entrenar-al-atletico-de-madrid.jpg\"><meta itemprop=\"contentURL\" content=\"https:\/\/ak.uecdn.es\/index.php\/kwidget\/wid\/_119\/uiconf_id\/8705453\/entry_id\/0_oze8mp3z\"><noscript><img decoding=\"async\" src=\"http:\/\/latecordoba.com\/wp-content\/uploads\/2023\/02\/scaloni-deberia-entrenar-al-atletico-de-madrid.jpg\"><\/noscript><figcaption class=\"caption\"><i class=\"icon-caption-video\"><\/i>Bernd Schuster: &#8220;Scaloni deber\u00eda entrenar al Atl\u00e9tico de Madrid&#8221; <\/figcaption><\/figure>\n<aside class=\"aside-tools byline-tools\"><\/aside>\n<p><a href=\"https:\/\/ar.marca.com\/claro\/futbol-internacional\/2023\/02\/15\/63eccf0ce2704ec6428b45e0.html\">El t\u00e9cnico alem\u00e1n <strong>Bernd Schuster<\/strong><\/a>, que jug\u00f3 por<strong> los tres grandes de Espa\u00f1a (Barcelona, Atl\u00e9tico de Madrid y Real Madrid)<\/strong> pas\u00f3 por los micr\u00f3fonos de <strong>Emiliano Nunia<\/strong> para hacer en <strong><em>&#8216;S\u00faper Deportivo Radio&#8217;<\/em><\/strong> el programa de <strong>Radio Villa Trinidad (Santa Fe)<\/strong> un repaso de todos los nombres propios del <strong>f\u00fatbol argentino en el mundo<\/strong>. <\/p>\n<p>Al tocar el tema de la <strong>Albiceleste <\/strong>compar\u00f3 la \u00e9poca de la <strong>Argentina de Bilardo y esta Selecci\u00f3n de Scaloni<\/strong> que gan\u00f3 el <strong>Mundial de Qatar 2022<\/strong> y compara a los dos \u00faltimos seleccionadores que ganaron una <strong>Copa del Mundo<\/strong>.<\/p>\n<p>&#8220;La gran ventaja de Scaloni es que conoce la nueva generaciones de futbolistas, a diferencia de los entrenadores de 60 a\u00f1os. <strong>Esta Selecci\u00f3n campe\u00f3n del mundo tuvo similitudes de la Selecci\u00f3n de Bilardo.<\/strong> Es m\u00e1s parecida a esa de <strong>Bilardo que a la de Menotti, porque Bilardo y Scaloni tuvieron a Maradona y Messi<\/strong> como sus estrellas claras de un principio&#8221;, especific\u00f3 el alem\u00e1n.<\/p>\n<p>Sobre un posible destino de <strong>Lionel Scaloni<\/strong> si es que no renueva con la <strong>Selecci\u00f3n Argentina<\/strong>, <strong>Schuster lo tiene claro: tiene que entrenar al Atl\u00e9tico de Madrid<\/strong>.<\/p>\n<p>&#8220;<strong>La filosof\u00eda del Atl\u00e9tico Madrid le encajar\u00eda perfectamente a Scaloni,<\/strong> porque los hinchas, el club y su filosof\u00eda de juego es muy parecida a la que demostr\u00f3 en el mundial. <strong>En el Barcelona ser\u00eda muy dif\u00edcil porque esa filosof\u00eda cambi\u00f3 con Johan Cruyff.<\/strong> Habr\u00eda que ver si fuera capaz de adaptarse a eso. <strong>\u00bfPor qu\u00e9 no podr\u00eda ser el reemplazante de Simeone?<\/strong> Lo que consigui\u00f3 <strong>Simeone <\/strong>fue b\u00e1rbaro, inigualable. La pena de todo esto es que alg\u00fan d\u00eda habr\u00e1 un final. Puede ser una opci\u00f3n en el futuro&#8221;, expres\u00f3.<\/p>\n<aside class=\"related-tags\"><\/aside>\n<\/div>\n","protected":false},"excerpt":{"rendered":"\n<div class=\"media_block\"><a href=\"https:\/\/e00-ar-marca.uecdn.es\/claro\/assets\/multimedia\/imagenes\/2023\/02\/15\/16764671651750.png\"><img decoding=\"async\" src=\"http:\/\/latecordoba.com\/wp-content\/uploads\/2023\/02\/scaloni-deberia-entrenar-al-atletico-de-madrid.png\" class=\"media_thumbnail\"><\/a><img decoding=\"async\" src=\"http:\/\/videosar.marca.com\/v\/0_oze8mp3z-bernd-schuster-scaloni-deberia-entrenar-al-atletico-de-madrid\" class=\"media_thumbnail\"><\/div>\n<p>&nbsp;<a href=\"https:\/\/ar.marca.com\/claro\/futbol-internacional\/liga-espanola\/2023\/02\/15\/63ecd211e2704e41608b4576.html\"> Leer <\/a><img decoding=\"async\" src=\"http:\/\/latecordoba.com\/wp-content\/uploads\/2023\/02\/scaloni-deberia-entrenar-al-atletico-de-madrid.gif\" alt=\"\"\/> <\/p>\n","protected":false},"author":1,"featured_media":1362,"comment_status":"closed","ping_status":"closed","sticky":false,"template":"","format":"standard","meta":[],"categories":[17],"tags":[],"_links":{"self":[{"href":"https:\/\/latecordoba.com\/index.php\/wp-json\/wp\/v2\/posts\/1361"}],"collection":[{"href":"https:\/\/latecordoba.com\/index.php\/wp-json\/wp\/v2\/posts"}],"about":[{"href":"https:\/\/latecordoba.com\/index.php\/wp-json\/wp\/v2\/types\/post"}],"author":[{"embeddable":true,"href":"https:\/\/latecordoba.com\/index.php\/wp-json\/wp\/v2\/users\/1"}],"replies":[{"embeddable":true,"href":"https:\/\/latecordoba.com\/index.php\/wp-json\/wp\/v2\/comments?post=1361"}],"version-history":[{"count":0,"href":"https:\/\/latecordoba.com\/index.php\/wp-json\/wp\/v2\/posts\/1361\/revisions"}],"wp:featuredmedia":[{"embeddable":true,"href":"https:\/\/latecordoba.com\/index.php\/wp-json\/wp\/v2\/media\/1362"}],"wp:attachment":[{"href":"https:\/\/latecordoba.com\/index.php\/wp-json\/wp\/v2\/media?parent=1361"}],"wp:term":[{"taxonomy":"category","embeddable":true,"href":"https:\/\/latecordoba.com\/index.php\/wp-json\/wp\/v2\/categories?post=1361"},{"taxonomy":"post_tag","embeddable":true,"href":"https:\/\/latecordoba.com\/index.php\/wp-json\/wp\/v2\/tags?post=1361"}],"curies":[{"name":"wp","href":"https:\/\/api.w.org\/{rel}","templated":true}]}}