{"id":1359,"date":"2023-02-17T18:49:05","date_gmt":"2023-02-17T18:49:05","guid":{"rendered":"https:\/\/ar.marca.com\/claro\/futbol\/primera-division\/2023\/02\/17\/63efcb33e2704ebe228b459a.html"},"modified":"2023-02-17T18:49:05","modified_gmt":"2023-02-17T18:49:05","slug":"el-futbol-argentino-hara-un-minuto-de-silencio-por-las-victimas-del-terremoto-en-turquia-y-siria","status":"publish","type":"post","link":"https:\/\/latecordoba.com\/index.php\/2023\/02\/17\/el-futbol-argentino-hara-un-minuto-de-silencio-por-las-victimas-del-terremoto-en-turquia-y-siria\/","title":{"rendered":"El f\u00fatbol argentino har\u00e1 un minuto de silencio por las v\u00edctimas del terremoto en Turqu\u00eda y Siria"},"content":{"rendered":"\n<div class=\"media_block\"><a href=\"http:\/\/latecordoba.com\/wp-content\/uploads\/2023\/02\/el-futbol-argentino-hara-un-minuto-de-silencio-por-las-victimas-del-terremoto-en-turquia-y-siria-1.jpg\"><img decoding=\"async\" src=\"http:\/\/latecordoba.com\/wp-content\/uploads\/2023\/02\/el-futbol-argentino-hara-un-minuto-de-silencio-por-las-victimas-del-terremoto-en-turquia-y-siria.jpg\" class=\"media_thumbnail\"><\/a><\/div>\n<p><h2 class=\"section-title-group izquierda\"><span class=\"section-type\">Liga Profesional<\/span>&nbsp;<span class=\"subsection-type\">Se homenajear\u00e1n a los fallecidos en la cat\u00e1strofe natural que se llev\u00f3 m\u00e1s de 40 mil vidas<\/span><\/h2>\n<\/p>\n<div readability=\"65.963466042155\">\n<figure class=\"multimedia-item image\"><img decoding=\"async\" src=\"http:\/\/latecordoba.com\/wp-content\/uploads\/2023\/02\/el-futbol-argentino-hara-un-minuto-de-silencio-por-las-victimas-del-terremoto-en-turquia-y-siria-1.jpg\" class=\"full-image\"><\/figure>\n<aside class=\"aside-tools byline-tools\"><\/aside>\n<p><strong>La Asociaci\u00f3n del F\u00fatbol Argentino (AFA) inform\u00f3 que en todas las categor\u00edas que componen la disciplina local se realizar\u00e1 un minuto de silencio en homenaje a los fallecidos en la cat\u00e1strofe natural que se llev\u00f3 m\u00e1s de 40 mil vidas en Turqu\u00eda y Siria.<\/strong><\/p>\n<p>Mediante el bolet\u00edn oficial que emiti\u00f3 la AFA, inform\u00f3 que todas las categor\u00edas del f\u00fatbol argentino tendr\u00e1n un minuto de silencio en conmemoraci\u00f3n por los fallecidos en la cat\u00e1strofe natural que se produjo hace casi dos semanas<strong> producto de un terremoto de magnitud 7,8.<\/strong><\/p>\n<p>El suceso tuvo lugar el lunes 6 de febrero a primera hora en el sureste de Turqu\u00eda y Siria. El episodio provoc\u00f3 destrozos al derribar edificios y hay, hasta ahora, m\u00e1s de 40.000 personas muertas, adem\u00e1s de cientos de miles de heridos.<\/p>\n<p>Tambi\u00e9n hay gente desaparecida, como el estremecedor caso del futbolista Christian Atsu, quien alcanz\u00f3 su fama al militar en el Chelsea. Por este motivo, la AFA decidi\u00f3 rendirles tributo con un minuto de silencio previo a cada encuentro de este fin de semana en todas las categor\u00edas.<\/p>\n<p><strong>&#8220;La Asociaci\u00f3n del F\u00fatbol Argentino dispuso la realizaci\u00f3n de un minuto de silencio previo al inicio de los partidos correspondientes al pr\u00f3ximo fin de semana&#8221;<\/strong>, inicia el comunicado del mayor ente nacional de f\u00fatbol en el que anuncian esta decisi\u00f3n.<\/p>\n<blockquote class=\"twitter-tweet\" readability=\"11.379710144928\">\n<p lang=\"es\" dir=\"ltr\"> MINUTO DE SILENCIO POR LOS FALLECIDOS EN EL TERREMOTO <\/p>\n<p>AFA sac\u00f3 un comunicado: &#8220;Se dispuso la realizaci\u00f3n de un minuto de silencio previo al inicio de los partidos correspondientes al pr\u00f3ximo fin de semana&#8221;<\/p>\n<p>Ya fueron reportadas m\u00e1s de 42.000 muertes a causa de la tragedia <a href=\"https:\/\/t.co\/46Ijdr4F7V\">pic.twitter.com\/46Ijdr4F7V<\/a><\/p>\n<p>? Diario Ol\u00e9 (@DiarioOle) <a href=\"https:\/\/twitter.com\/DiarioOle\/status\/1626609670587658243?ref_src=twsrc%5Etfw\">February 17, 2023<\/a><\/p>\n<\/blockquote>\n<p>La AFA tambi\u00e9n hace un llamado a la solidaridad para ayudar a los dos pa\u00edses en este duro momento. <strong>&#8220;Se insta a aquellos que quieran hacer llegar sus colaboraciones a que se dirijan y hagan llegar las mismas a las representaciones de la Rep\u00fablica \u00c1rabe de Siria y de la Rep\u00fablica de Turqu\u00eda en nuestro pa\u00eds&#8221;<\/strong>, concluye el mensaje.<\/p>\n<aside class=\"related-tags\"><\/aside>\n<\/div>\n","protected":false},"excerpt":{"rendered":"\n<div class=\"media_block\"><a href=\"http:\/\/latecordoba.com\/wp-content\/uploads\/2023\/02\/el-futbol-argentino-hara-un-minuto-de-silencio-por-las-victimas-del-terremoto-en-turquia-y-siria-1.jpg\"><img decoding=\"async\" src=\"http:\/\/latecordoba.com\/wp-content\/uploads\/2023\/02\/el-futbol-argentino-hara-un-minuto-de-silencio-por-las-victimas-del-terremoto-en-turquia-y-siria.jpg\" class=\"media_thumbnail\"><\/a><\/div>\n<p>&nbsp;<a href=\"https:\/\/ar.marca.com\/claro\/futbol\/primera-division\/2023\/02\/17\/63efcb33e2704ebe228b459a.html\"> Leer <\/a><img decoding=\"async\" src=\"http:\/\/latecordoba.com\/wp-content\/uploads\/2023\/02\/el-futbol-argentino-hara-un-minuto-de-silencio-por-las-victimas-del-terremoto-en-turquia-y-siria.gif\" alt=\"\"\/> <\/p>\n","protected":false},"author":1,"featured_media":1360,"comment_status":"closed","ping_status":"closed","sticky":false,"template":"","format":"standard","meta":[],"categories":[17],"tags":[],"_links":{"self":[{"href":"https:\/\/latecordoba.com\/index.php\/wp-json\/wp\/v2\/posts\/1359"}],"collection":[{"href":"https:\/\/latecordoba.com\/index.php\/wp-json\/wp\/v2\/posts"}],"about":[{"href":"https:\/\/latecordoba.com\/index.php\/wp-json\/wp\/v2\/types\/post"}],"author":[{"embeddable":true,"href":"https:\/\/latecordoba.com\/index.php\/wp-json\/wp\/v2\/users\/1"}],"replies":[{"embeddable":true,"href":"https:\/\/latecordoba.com\/index.php\/wp-json\/wp\/v2\/comments?post=1359"}],"version-history":[{"count":0,"href":"https:\/\/latecordoba.com\/index.php\/wp-json\/wp\/v2\/posts\/1359\/revisions"}],"wp:featuredmedia":[{"embeddable":true,"href":"https:\/\/latecordoba.com\/index.php\/wp-json\/wp\/v2\/media\/1360"}],"wp:attachment":[{"href":"https:\/\/latecordoba.com\/index.php\/wp-json\/wp\/v2\/media?parent=1359"}],"wp:term":[{"taxonomy":"category","embeddable":true,"href":"https:\/\/latecordoba.com\/index.php\/wp-json\/wp\/v2\/categories?post=1359"},{"taxonomy":"post_tag","embeddable":true,"href":"https:\/\/latecordoba.com\/index.php\/wp-json\/wp\/v2\/tags?post=1359"}],"curies":[{"name":"wp","href":"https:\/\/api.w.org\/{rel}","templated":true}]}}