{"id":1357,"date":"2023-02-17T19:00:50","date_gmt":"2023-02-17T19:00:50","guid":{"rendered":"https:\/\/ar.marca.com\/claro\/futbol\/primera-division\/2023\/02\/17\/63efcebb22601d56028b45d6.html"},"modified":"2023-02-17T19:00:50","modified_gmt":"2023-02-17T19:00:50","slug":"mauro-vigliano-fue-suspendido-una-fecha-tras-el-gol-anulado-a-argentinos-juniors-frente-a-river","status":"publish","type":"post","link":"https:\/\/latecordoba.com\/index.php\/2023\/02\/17\/mauro-vigliano-fue-suspendido-una-fecha-tras-el-gol-anulado-a-argentinos-juniors-frente-a-river\/","title":{"rendered":"Mauro Vigliano fue suspendido una fecha tras el gol anulado a Argentinos Juniors frente a River"},"content":{"rendered":"\n<div class=\"media_block\"><a href=\"http:\/\/latecordoba.com\/wp-content\/uploads\/2023\/02\/mauro-vigliano-fue-suspendido-una-fecha-tras-el-gol-anulado-a-argentinos-juniors-frente-a-river-1.jpg\"><img decoding=\"async\" src=\"http:\/\/latecordoba.com\/wp-content\/uploads\/2023\/02\/mauro-vigliano-fue-suspendido-una-fecha-tras-el-gol-anulado-a-argentinos-juniors-frente-a-river.jpg\" class=\"media_thumbnail\"><\/a><\/div>\n<p><h2 class=\"section-title-group izquierda\"><span class=\"section-type\">Liga Profesional<\/span>&nbsp;<span class=\"subsection-type\">El \u00e1rbitro fue el encargado del VAR en la victoria -llena de pol\u00e9micas- del Millonario ante el Bicho<\/span><\/h2>\n<\/p>\n<div readability=\"84.819169639961\">\n<figure class=\"multimedia-item image\"><img decoding=\"async\" src=\"http:\/\/latecordoba.com\/wp-content\/uploads\/2023\/02\/mauro-vigliano-fue-suspendido-una-fecha-tras-el-gol-anulado-a-argentinos-juniors-frente-a-river-1.jpg\" class=\"full-image\"><\/figure>\n<aside class=\"aside-tools byline-tools\"><\/aside>\n<p><strong>El \u00e1rbitro Mauro Vigliano fue suspendido por una fecha este viernes luego de su pol\u00e9mica labor en el VAR durante el encuentro en el que River venci\u00f3 a Argentinos Juniors por 2 a 1<\/strong> que dej\u00f3 varias acciones bajo la lupa y que privaron al conjunto de La Paternal de al menos lograr un empate.<\/p>\n<p>Si bien en el ojo de la tormenta qued\u00f3 tanto Vigliano como el \u00e1rbitro principal Fernando Rapallini, este \u00faltimo no fue sancionado como su compa\u00f1ero que desencaden\u00f3 la pol\u00e9mica cuando anul\u00f3 el segundo gol del equipo de Gabriel Milito que hubiese significado el empate.<\/p>\n<p>Pese a que Rapallini tampoco convalido lo que hubiese sido el primer grito de los de La Paternal a instancias de la tecnolog\u00eda por un milim\u00e9trico fuera de juego que la Asociaci\u00f3n del F\u00fatbol Argentino (AFA) consider\u00f3 como una decisi\u00f3n correcta, la acci\u00f3n que llev\u00f3 a la AFA a suspender por una fecha a Vigliano, quien era el que manejaba el VAR el domingo en N\u00fa\u00f1ez.<\/p>\n<p><strong>Gabriel \u00c1valos lanzo un pelotazo filtrado para Leonardo Heredia, que lleg\u00f3 antes que Franco Armani y la punte\u00f3 para que Jos\u00e9 Herrera marque el 2-2 definitivo. No obstante, el juez de l\u00ednea cobr\u00f3 offside y Rapallini, tras varios minutos de demora cobr\u00f3 fuera de juego a instancias de la tecnolog\u00eda.<\/strong><\/p>\n<p>Fue final con pol\u00e9mica en el estadio Monumental, ya que las im\u00e1genes del delantero del &#8220;Bicho&#8221; no mostraban un fehaciente fuera de juego, al mismo tiempo que hay un llamativo movimiento de piernas en las repeticiones que mostr\u00f3 el Videoarbitraje a la hora de trazar las l\u00edneas para anular la jugada.<\/p>\n<p>Ante este panorama y un sinf\u00edn de sospechas entorno al arbitraje del pasado domingo que hasta incluy\u00f3 una explosiva carta del vicepresidente primero de Argentinos, la casa madre del f\u00fatbol argentino decidi\u00f3 marginar de la actividad a Vigliano durante la cuarta fecha de la Liga Profesional 2023.<\/p>\n<p>Por su parte, el vicepresidente Adri\u00e1n P\u00e9rez, se hab\u00eda manifestado en su cuenta de Twitter oficial: &#8220;Las socias, socios, hinchas y simpatizantes, tienen que tener la absoluta tranquilidad que defenderemos los intereses de nuestra Instituci\u00f3n en el \u00e1mbito y lugar que corresponden, para que los hechos tan evidentes y lamentables del partido de ayer, no vuelvan a repetirse&#8221;.<\/p>\n<blockquote class=\"twitter-tweet\" readability=\"14.009009009009\">\n<p lang=\"es\" dir=\"ltr\"><a href=\"https:\/\/twitter.com\/hashtag\/AAAJ?src=hash&amp;ref_src=twsrc%5Etfw\">#AAAJ<\/a> Las socias, socios, hinchas y simpatizantes, tienen que tener la absoluta tranquilidad que defenderemos los intereses de nuestra Instituci\u00f3n en el \u00e1mbito y lugar que corresponden, para que los hechos tan evidentes y lamentables del partido de ayer, no vuelvan a repetirse.<\/p>\n<p>? Adri\u00e1n P\u00e9rez (@adrianperez1973) <a href=\"https:\/\/twitter.com\/adrianperez1973\/status\/1625114881912369153?ref_src=twsrc%5Etfw\">February 13, 2023<\/a><\/p>\n<\/blockquote>\n<blockquote class=\"twitter-tweet\" readability=\"13.009646302251\">\n<p lang=\"es\" dir=\"ltr\"><a href=\"https:\/\/twitter.com\/hashtag\/AAAJ?src=hash&amp;ref_src=twsrc%5Etfw\">#AAAJ<\/a> Ni los fallos arbitrales, ni la manipulaci\u00f3n del VAR, ni nada ni nadie, har\u00e1n que deje de sentirme orgulloso de este proyecto futbol\u00edstico encabezado por el se\u00f1or Gabriel Milito y este plantel de jugadores.<br \/>PODR\u00c1N ROBARME TODO, MENOS LA ILUSI\u00d3N!!!<\/p>\n<p>? Adri\u00e1n P\u00e9rez (@adrianperez1973) <a href=\"https:\/\/twitter.com\/adrianperez1973\/status\/1625115164897947648?ref_src=twsrc%5Etfw\">February 13, 2023<\/a><\/p>\n<\/blockquote>\n<aside class=\"related-tags\"><\/aside>\n<\/div>\n","protected":false},"excerpt":{"rendered":"\n<div class=\"media_block\"><a href=\"http:\/\/latecordoba.com\/wp-content\/uploads\/2023\/02\/mauro-vigliano-fue-suspendido-una-fecha-tras-el-gol-anulado-a-argentinos-juniors-frente-a-river-1.jpg\"><img decoding=\"async\" src=\"http:\/\/latecordoba.com\/wp-content\/uploads\/2023\/02\/mauro-vigliano-fue-suspendido-una-fecha-tras-el-gol-anulado-a-argentinos-juniors-frente-a-river.jpg\" class=\"media_thumbnail\"><\/a><\/div>\n<p>&nbsp;<a href=\"https:\/\/ar.marca.com\/claro\/futbol\/primera-division\/2023\/02\/17\/63efcebb22601d56028b45d6.html\"> Leer <\/a><img decoding=\"async\" src=\"http:\/\/latecordoba.com\/wp-content\/uploads\/2023\/02\/mauro-vigliano-fue-suspendido-una-fecha-tras-el-gol-anulado-a-argentinos-juniors-frente-a-river.gif\" alt=\"\"\/> <\/p>\n","protected":false},"author":1,"featured_media":1358,"comment_status":"closed","ping_status":"closed","sticky":false,"template":"","format":"standard","meta":[],"categories":[17],"tags":[],"_links":{"self":[{"href":"https:\/\/latecordoba.com\/index.php\/wp-json\/wp\/v2\/posts\/1357"}],"collection":[{"href":"https:\/\/latecordoba.com\/index.php\/wp-json\/wp\/v2\/posts"}],"about":[{"href":"https:\/\/latecordoba.com\/index.php\/wp-json\/wp\/v2\/types\/post"}],"author":[{"embeddable":true,"href":"https:\/\/latecordoba.com\/index.php\/wp-json\/wp\/v2\/users\/1"}],"replies":[{"embeddable":true,"href":"https:\/\/latecordoba.com\/index.php\/wp-json\/wp\/v2\/comments?post=1357"}],"version-history":[{"count":0,"href":"https:\/\/latecordoba.com\/index.php\/wp-json\/wp\/v2\/posts\/1357\/revisions"}],"wp:featuredmedia":[{"embeddable":true,"href":"https:\/\/latecordoba.com\/index.php\/wp-json\/wp\/v2\/media\/1358"}],"wp:attachment":[{"href":"https:\/\/latecordoba.com\/index.php\/wp-json\/wp\/v2\/media?parent=1357"}],"wp:term":[{"taxonomy":"category","embeddable":true,"href":"https:\/\/latecordoba.com\/index.php\/wp-json\/wp\/v2\/categories?post=1357"},{"taxonomy":"post_tag","embeddable":true,"href":"https:\/\/latecordoba.com\/index.php\/wp-json\/wp\/v2\/tags?post=1357"}],"curies":[{"name":"wp","href":"https:\/\/api.w.org\/{rel}","templated":true}]}}