{"id":1355,"date":"2023-02-17T23:21:19","date_gmt":"2023-02-17T23:21:19","guid":{"rendered":"https:\/\/ar.marca.com\/claro\/futbol\/primera-division\/2023\/02\/18\/63f00bb9ca4741f70d8b45cc.html"},"modified":"2023-02-17T23:21:19","modified_gmt":"2023-02-17T23:21:19","slug":"gimnasia-le-gano-al-invicto-instituto-y-obtuvo-su-primera-victoria-en-la-liga-profesional","status":"publish","type":"post","link":"https:\/\/latecordoba.com\/index.php\/2023\/02\/17\/gimnasia-le-gano-al-invicto-instituto-y-obtuvo-su-primera-victoria-en-la-liga-profesional\/","title":{"rendered":"Gimnasia le gan\u00f3 al invicto Instituto y obtuvo su primera victoria en la Liga Profesional"},"content":{"rendered":"\n<div class=\"media_block\"><a href=\"http:\/\/latecordoba.com\/wp-content\/uploads\/2023\/02\/gimnasia-le-gano-al-invicto-instituto-y-obtuvo-su-primera-victoria-en-la-liga-profesional-1.jpg\"><img decoding=\"async\" src=\"http:\/\/latecordoba.com\/wp-content\/uploads\/2023\/02\/gimnasia-le-gano-al-invicto-instituto-y-obtuvo-su-primera-victoria-en-la-liga-profesional.jpg\" class=\"media_thumbnail\"><\/a><\/div>\n<p><h2 class=\"section-title-group izquierda\"><span class=\"section-type\">Liga Profesional<\/span>&nbsp;<span class=\"subsection-type\">Con goles de Nicol\u00e1s Cont\u00edn y Eric Ram\u00edrez, el &#8220;Lobo&#8221; volvi\u00f3 al triunfo luego de siete partidos.<\/span><\/h2>\n<\/p>\n<div readability=\"52.12549960032\">\n<figure class=\"multimedia-item image\"><img decoding=\"async\" src=\"http:\/\/latecordoba.com\/wp-content\/uploads\/2023\/02\/gimnasia-le-gano-al-invicto-instituto-y-obtuvo-su-primera-victoria-en-la-liga-profesional-1.jpg\" class=\"full-image\"><\/figure>\n<aside class=\"aside-tools byline-tools\"><\/aside>\n<p><strong>Gimnasia venci\u00f3, esta tarde, a Instituto por 2-0 con goles de Nicol\u00e1s Cont\u00edn y Eric Ram\u00edrez en el Estadio Juan Carmelo Zerillo de La Plata <\/strong>en el marco de la apertura de la cuarta fecha de la Liga Profesional de F\u00fatbol 2023.<\/p>\n<p>El &#8220;Lobo&#8221; fue quien golpe\u00f3 primero tras un<strong> error garrafal de Fernando Alarc\u00f3n que, con un fallido pase en direcci\u00f3n a Jorge Carranza, dej\u00f3 solo a Nicola Cont\u00edn que eludi\u00f3 al arquero de la &#8220;Gloria&#8221; y marc\u00f3 el 1-0.<\/strong><\/p>\n<p>Ya en la segunda parte, a los 10 minutos,<strong> Guillermo Enrique envi\u00f3 un buscapi\u00e9 desde el sector izquierdo que super\u00f3 al portero del equipo c\u00f3rdobes y dej\u00f3 solo a Eric Ram\u00edrez que, nada m\u00e1s, tuvo que empujar la pelota para anotar el 2-0.<\/strong><\/p>\n<p>El &#8220;Tripero&#8221;, que alcanza los cuatro puntos en este inicio de temporada, continuara su camino en el torneo el<strong> pr\u00f3ximo lunes cuando visite el Estadio Claudio Fabi\u00e1n Tapia para enfrentar a Barracas Central a las 17 <\/strong>mientras que, por el lado de los de Lucas Bovaglio, recibir\u00e1n el <strong>pr\u00f3ximo s\u00e1bado a las 21.30 a Newell&#8217;s Old Boys en el Estadio Juan Domingo Per\u00f3n de Alta C\u00f3rdoba.<\/strong><\/p>\n<aside class=\"related-tags\"><\/aside>\n<\/div>\n","protected":false},"excerpt":{"rendered":"\n<div class=\"media_block\"><a href=\"http:\/\/latecordoba.com\/wp-content\/uploads\/2023\/02\/gimnasia-le-gano-al-invicto-instituto-y-obtuvo-su-primera-victoria-en-la-liga-profesional-1.jpg\"><img decoding=\"async\" src=\"http:\/\/latecordoba.com\/wp-content\/uploads\/2023\/02\/gimnasia-le-gano-al-invicto-instituto-y-obtuvo-su-primera-victoria-en-la-liga-profesional.jpg\" class=\"media_thumbnail\"><\/a><\/div>\n<p>&nbsp;<a href=\"https:\/\/ar.marca.com\/claro\/futbol\/primera-division\/2023\/02\/18\/63f00bb9ca4741f70d8b45cc.html\"> Leer <\/a><img decoding=\"async\" src=\"http:\/\/latecordoba.com\/wp-content\/uploads\/2023\/02\/gimnasia-le-gano-al-invicto-instituto-y-obtuvo-su-primera-victoria-en-la-liga-profesional.gif\" alt=\"\"\/> <\/p>\n","protected":false},"author":1,"featured_media":1356,"comment_status":"closed","ping_status":"closed","sticky":false,"template":"","format":"standard","meta":[],"categories":[17],"tags":[],"_links":{"self":[{"href":"https:\/\/latecordoba.com\/index.php\/wp-json\/wp\/v2\/posts\/1355"}],"collection":[{"href":"https:\/\/latecordoba.com\/index.php\/wp-json\/wp\/v2\/posts"}],"about":[{"href":"https:\/\/latecordoba.com\/index.php\/wp-json\/wp\/v2\/types\/post"}],"author":[{"embeddable":true,"href":"https:\/\/latecordoba.com\/index.php\/wp-json\/wp\/v2\/users\/1"}],"replies":[{"embeddable":true,"href":"https:\/\/latecordoba.com\/index.php\/wp-json\/wp\/v2\/comments?post=1355"}],"version-history":[{"count":0,"href":"https:\/\/latecordoba.com\/index.php\/wp-json\/wp\/v2\/posts\/1355\/revisions"}],"wp:featuredmedia":[{"embeddable":true,"href":"https:\/\/latecordoba.com\/index.php\/wp-json\/wp\/v2\/media\/1356"}],"wp:attachment":[{"href":"https:\/\/latecordoba.com\/index.php\/wp-json\/wp\/v2\/media?parent=1355"}],"wp:term":[{"taxonomy":"category","embeddable":true,"href":"https:\/\/latecordoba.com\/index.php\/wp-json\/wp\/v2\/categories?post=1355"},{"taxonomy":"post_tag","embeddable":true,"href":"https:\/\/latecordoba.com\/index.php\/wp-json\/wp\/v2\/tags?post=1355"}],"curies":[{"name":"wp","href":"https:\/\/api.w.org\/{rel}","templated":true}]}}