{"id":1353,"date":"2023-02-20T13:13:00","date_gmt":"2023-02-20T13:13:00","guid":{"rendered":"https:\/\/www.lapoliticaonline.com\/internacionales\/lula-aumenta-la-presion-sobre-el-banco-central-y-en-el-pt-quieren-que-renuncie\/"},"modified":"2023-02-20T13:13:00","modified_gmt":"2023-02-20T13:13:00","slug":"lula-aumenta-la-presion-sobre-el-presidente-del-banco-central-para-que-relaje-los-controles-monetarios","status":"publish","type":"post","link":"https:\/\/latecordoba.com\/index.php\/2023\/02\/20\/lula-aumenta-la-presion-sobre-el-presidente-del-banco-central-para-que-relaje-los-controles-monetarios\/","title":{"rendered":"Lula aumenta la presi\u00f3n sobre el presidente del Banco Central para que relaje los controles monetarios"},"content":{"rendered":"\n<div id=\"vsmcontent\" readability=\"120.45014807502\">\n<p>La tensi\u00f3n entre Lula y el presidente del Banco Central de Brasil, Roberto Campos Neto, no se detiene. El titular del BC brind\u00f3 una entrevista donde aclar\u00f3 que no quiere pelear con el Jefe de Estado pero encendi\u00f3 la llama al defender las metas de inflaci\u00f3n.&nbsp;<\/p>\n<p>&#8220;Si cambiamos la&nbsp;meta de inflaci\u00f3n&nbsp;, tendremos el efecto contrario. El mercado elevar\u00e1 el riesgo. No se gana credibilidad aumentando la meta. Es importante no cambiar la regla en el medio del partido&#8221;, asegur\u00f3.<\/p>\n<p>Las diferencias son tan grandes que tuvo que posponerse la reuni\u00f3n del&nbsp;Consejo Monetario Nacional donde se iban a reunir el&nbsp;ministro&nbsp;de Hacienda&nbsp;Fernando&nbsp;Haddad, la&nbsp;ministra&nbsp;de Planeamiento Simone Tebet y Campos Neto. En esa reuni\u00f3n se iba a fijar las metas de&nbsp;inflaci\u00f3n&nbsp;y las&nbsp;tasas&nbsp;de&nbsp;inter\u00e9s, pero la decisi\u00f3n se pospuso.<\/p>\n<p><a href=\"https:\/\/www.lapoliticaonline.com\/tools\/redirect.php?t=3&amp;i=250457&amp;s=6a0098b4ceb0cfc29b021f2e903620f4\" class=\"link-type-content content-type-noticia-ar\">La pelea de Lula con el Banco Central de Brasil complica la moneda com\u00fan con Argentina<\/a><\/p>\n<p>Lula y su gabinete consideran que la&nbsp;tasa de inter\u00e9s es muy elevada y afecta el crecimiento del gobierno, restringe el cr\u00e9dito, encarece el precio del dinero y beneficia a la especulaci\u00f3n por sobre la inversi\u00f3n productiva. A su vez, planea elevar la meta de inflaci\u00f3n que est\u00e1 en 3,7 anual para motorizar el crecimiento.<\/p>\n<p>En el caso de la tasa inter\u00e9s, el n\u00famero que maneja el Central y es de 3,25 pero en el equipo de Haddad creen que debe ser m\u00e1s elevada. &#8220;En este momento no nos importa tanto cambiar la meta de inflaci\u00f3n, s\u00ed queremos discutir la tasa&#8221;, reconoce a LPO una fuente del equipo del ministro de Hacienda de Brasil. &nbsp;&#8220;Lo que hace el Banco Central con la tasa de inter\u00e9s es afecta la inflaci\u00f3n de oferta, eso perjudica a las empresas y a la producci\u00f3n&#8221;, a\u00f1ade.<\/p>\n<figure class=\"vsmimage\" contenteditable=\"false\"><img decoding=\"async\" loading=\"lazy\" alt=\"Roberto Campos Neto con Paulo Guedes y Bolsonaro.&amp;nbsp;\" data-vsmid=\"56516\" data-owidth=\"1366\" data-oheight=\"910\" src=\"data:image\/png;base64,iVBORw0KGgoAAAANSUhEUgAAA7YAAAJzAQMAAAABZh1oAAAAA1BMVEUAAACnej3aAAAAAXRSTlMAQObYZgAAAGBJREFUeJztwTEBAAAAwqD1T20ND6AAAAAAAAAAAAAAAAAAAAAAAAAAAAAAAAAAAAAAAAAAAAAAAAAAAAAAAAAAAAAAAAAAAAAAAAAAAAAAAAAAAAAAAAAAAAAAAACAdwMl9wABdH32nQAAAABJRU5ErkJggg==\" vsmidos=\"1\" vsmsrc=\"\/files\/image\/56\/56516\/5cfa583408bfa_950_627!.jpg?s=ee462eac756fe2c1e4eb2ad08039316a&amp;d=1564803694\" width=\"950\" height=\"627\"><\/figure>\n<p>Pero el problema es m\u00e1s profundo. Campos Neto es muy cercano al bolsonarismo (fue nombrado por Jair Bolsonaro) y reconoci\u00f3 que intercambia mensajes con el ex presidente y parte de su equipo. Eso gener\u00f3 la ira de Lula que lo ningune\u00f3 calific\u00e1ndolo de &#8220;el ciudadano que preside el Banco Central&#8221; y ratific\u00f3 su rechazo a las metas de inflaci\u00f3n. &nbsp;<\/p>\n<p class=\"authorquote\" title=\"Roberto Campos Neto, presidente de Banco Central de Brasil.\">Si cambiamos la meta de inflaci\u00f3n , tendremos el efecto contrario. El mercado elevar\u00e1 el riesgo. No se gana credibilidad aumentando la meta. Es importante no cambiar la regla en el medio del partido<\/p>\n<p>Adem\u00e1s, sostuvo que si esto sigue as\u00ed no tendr\u00e1 problemas en discutir la autonom\u00eda del Banco Central, algo similar a lo que hizo Cristina Kirchner cuando reform\u00f3 la carta org\u00e1nica en 2012. En paralelo, el PT y el sindicato de Bancarios impulsan una campa\u00f1a para forzar la renuncia de Campos Neto, que tiene mandato hasta 2024.<\/p>\n<p>Como adelant\u00f3 LPO, este cortocircuito pone en riesgo una de las claves del acuerdo que Lula y Alberto anunciar\u00e1n en el lunes en Buenos Aires en el marco del &#8220;acuerdo estrat\u00e9gico&#8221; que tiene entre sus puntos principales la idea de integraci\u00f3n financiera que incluir\u00e1 la moneda com\u00fan y, por consiguiente, el swap de pesos y reales que permita no usar divisas para financiar el comercio exterior, evitar\u00eda usar el d\u00f3lar y blindar\u00eda las reservas argentinas. <\/p>\n<\/div>\n<p><strong>Copyright La Politica Online SA 2023.<\/strong><br \/>Por favor no corte ni pegue en la web nuestras notas, tiene la posibilidad de redistribuirlas usando nuestras herramientas.<\/p>\n","protected":false},"excerpt":{"rendered":"<p> Advirti\u00f3 que intervendr\u00e1 el organismo si no afloja las restricciones para cumplir con las metas de inflaci\u00f3n.  <\/p>\n","protected":false},"author":1,"featured_media":1354,"comment_status":"closed","ping_status":"closed","sticky":false,"template":"","format":"standard","meta":[],"categories":[18],"tags":[],"_links":{"self":[{"href":"https:\/\/latecordoba.com\/index.php\/wp-json\/wp\/v2\/posts\/1353"}],"collection":[{"href":"https:\/\/latecordoba.com\/index.php\/wp-json\/wp\/v2\/posts"}],"about":[{"href":"https:\/\/latecordoba.com\/index.php\/wp-json\/wp\/v2\/types\/post"}],"author":[{"embeddable":true,"href":"https:\/\/latecordoba.com\/index.php\/wp-json\/wp\/v2\/users\/1"}],"replies":[{"embeddable":true,"href":"https:\/\/latecordoba.com\/index.php\/wp-json\/wp\/v2\/comments?post=1353"}],"version-history":[{"count":0,"href":"https:\/\/latecordoba.com\/index.php\/wp-json\/wp\/v2\/posts\/1353\/revisions"}],"wp:featuredmedia":[{"embeddable":true,"href":"https:\/\/latecordoba.com\/index.php\/wp-json\/wp\/v2\/media\/1354"}],"wp:attachment":[{"href":"https:\/\/latecordoba.com\/index.php\/wp-json\/wp\/v2\/media?parent=1353"}],"wp:term":[{"taxonomy":"category","embeddable":true,"href":"https:\/\/latecordoba.com\/index.php\/wp-json\/wp\/v2\/categories?post=1353"},{"taxonomy":"post_tag","embeddable":true,"href":"https:\/\/latecordoba.com\/index.php\/wp-json\/wp\/v2\/tags?post=1353"}],"curies":[{"name":"wp","href":"https:\/\/api.w.org\/{rel}","templated":true}]}}