{"id":1320,"date":"2023-02-19T17:45:42","date_gmt":"2023-02-19T17:45:42","guid":{"rendered":"https:\/\/viapais.com.ar\/rumbos\/el-dia-que-mica-viciconte-lucio-un-conjunto-de-ropa-interior-negra-y-vestido-de-cadenas\/"},"modified":"2023-02-19T17:45:42","modified_gmt":"2023-02-19T17:45:42","slug":"el-dia-que-mica-viciconte-lucio-un-conjunto-de-ropa-interior-negra-y-vestido-de-cadenas","status":"publish","type":"post","link":"https:\/\/latecordoba.com\/index.php\/2023\/02\/19\/el-dia-que-mica-viciconte-lucio-un-conjunto-de-ropa-interior-negra-y-vestido-de-cadenas\/","title":{"rendered":"El d\u00eda que Mica Viciconte luci\u00f3 un conjunto de ropa interior negra y vestido de cadenas"},"content":{"rendered":"<br \/>\n<section readability=\"40.734801340354\">\n<p><a href=\"https:\/\/viapais.com.ar\/gourmet\/como-es-la-cocina-de-mica-viciconte-en-su-departamento-de-soltera-y-en-plena-remodelacion\" target=\"_blank\" rel=\"noopener\"><b>Mica Viciconte<\/b><\/a> suele postear im\u00e1genes tanto de su vida personal como profesional, pero nunca deja de lado su costado sexy. Sus fan\u00e1ticos siempre esperan sus fotos para dejar sus comentarios y estallar el bot\u00f3n de \u201cme gusta\u201d. <\/p>\n<article class=\"article card \">\n<div class=\"article-inner \">\n<div class=\"article-image \"><a href=\"https:\/\/viapais.com.ar\/gourmet\/como-es-la-cocina-de-mica-viciconte-en-su-departamento-de-soltera-y-en-plena-remodelacion\/\" title=\"Mica Viciconte\"><\/p>\n<figure><picture><img decoding=\"async\" loading=\"lazy\" alt=\"Mica Viciconte\" class=\"lazyload block \" src=\"http:\/\/latecordoba.com\/wp-content\/uploads\/2023\/02\/el-dia-que-mica-viciconte-lucio-un-conjunto-de-ropa-interior-negra-y-vestido-de-cadenas.png\" sizes=\"auto\" data-src=\"https:\/\/viapais.com.ar\/resizer\/RKaoP2Ji16ht-4qlElGunDcUZcM=\/307x173\/smart\/filters:quality(75):format(webp)\/cloudfront-us-east-1.images.arcpublishing.com\/grupoclarin\/FFPMF3DS4NAOXKZHROU66ZIOBE.jpg\" width=\"307px\" height=\"173px\"><\/picture><\/figure>\n<p><\/a><\/div>\n<\/div>\n<\/article>\n<p>La exparticipante de <b>Combate<\/b> mostr\u00f3 en 2021 un osado look que consisti\u00f3 en <b>una lencer\u00eda negra cubierta con un vestido de cadenas, y unas botas bucaneras negras <\/b>que acompa\u00f1aron su estilo. <\/p>\n<figure><picture><img alt=\"Mica Viciconte protagoniz\u00f3 una sensual producci\u00f3n de fotos\" class=\"lazyload block \" sizes=\"auto\" data-src=\"http:\/\/latecordoba.com\/wp-content\/uploads\/2023\/02\/el-dia-que-mica-viciconte-lucio-un-conjunto-de-ropa-interior-negra-y-vestido-de-cadenas.jpg\" width=\"1023px\" height=\"1108px\"><\/picture><figcaption class>Mica Viciconte protagoniz\u00f3 una sensual producci\u00f3n de fotos Foto: Instagram<\/figcaption><\/figure>\n<p>Con este carrusel de sensuales fotos entre las plantas, la pareja de Fabi\u00e1n Cubero <b>alcanz\u00f3 los 71.807 likes<\/b> en pocas horas. <\/p>\n<figure><picture><img alt=\"Mica Viciconte protagoniz\u00f3 una sensual producci\u00f3n de fotos\" class=\"lazyload block \" sizes=\"auto\" data-src=\"http:\/\/latecordoba.com\/wp-content\/uploads\/2023\/02\/el-dia-que-mica-viciconte-lucio-un-conjunto-de-ropa-interior-negra-y-vestido-de-cadenas-1.jpg\" width=\"1023px\" height=\"1112px\"><\/picture><figcaption class>Mica Viciconte protagoniz\u00f3 una sensual producci\u00f3n de fotos Foto: Instagram<\/figcaption><\/figure>\n<p><i>\u201cArrancamos la semana con todo\u201d<\/i>, fueron las palabras que acompa\u00f1aron la publicaci\u00f3n de la actual panelista de <b>Ariel en su salsa <\/b>y madre de Luca Cubero. <\/p>\n<figure><picture><img alt=\"Mica Viciconte protagoniz\u00f3 una sensual producci\u00f3n de fotos\" class=\"lazyload block \" sizes=\"auto\" data-src=\"http:\/\/latecordoba.com\/wp-content\/uploads\/2023\/02\/el-dia-que-mica-viciconte-lucio-un-conjunto-de-ropa-interior-negra-y-vestido-de-cadenas-2.jpg\" width=\"1023px\" height=\"1112px\"><\/picture><figcaption class>Mica Viciconte protagoniz\u00f3 una sensual producci\u00f3n de fotos Foto: Instagram<\/figcaption><\/figure>\n<h2 class>Nicole Neumann cont\u00f3 qu\u00e9 le pas\u00f3 al conocer al hijo de Mica Viciconte y Fabi\u00e1n Cubero<\/h2>\n<article class=\"article card \">\n<div class=\"article-inner \">\n<div class=\"article-image \"><a href=\"https:\/\/viapais.com.ar\/entretenimiento\/asi-fue-el-encuentro-entre-nicole-neumann-y-luca-el-hijo-de-fabian-cubero-y-mica-viciconte\/\" title=\"Nicole Neumann\"><\/p>\n<figure><picture><img decoding=\"async\" loading=\"lazy\" alt=\"Nicole Neumann\" class=\"lazyload block \" src=\"http:\/\/latecordoba.com\/wp-content\/uploads\/2023\/02\/el-dia-que-mica-viciconte-lucio-un-conjunto-de-ropa-interior-negra-y-vestido-de-cadenas.png\" sizes=\"auto\" data-src=\"https:\/\/viapais.com.ar\/resizer\/nsFK7YUZG3nJQQZ7dleGDmk-pRI=\/307x173\/smart\/filters:quality(75):format(webp)\/cloudfront-us-east-1.images.arcpublishing.com\/grupoclarin\/DG75UPBJAZAEND43EZEWU4VIPU.jpg\" width=\"307px\" height=\"173px\"><\/picture><\/figure>\n<p><\/a><\/div>\n<\/div>\n<\/article>\n<p>Nicole Neumann, jurado de<b> Los 8 escalones<\/b>, relat\u00f3 lo que sinti\u00f3 al conocer a Luca, el hijo de su exmarido, Fabi\u00e1n Cubero. <\/p>\n<p>Si bien en los \u00faltimos d\u00edas, trascendi\u00f3 que existe una pelea entre Nicole y su hija mayor, Indiana, cuando fue consultada en una nota sobre el conflicto, la modelo prefiri\u00f3 hablar de que acababa de conocer a Luca. <\/p>\n<p><i>\u201cEstaba solo el pap\u00e1 (Cubero) era un evento de mis hijas, del colegio de mis hijas\u201d<\/i>, cont\u00f3 Nicole. Luego, detall\u00f3 que sus hijas le piden a ella un hermanito.<\/p>\n<figure><picture><img alt=\"Nicole Neumann y Manu Urcera, comprometidos\" class=\"lazyload block \" sizes=\"auto\" data-src=\"http:\/\/latecordoba.com\/wp-content\/uploads\/2023\/02\/el-dia-que-mica-viciconte-lucio-un-conjunto-de-ropa-interior-negra-y-vestido-de-cadenas-3.jpg\" width=\"1023px\" height=\"575px\"><\/picture><figcaption class>Nicole Neumann y Manu Urcera, comprometidos Foto: instagram\/nikitaneumannoficial<\/figcaption><\/figure>\n<p><i>\u201cMis hijas me piden un hermanito desde hace rato. No me dicen el sexo del beb\u00e9, me dicen \u2018queremos que tengas un beb\u00e9 con Manu\u2019\u201d<\/i>, explic\u00f3 Neumann. La modelo se encuentra en pareja con Manu Urcera, piloto de carrera con el que dar\u00e1 el \u201cs\u00ed\u201d nuevamente en el altar dentro de poco. <\/p>\n<\/section>\n<div class=\"noreadme-audima\">\n<h2>Temas Relacionados<\/h2>\n<\/div>\n","protected":false},"excerpt":{"rendered":"<p>Mica Viciconte suele postear im\u00e1genes tanto de su vida personal como profesional, pero nunca deja de lado su costado sexy. Sus fan\u00e1ticos siempre esperan sus fotos para dejar sus comentarios y estallar el bot\u00f3n de \u201cme gusta\u201d. La exparticipante de Combate mostr\u00f3 en 2021 un osado look que consisti\u00f3 en una lencer\u00eda negra cubierta con [&hellip;]<\/p>\n","protected":false},"author":1,"featured_media":1321,"comment_status":"closed","ping_status":"closed","sticky":false,"template":"","format":"standard","meta":[],"categories":[15],"tags":[],"_links":{"self":[{"href":"https:\/\/latecordoba.com\/index.php\/wp-json\/wp\/v2\/posts\/1320"}],"collection":[{"href":"https:\/\/latecordoba.com\/index.php\/wp-json\/wp\/v2\/posts"}],"about":[{"href":"https:\/\/latecordoba.com\/index.php\/wp-json\/wp\/v2\/types\/post"}],"author":[{"embeddable":true,"href":"https:\/\/latecordoba.com\/index.php\/wp-json\/wp\/v2\/users\/1"}],"replies":[{"embeddable":true,"href":"https:\/\/latecordoba.com\/index.php\/wp-json\/wp\/v2\/comments?post=1320"}],"version-history":[{"count":0,"href":"https:\/\/latecordoba.com\/index.php\/wp-json\/wp\/v2\/posts\/1320\/revisions"}],"wp:featuredmedia":[{"embeddable":true,"href":"https:\/\/latecordoba.com\/index.php\/wp-json\/wp\/v2\/media\/1321"}],"wp:attachment":[{"href":"https:\/\/latecordoba.com\/index.php\/wp-json\/wp\/v2\/media?parent=1320"}],"wp:term":[{"taxonomy":"category","embeddable":true,"href":"https:\/\/latecordoba.com\/index.php\/wp-json\/wp\/v2\/categories?post=1320"},{"taxonomy":"post_tag","embeddable":true,"href":"https:\/\/latecordoba.com\/index.php\/wp-json\/wp\/v2\/tags?post=1320"}],"curies":[{"name":"wp","href":"https:\/\/api.w.org\/{rel}","templated":true}]}}