{"id":1310,"date":"2023-02-19T11:04:00","date_gmt":"2023-02-19T11:04:00","guid":{"rendered":"https:\/\/www.iprofesional.com\/economia\/376272-que-pasa-si-un-inquilino-no-paga-el-alquiler"},"modified":"2023-02-19T11:04:00","modified_gmt":"2023-02-19T11:04:00","slug":"que-pasa-si-un-inquilino-no-paga-el-alquiler","status":"publish","type":"post","link":"https:\/\/latecordoba.com\/index.php\/2023\/02\/19\/que-pasa-si-un-inquilino-no-paga-el-alquiler\/","title":{"rendered":"\u00bfQu\u00e9 pasa si un inquilino no paga el alquiler?"},"content":{"rendered":"\n<div class=\"media_block\"><img decoding=\"async\" src=\"http:\/\/latecordoba.com\/wp-content\/uploads\/2023\/02\/que-pasa-si-un-inquilino-no-paga-el-alquiler.jpg\"><\/div>\n<p>Muchas personas deciden <a href=\"https:\/\/www.iprofesional.com\/finanzas\/372408-invertir-en-inmuebles-cuanta-plata-se-necesita-y-cuanto-rinde\" target=\"_blank\" rel=\"noopener\"><strong>invertir los ahorros de su vida en un inmueble<\/strong><\/a> para, por ejemplo, complementar su jubilaci\u00f3n en el futuro. Sin embargo, debido a la poca seguridad jur\u00eddica en Argentina, <span>muchos propietarios se preguntan <strong>qu\u00e9 sucede si un inquilino no paga el alquiler.<\/strong><\/span>\n<\/p>\n<h2>\u00bfQu\u00e9 pasa si no pag\u00e1s un mes de alquiler?<\/h2>\n<p>En el caso de que <strong>un inquilino no pague un mes de alquiler, <\/strong>es altamente probable que la <strong>inmobiliaria<\/strong> se comunique y le <span>informe de los <strong>intereses<\/strong> que deber\u00e1 abonar por estar en situaci\u00f3n de mora.<\/span> Adem\u00e1s, en el caso de que pasen los d\u00edas y no lo regularice, la <strong>inmobiliaria se comunicar\u00e1 con los garantes notific\u00e1ndolos sobre la deuda.<\/strong>\n<\/p>\n<p><span>Si no regulariza la situaci\u00f3n<\/span>, es muy probable que los <strong>garantes<\/strong> terminen pagando el respectivo alquiler. Adem\u00e1s, por lo general, en el caso de acumular 2 o m\u00e1s meses impagos, el <strong>propietario puede rescindir el contrato y proceder al desalojo.<\/strong>\n<\/p>\n<p>Sin embargo, el locador debe intimarlo, de forma previa, que <strong>abone su deuda con un plazo m\u00ednimo de 10 d\u00edas,<\/strong> indicando el lugar de pago. La intimaci\u00f3n se hace al domicilio indicado por el inquilino en el contrato. Adem\u00e1s, la notificaci\u00f3n se da por v\u00e1lida, aunque el inquilino se niegue a recibirla.\n<\/p>\n<h2>\u00bfCu\u00e1nto tiempo se tarda en echar a un inquilino que no paga el alquiler?<\/h2>\n<p>Para <strong>desalojar<\/strong> a un inquilino que no paga el alquiler, <span>no debe abonar de forma consecutiva <strong>dos meses de alquiler<\/strong><\/span>. En dicho caso, podr\u00e1s <strong>intimar<\/strong> al inquilino a desalojar la propiedad e iniciar la etapa de desalojo.\n<\/p>\n<div class=\"imagen\" readability=\"9\"><img decoding=\"async\" loading=\"lazy\" class=\"lazyload\" src=\"http:\/\/latecordoba.com\/wp-content\/uploads\/2023\/02\/que-pasa-si-un-inquilino-no-paga-el-alquiler-1.jpg\" alt=\"En el caso de no pagar el alquiler por 2 meses consecutivos\" width=\"880\" height=\"495\"><\/p>\n<p>En el caso de no pagar el alquiler por 2 meses consecutivos, podr\u00e1s intimar al inquilino a desalojar la propiedad<\/p>\n<\/div>\n<p>Adem\u00e1s, podr\u00e1s<strong> intimar a los garantes<\/strong> a hacerse cargo de todos los <strong>costos<\/strong> asociados al desalojo, como tambi\u00e9n el <strong>pago de los meses adeudados<\/strong>. Adem\u00e1s, en el caso de que la propiedad se encuentre en mal estado, tambi\u00e9n se podr\u00e1 intimar a los garantes a afrontar los costos para restituir el inmueble en las condiciones que se entreg\u00f3.\n<\/p>\n<h2>\u00bfQu\u00e9 le pasa a un garante cuando el inquilino no paga el alquiler?<\/h2>\n<p>En el caso de que un <strong>inquilino no abone los alquileres correspondientes,<\/strong> en primera instancia, es muy com\u00fan que la<strong> inmobiliaria<\/strong> los <strong>notifique <\/strong>de la situaci\u00f3n, la deuda actual y les solicitar\u00e1 que se comuniquen con el inquilino para que este <strong>regularice su situaci\u00f3n.<\/strong>\n<\/p>\n<p>En el caso de que el inquilino <strong>no regularice la situaci\u00f3n a tiempo o se niegue a pagar,<\/strong> el o los <a href=\"https:\/\/www.iprofesional.com\/economia\/359135-como-alquilar-un-departamento-sin-tener-que-buscar-un-garante\" target=\"_blank\" rel=\"noopener\"><strong>garantes <\/strong><\/a>deber\u00e1n a<strong>bonar la totalidad de la deuda o un porcentaje,<\/strong> en el caso de que se haya establecido varios garantes para dicho contrato.\n<\/p>\n<p>En el caso de que los <strong>garantes tambi\u00e9n se nieguen al pago,<\/strong> podr\u00e1s <strong>iniciar el reclamo v\u00eda judicial del pago de la deuda,<\/strong> sumado los intereses y los gastos asociados siendo, por lo general, los <strong>garantes los principales perjudicados, <\/strong>ya que, si el inquilino no pag\u00f3, es muy probable que no tenga dinero o bienes para<strong> hacer frente a sus obligaciones.<\/strong>\n<\/p>\n<div class=\"imagen\" readability=\"8\"><img decoding=\"async\" loading=\"lazy\" class=\"lazyload\" src=\"http:\/\/latecordoba.com\/wp-content\/uploads\/2023\/02\/que-pasa-si-un-inquilino-no-paga-el-alquiler-2.jpg\" alt=\"a\" width=\"880\" height=\"495\"><\/p>\n<p>En el caso de un reclamo por v\u00eda judicial, los garantes son los principales perjudicados<\/p>\n<\/div>\n<p>Dependiendo de la responsabilidad asumida, ser\u00e1 el tipo de &#8220;embargo&#8221;. Por ejemplo, si se <strong>establece que los garantes responden de forma solidaria,<\/strong> entonces <strong>responder\u00e1n por la deuda del inquilino con todos sus bienes.<\/strong> Es decir, si el garante tiene un inmueble, un veh\u00edculo y un sueldo en relaci\u00f3n de dependencia, todos esos bienes estar\u00e1n a disposici\u00f3n del pago de la deuda, siendo, por lo general, el sueldo el &#8220;bien&#8221; que se ejecuta primero, ya que es m\u00e1s f\u00e1cil de cobrar.\n<\/p>\n<p>En el caso de que sea una <strong>garant\u00eda especifica,<\/strong> como la garant\u00eda propietaria, se <strong>podr\u00e1 ejecutar la propiedad para el pago de las deudas,<\/strong> aunque, por lo general, no es com\u00fan que se ejecute, ya que el precio de una propiedad es inmensamente mayor al posible contrato de alquiler, adem\u00e1s de su lenta ejecuci\u00f3n, por lo que suele ser la \u00faltima opci\u00f3n de cobro.\n<\/p>\n<h2>\u00bfCu\u00e1l es la nueva Ley de alquileres 2023?<\/h2>\n<p>Desde la <strong>entrada en vigor de la &#8220;Ley de Alquileres&#8221;,<\/strong> gener\u00f3 grandes inconvenientes tanto en los propietarios como en los inquilinos. En el primer caso, trat\u00e1ndose de un mercado que, a comparaci\u00f3n de otras inversiones, <strong>genera un rendimiento en d\u00f3lares bastante bajo,<\/strong> se <strong>disminuy\u00f3 dicha rentabilidad al m\u00ednimo.<\/strong>\n<\/p>\n<p>Este hecho gener\u00f3 que muchas de las propiedades que estaban en el mercado de alquileres pasaran a venderse, ocasionando que muchos inquilinos no encuentren propiedades en condiciones para alquilar, adem\u00e1s de las <strong>fuertes subas iniciales para mitigar el efecto de la clausula de aumentar el alquiler cada 12 meses en una econom\u00eda inflacionaria.<\/strong>\n<\/p>\n<div class=\"tepuedeinteresar\">\n<p>Te puede interesar<\/p>\n<\/p><\/div>\n<p>Por este motivo, se han presentado innumerable cantidad de proyectos para <strong>derogar la actual ley de alquileres<\/strong> y reemplazarla por una nueva que <strong>beneficie a los inquilinos como a los propietarios.<\/strong><\/p>\n","protected":false},"excerpt":{"rendered":"\n<div class=\"media_block\"><img decoding=\"async\" src=\"http:\/\/latecordoba.com\/wp-content\/uploads\/2023\/02\/que-pasa-si-un-inquilino-no-paga-el-alquiler.jpg\"><\/div>\n<p> A la hora de alquilar un inmueble surgen muchas preocupaciones como, por ejemplo, que el inquilino no abone el correspondiente monto mensual <iframe width=\"0\" height=\"0\" border=\"0\"> <script> (function(i,s,o,g,r,a,m){i['GoogleAnalyticsObject']=r;i[r]=i[r]||function(){ (i[r].q=i[r].q||[]).push(arguments)},i[r].l=1*new Date();a=s.createElement(o), m=s.getElementsByTagName(o)[0];a.async=1;a.src=g;m.parentNode.insertBefore(a,m) })(window,document,'script','https:\/\/www.google-analytics.com\/analytics.js','ga'); ga('create', 'GTM-5LW5KQD', 'auto'); ga('require', 'displayfeatures'); ga('set', 'campaignSource', 'RSS Client for iProfesional'); ga('set', 'campaignMedium', 'RSS Client for iProfesional'); ga('set', {\"dataSource\": \"rss.atom.iprofesional.com\"}); ga('set', {\"referrer\": \"rss.atom.iprofesional.com\"}); ga('set', 'title', 'RSS Client for iProfesional'); ga('send', 'pageview'); <\/script> <!-- Begin comScore Tag --> <script>\nvar _comscore = _comscore || [];\n_comscore.push({ c1: \"2\", c2: \"37240992\" });\n(function() {\nvar s = document.createElement(\"script\"), el = document.getElementsByTagName(\"script\")[0]; s.async = true;\ns.src = \"https:\/\/sb.scorecardresearch.com\/cs\/37240992\/beacon.js\";\nel.parentNode.insertBefore(s, el);\n})(); <\/script> <noscript> <img decoding=\"async\" src=\"http:\/\/latecordoba.com\/wp-content\/uploads\/2023\/02\/que-pasa-si-un-inquilino-no-paga-el-alquiler.gif\"> <\/noscript> <!-- End comScore Tag --> <\/iframe>  <\/p>\n","protected":false},"author":1,"featured_media":1311,"comment_status":"closed","ping_status":"closed","sticky":false,"template":"","format":"standard","meta":[],"categories":[18],"tags":[],"_links":{"self":[{"href":"https:\/\/latecordoba.com\/index.php\/wp-json\/wp\/v2\/posts\/1310"}],"collection":[{"href":"https:\/\/latecordoba.com\/index.php\/wp-json\/wp\/v2\/posts"}],"about":[{"href":"https:\/\/latecordoba.com\/index.php\/wp-json\/wp\/v2\/types\/post"}],"author":[{"embeddable":true,"href":"https:\/\/latecordoba.com\/index.php\/wp-json\/wp\/v2\/users\/1"}],"replies":[{"embeddable":true,"href":"https:\/\/latecordoba.com\/index.php\/wp-json\/wp\/v2\/comments?post=1310"}],"version-history":[{"count":0,"href":"https:\/\/latecordoba.com\/index.php\/wp-json\/wp\/v2\/posts\/1310\/revisions"}],"wp:featuredmedia":[{"embeddable":true,"href":"https:\/\/latecordoba.com\/index.php\/wp-json\/wp\/v2\/media\/1311"}],"wp:attachment":[{"href":"https:\/\/latecordoba.com\/index.php\/wp-json\/wp\/v2\/media?parent=1310"}],"wp:term":[{"taxonomy":"category","embeddable":true,"href":"https:\/\/latecordoba.com\/index.php\/wp-json\/wp\/v2\/categories?post=1310"},{"taxonomy":"post_tag","embeddable":true,"href":"https:\/\/latecordoba.com\/index.php\/wp-json\/wp\/v2\/tags?post=1310"}],"curies":[{"name":"wp","href":"https:\/\/api.w.org\/{rel}","templated":true}]}}