{"id":1306,"date":"2023-02-15T17:54:39","date_gmt":"2023-02-15T17:54:39","guid":{"rendered":"https:\/\/ar.marca.com\/claro\/futbol-internacional\/barcelona\/2023\/02\/15\/63ed1b23e2704e8a3e8b4629.html"},"modified":"2023-02-15T17:54:39","modified_gmt":"2023-02-15T17:54:39","slug":"que-similitudes-hay-entre-el-pago-del-barca-a-los-arbitros-con-el-calciopoli","status":"publish","type":"post","link":"https:\/\/latecordoba.com\/index.php\/2023\/02\/15\/que-similitudes-hay-entre-el-pago-del-barca-a-los-arbitros-con-el-calciopoli\/","title":{"rendered":"\u00bfQu\u00e9 similitudes hay entre el pago del Bar\u00e7a a los \u00e1rbitros con el Calciopoli?"},"content":{"rendered":"\n<div class=\"media_block\"><a href=\"https:\/\/e00-ar-marca.uecdn.es\/claro\/assets\/multimedia\/imagenes\/2023\/02\/15\/16764848151858.jpg\"><img decoding=\"async\" src=\"http:\/\/latecordoba.com\/wp-content\/uploads\/2023\/02\/que-similitudes-hay-entre-el-pago-del-barca-a-los-arbitros-con-el-calciopoli.jpg\" class=\"media_thumbnail\"><\/a><\/div>\n<p><h2 class=\"section-title-group izquierda\"><span class=\"section-type\">FC Barcelona<\/span>&nbsp;<span class=\"subsection-type\">En Italia fueron duros con las sanciones a clubes como Juve, Milan, Fiorentina y Lazio<\/span><\/h2>\n<\/p>\n<div readability=\"125.41974025974\">\n<figure class=\"multimedia-item image\"><img decoding=\"async\" src=\"http:\/\/latecordoba.com\/wp-content\/uploads\/2023\/02\/que-similitudes-hay-entre-el-pago-del-barca-a-los-arbitros-con-el-calciopoli-1.jpg\" class=\"full-image\" alt=\"En el montaje, Moggi y Bartomeu y la portada del Calciopoli de...\"><figcaption class=\"caption\"><i class=\"icon-caption-photo\"><\/i>En el montaje, Moggi y Bartomeu y la portada del Calciopoli de &#8216;Gazzetta dello Sport&#8217;.<br \/>\n<span>MARCA \/ EFE.<\/span><\/figcaption><\/figure>\n<aside class=\"aside-tools byline-tools\"><\/aside>\n<p><span class=\"capital-letter\">E<\/span>n 2006, el <strong>Calciopoli <\/strong>golpe\u00f3 con dureza el &#8216;Calcio&#8217;. En la previa de un Mundial de Alemania que despu\u00e9s ganar\u00eda la &#8216;Azzurra&#8217;, <strong>los cimientos del f\u00fatbol italiano se tambalearon con la implicaci\u00f3n de clubes de primera l\u00ednea como Juventus, Milan, Fiorentina o Lazio. <\/strong>Estos, tras un proceso de investigaci\u00f3n de la Fiscal\u00eda que se remontaba varios a\u00f1os atr\u00e1s, recibieron dur\u00edsimas sanciones que &#8216;arrebataron&#8217; t\u00edtulos o llevaron a la Juventus de cabeza a la Serie B. <\/p>\n<p>Para entender el Calciopoli y su proceso judicial hay que poner en un lugar prominente las <strong>escuchas tel\u00e9fonicas<\/strong> que implicaron a los investigados. Fueron estas, y una labor de investigaci\u00f3n extensa y exhaustiva, las que permitieron las posteriores sanciones. Una vez contextualizado esto nos podemos preguntar: <strong>\u00bfEn qu\u00e9 se parece el Calciopoli a la actual investigaci\u00f3n al <a href=\"https:\/\/ar.marca.com\/claro\/futbol-internacional\/barcelona\/2023\/02\/15\/63ecfd91e2704ee0988b45e2.html\">Barcelona<\/a>?<\/strong><\/p>\n<p>Aunque con el paso del tiempo ha quedado en el imaginario colectivo que el Calciopoli fue un esc\u00e1ndalo de &#8216;ama\u00f1o de partidos&#8217;. Hay un matiz. El partido no se ama\u00f1aba directamente. <strong>La acusaci\u00f3n de la Fiscal\u00eda afirmaba que los directivos de los clubes involucrados influ\u00edan en la designaciones arbitrales para lograr nombramientos de \u00e1rbitros considerados favorables en los encuentros de sus equipos. <\/strong><\/p>\n<figure class=\"ue-c-article__media ue-c-article--media-icon-m-from-tablet ue-c-article__media--image \">\n<div class=\"ue-c-article__media-img-container ue-l-article--expand-edge-right-until-tablet ue-l-article--expand-edge-left-until-tablet\"><img decoding=\"async\" loading=\"lazy\" class=\"ue-c-article__media--image\" src=\"http:\/\/latecordoba.com\/wp-content\/uploads\/2023\/02\/que-similitudes-hay-entre-el-pago-del-barca-a-los-arbitros-con-el-calciopoli-2.jpg\" width=\"660\" height=\"540\" alt=\"Moggi, ex Director General de la Juventus.\"><figcaption class=\"ue-c-article__media-caption\"><span class=\"ue-c-article__media-description\"><br \/>\nMoggi, ex Director General de la Juventus.<br \/>\n<\/span><span class=\"ue-c-article__media-source\"><span class=\"ue-c-article__media-author\"><span>Chema Rey \/ MARCA.<\/span><\/span><\/span><\/figcaption><\/div>\n<\/figure>\n<p>Adem\u00e1s, <strong>se presentaba la &#8216;cooperaci\u00f3n&#8217; de la Federaci\u00f3n Italiana de F\u00fatbol<\/strong> y se public\u00f3 que era una pr\u00e1ctica com\u00fan enviar recriminaciones y amenazas veladas contra los \u00e1rbitros considerados desfavorables.<\/p>\n<p>Como resultado, adem\u00e1s de los clubes<strong> fueron incriminados directivos de la Federaci\u00f3n<\/strong> (el presidente Carraro, por ejemplo), <strong>directivos de los clubes<\/strong> (algunos tan &#8216;famosos&#8217; como Galliani, Moggi, Lotito o los hermanos Della Valle) y <strong>numerosos cargos del estamento arbitral<\/strong>: los propios \u00e1rbitros, los designadores de la CAN (Comisi\u00f3n Nacional de \u00c1rbitros) Paolo Bergamo y Pierluigi Pairetto o el presidente de la AIA (Asociaci\u00f3n de \u00c1rbitros de Italia): Tullio Lanese.<\/p>\n<p>Adem\u00e1s, <strong>tambi\u00e9n hab\u00eda periodistas involucrados en la investigaci\u00f3n<\/strong> pues se les acus\u00f3 de ser &#8220;asesorados por Moggi sobre lo que ten\u00edan que decir u opinar en sus programas o art\u00edculos&#8221;. Estos \u00faltimos acabaron siendo absueltos. <\/p>\n<figure class=\"ue-c-article__media ue-c-article--media-icon-m-from-tablet ue-c-article__media--image \">\n<div class=\"ue-c-article__media-img-container ue-l-article--expand-edge-right-until-tablet ue-l-article--expand-edge-left-until-tablet\"><img decoding=\"async\" loading=\"lazy\" class=\"ue-c-article__media--image\" src=\"http:\/\/latecordoba.com\/wp-content\/uploads\/2023\/02\/que-similitudes-hay-entre-el-pago-del-barca-a-los-arbitros-con-el-calciopoli-3.jpg\" width=\"660\" height=\"413\" alt=\"Portada de La Gazzetta dello Sport.\"><figcaption class=\"ue-c-article__media-caption\"><span class=\"ue-c-article__media-description\"><br \/>\nPortada de La Gazzetta dello Sport.<br \/>\n<\/span><\/figcaption><\/div>\n<\/figure>\n<p>Las investigaciones empezaron en la Fiscal\u00eda de N\u00e1poles para pasar posteriormente a la <strong>Oficina de Investigaciones de la Federaci\u00f3n Italiana de F\u00fatbol<\/strong>, el mismo \u00f3rgano (evolucionado, claro) que ha participado ahora en la nueva sanci\u00f3n a la Juventus por el &#8216;Caso Plusval\u00edas&#8217;. <strong>Bajo la mira hab\u00eda 19 partidos que hab\u00edan tenido lugar entre el 6 de noviembre de 2004 y el 29 de mayo de 2005.<\/strong><\/p>\n<p>El Fiscal Federal, <strong>Stefano Palazzi<\/strong>, imputaba a los acusados con <strong>cargos que iban desde la violaci\u00f3n de las reglas de lealtad, correcci\u00f3n y probidad deportivas <\/strong>(art\u00edculo 1 del C\u00f3digo de Justicia Deportiva vigente en 2006) <strong>hasta delitos deportivos<\/strong> (art\u00edculo 6 del mismo C\u00f3digo). Tras el juicio deportivo, <strong>el equipo que recibi\u00f3 un mayor castigo fue la Juventus, acusada de &#8216;un caso de delito de asociaci\u00f3n&#8217;.<\/strong> A &#8216;La Vecchia Signora&#8217; le quitaron dos &#8216;Scudetti&#8217; y los descendieron a Serie B. Una pena dur\u00edsima e hist\u00f3rica dentro del f\u00fatbol mundial.<\/p>\n<p>Dos a\u00f1os m\u00e1s tarde, <strong>en 2008, se llev\u00f3 a cabo el juicio penal, con nuevas escuchas y nuevas pruebas presentadas&#8230; <\/strong>presentadas en este caso principalmente por la defensa de Moggi (comunmente el Calciopoli se llamo tambi\u00e9n &#8216;Moggigate&#8217;) que atacaban al <strong>Inter de Moratti<\/strong> y denunciaban el t\u00edtulo que se le hab\u00eda &#8216;quitado&#8217; a la Juve en 2006 y &#8216;entregado&#8217; a sus rivales de Mil\u00e1n. No se present\u00f3 acusaci\u00f3n por parte de la Fiscal\u00eda pues se consideraba que &#8220;hab\u00edan prescrito&#8221; y se mantuvo la sanci\u00f3n a la Juventus.<\/p>\n<figure class=\"ue-c-article__media ue-c-article--media-icon-m-from-tablet ue-c-article__media--image \">\n<div class=\"ue-c-article__media-img-container ue-l-article--expand-edge-right-until-tablet ue-l-article--expand-edge-left-until-tablet\"><img decoding=\"async\" loading=\"lazy\" class=\"ue-c-article__media--image\" src=\"http:\/\/latecordoba.com\/wp-content\/uploads\/2023\/02\/que-similitudes-hay-entre-el-pago-del-barca-a-los-arbitros-con-el-calciopoli-4.jpg\" width=\"660\" height=\"440\" alt=\"Moggi, ex Director General de la Juventus.\"><figcaption class=\"ue-c-article__media-caption\"><span class=\"ue-c-article__media-description\"><br \/>\nMoggi, ex Director General de la Juventus.<br \/>\n<\/span><span class=\"ue-c-article__media-source\"><span class=\"ue-c-article__media-agency\">Getty Images.<\/span><\/span><\/figcaption><\/div>\n<\/figure>\n<p><strong>El principal punto a diferenciar entre el Calciopoli y el &#8216;Caso Negreira&#8217; es la participaci\u00f3n de Enr\u00edquez Negreira<\/strong> (vicepresidente del Comit\u00e9 T\u00e9cnico de \u00c1rbitros de la Real Federaci\u00f3n Espa\u00f1ola de F\u00fatbol desde 1994 hasta 2018) <strong>en la designaci\u00f3n de \u00e1rbitros.<\/strong> Como explican fuentes abritrales consultadas por MARCA, <strong>&#8220;su presencia simplemente era por afinidad con Sanchez Arminio. Nada m\u00e1s&#8221;. No tuvo voz y voto en las designaciones de colegiados.<\/strong> Algo que luego no se ha comentado en el comunicado del CTA. Por lo tanto, como hemos explicado, <strong>esta es la diferencia m\u00e1s importante: la Juventus y Moggi fueron condenadas por crear un sistema de influencia sobre las designaciones arbitrales.<\/strong><\/p>\n<blockquote class=\"twitter-tweet\" readability=\"4.8965517241379\">\n<p lang=\"es\" dir=\"ltr\"> Comunicado <a href=\"https:\/\/twitter.com\/CTARFEF?ref_src=twsrc%5Etfw\">@CTARFEF<\/a> | Al respecto de las \u00faltimas informaciones <\/p>\n<p><a href=\"https:\/\/t.co\/vsfDzIa47Q\">https:\/\/t.co\/vsfDzIa47Q<\/a><a href=\"https:\/\/t.co\/rqO68S3bxj\">pic.twitter.com\/rqO68S3bxj<\/a><\/p>\n<p>? RFEF (@rfef) <a href=\"https:\/\/twitter.com\/rfef\/status\/1625862528667463680?ref_src=twsrc%5Etfw\">February 15, 2023<\/a><\/p>\n<\/blockquote>\n<p>Por otro lado<strong>, la principal prueba que tuvo a favor la Fiscal\u00eda para desmontar dicha red fueron las escuchas tel\u00e9fonicas que se interceptaron entre los &#8216;protagonistas&#8217; del Calciopoli. <\/strong>Unas escuchas que, a priori, no existen en el caso que involucra al Barcelona. Como explicaba &#8216;Qu\u00e9 t&#8217;hi jugues&#8217; de &#8216;SER Catalunya&#8217;, la investigaci\u00f3n se inicia a ra\u00edz de una inspecci\u00f3n fiscal a la empresa de Negreira por la tributaci\u00f3n de esos 1,4 millones de euros que pag\u00f3 el club blaugrana.<\/p>\n<p>Para acabar y pensando en una hipot\u00e9tica sanci\u00f3n al Barcelona, <strong>ser\u00eda la Federaci\u00f3n Espa\u00f1ola de F\u00fatbol la que tendr\u00eda que iniciar un proceso de investigaci\u00f3n que acabara en un juicio deportivo<\/strong>, como pas\u00f3 en Italia con sus hom\u00f3loos de la FIGC. Por ahora, <strong>la Real Federaci\u00f3n Espa\u00f1ola de F\u00fatbol se ha puesto a disposici\u00f3n de la Justicia <\/strong>para ahondar en el &#8216;caso Enr\u00edque Negreira&#8217;<\/p>\n<aside class=\"related-tags\"><\/aside>\n<\/div>\n","protected":false},"excerpt":{"rendered":"\n<div class=\"media_block\"><a href=\"https:\/\/e00-ar-marca.uecdn.es\/claro\/assets\/multimedia\/imagenes\/2023\/02\/15\/16764848151858.jpg\"><img decoding=\"async\" src=\"http:\/\/latecordoba.com\/wp-content\/uploads\/2023\/02\/que-similitudes-hay-entre-el-pago-del-barca-a-los-arbitros-con-el-calciopoli.jpg\" class=\"media_thumbnail\"><\/a><\/div>\n<p>&nbsp;<a href=\"https:\/\/ar.marca.com\/claro\/futbol-internacional\/barcelona\/2023\/02\/15\/63ed1b23e2704e8a3e8b4629.html\"> Leer <\/a><img decoding=\"async\" src=\"http:\/\/latecordoba.com\/wp-content\/uploads\/2023\/02\/que-similitudes-hay-entre-el-pago-del-barca-a-los-arbitros-con-el-calciopoli.gif\" alt=\"\"\/> <\/p>\n","protected":false},"author":1,"featured_media":1307,"comment_status":"closed","ping_status":"closed","sticky":false,"template":"","format":"standard","meta":[],"categories":[17],"tags":[],"_links":{"self":[{"href":"https:\/\/latecordoba.com\/index.php\/wp-json\/wp\/v2\/posts\/1306"}],"collection":[{"href":"https:\/\/latecordoba.com\/index.php\/wp-json\/wp\/v2\/posts"}],"about":[{"href":"https:\/\/latecordoba.com\/index.php\/wp-json\/wp\/v2\/types\/post"}],"author":[{"embeddable":true,"href":"https:\/\/latecordoba.com\/index.php\/wp-json\/wp\/v2\/users\/1"}],"replies":[{"embeddable":true,"href":"https:\/\/latecordoba.com\/index.php\/wp-json\/wp\/v2\/comments?post=1306"}],"version-history":[{"count":0,"href":"https:\/\/latecordoba.com\/index.php\/wp-json\/wp\/v2\/posts\/1306\/revisions"}],"wp:featuredmedia":[{"embeddable":true,"href":"https:\/\/latecordoba.com\/index.php\/wp-json\/wp\/v2\/media\/1307"}],"wp:attachment":[{"href":"https:\/\/latecordoba.com\/index.php\/wp-json\/wp\/v2\/media?parent=1306"}],"wp:term":[{"taxonomy":"category","embeddable":true,"href":"https:\/\/latecordoba.com\/index.php\/wp-json\/wp\/v2\/categories?post=1306"},{"taxonomy":"post_tag","embeddable":true,"href":"https:\/\/latecordoba.com\/index.php\/wp-json\/wp\/v2\/tags?post=1306"}],"curies":[{"name":"wp","href":"https:\/\/api.w.org\/{rel}","templated":true}]}}