{"id":1302,"date":"2023-02-18T02:53:32","date_gmt":"2023-02-18T02:53:32","guid":{"rendered":"https:\/\/ar.marca.com\/claro\/futbol\/atletico-huracan\/2023\/02\/18\/63f00ca4ca4741bc448b45d1.html"},"modified":"2023-02-18T02:53:32","modified_gmt":"2023-02-18T02:53:32","slug":"huracan-saco-chapa-de-su-gran-presente-derroto-a-barracas-central-y-es-lider-de-la-liga-profesional","status":"publish","type":"post","link":"https:\/\/latecordoba.com\/index.php\/2023\/02\/18\/huracan-saco-chapa-de-su-gran-presente-derroto-a-barracas-central-y-es-lider-de-la-liga-profesional\/","title":{"rendered":"Hurac\u00e1n sac\u00f3 chapa de su gran presente, derrot\u00f3 a Barracas Central y es l\u00edder de la Liga Profesional"},"content":{"rendered":"\n<div class=\"media_block\"><a href=\"http:\/\/latecordoba.com\/wp-content\/uploads\/2023\/02\/huracan-saco-chapa-de-su-gran-presente-derroto-a-barracas-central-y-es-lider-de-la-liga-profesional-1.jpg\"><img decoding=\"async\" src=\"http:\/\/latecordoba.com\/wp-content\/uploads\/2023\/02\/huracan-saco-chapa-de-su-gran-presente-derroto-a-barracas-central-y-es-lider-de-la-liga-profesional.jpg\" class=\"media_thumbnail\"><\/a><\/div>\n<p><h2 class=\"section-title-group izquierda\"><span class=\"section-type\">Hurac\u00e1n<\/span>&nbsp;<span class=\"subsection-type\">El Globo gan\u00f3 por 2 a 0 y es nuevo puntero de la Liga Profesional 2023.<\/span><\/h2>\n<\/p>\n<div readability=\"92.282019190655\">\n<figure class=\"multimedia-item image\"><img decoding=\"async\" src=\"http:\/\/latecordoba.com\/wp-content\/uploads\/2023\/02\/huracan-saco-chapa-de-su-gran-presente-derroto-a-barracas-central-y-es-lider-de-la-liga-profesional-1.jpg\" class=\"full-image\"><\/figure>\n<aside class=\"aside-tools byline-tools\"><\/aside>\n<p><strong>Hurac\u00e1n apost\u00f3 a un juego inteligente y aprovech\u00f3 su momento para lograr un valioso triunfo frente a Barracas Central, por 2 a 0<\/strong>, en un aceptable encuentro que disputaron esta noche, en Parque Patricios, en el marco de la cuarta jornada de la Liga Profesional que lo tiene como l\u00edder.<\/p>\n<p><strong>Gabriel Gudi\u00f1o<\/strong>, a los 30 minutos de la primera etapa, y<strong> Juan Gauto,<\/strong> a los 41 del complemento, le dieron el triunfo al &#8220;Globo&#8221;.<\/p>\n<p>Con esta victoria,<strong> Hurac\u00e1n escal\u00f3 a la primera posici\u00f3n de la tabla con 10 unidades, producto de tres triunfos y un empate,<\/strong> y qued\u00f3 como \u00fanico l\u00edder del certamen de forma transitoria, ya que Lan\u00fas podr\u00eda superarlo este s\u00e1bado cuando enfrente a Rosario Central.<\/p>\n<p>El encuentro prometi\u00f3 ser auspicioso desde el recibimiento que despleg\u00f3 el p\u00fablico local para su equipo, sin embargo, el &#8220;Globo&#8221; estuvo lejos de ser un equipo protagonista, y a lo largo de la primera etapa se vio sometido por el dominio de Barracas Central.<\/p>\n<p>Pese a que los dirigidos por Rodolfo De Paoli tuvieron la tenencia del bal\u00f3n, contaron con dos falencias que pagaron caro: la falta de lucidez no le permiti\u00f3 ser claro a la hora de generar los avances, y esto lo llev\u00f3 a dejar espacios en defensa, lo que le facilit\u00f3 al local poder abrir el marcador.<\/p>\n<p><strong>Por medio de un contragolpe letal, Hurac\u00e1n firm\u00f3 el 1 a 0 por medio de Gudi\u00f1o<\/strong>, quien con un remate suave por encima del arquero Andr\u00e9s Des\u00e1bato, le puso el mo\u00f1o a la genial asistencia de Mat\u00edas C\u00f3ccaro.<\/p>\n<p>Ya en el complemento, el conjunto de Parque Patricios tom\u00f3 la iniciativa, exhibi\u00f3 un juego pr\u00e1ctico y punzante que le permiti\u00f3 posicionarse en el campo rival e inquietar el arco custodiado por Des\u00e1bato, aunque no logr\u00f3 concretar sus acciones.<\/p>\n<p>Barracas Central cont\u00f3 con apenas una situaci\u00f3n clara por medio de un cabezazo del atacante Bruno Sep\u00falveda, pero el remate fue contenido por el arquero Lucas Chaves, en dos tiempos.<\/p>\n<p><strong>Sobre el cierre del partido<\/strong>, Hurac\u00e1n con m\u00e1s espacios, cont\u00f3 con varias acciones concretas para ampliar la ventaja. Y una de ellas fue en los pies de <strong>Juan Gauto, quien, a pura gambeta y velocidad, liquid\u00f3 la historia con su primer tanto en Primera Divisi\u00f3n<\/strong>, y se sac\u00f3 la espina de la jugada que malogr\u00f3 previamente.<\/p>\n<aside class=\"related-tags\"><\/aside>\n<\/div>\n","protected":false},"excerpt":{"rendered":"\n<div class=\"media_block\"><a href=\"http:\/\/latecordoba.com\/wp-content\/uploads\/2023\/02\/huracan-saco-chapa-de-su-gran-presente-derroto-a-barracas-central-y-es-lider-de-la-liga-profesional-1.jpg\"><img decoding=\"async\" src=\"http:\/\/latecordoba.com\/wp-content\/uploads\/2023\/02\/huracan-saco-chapa-de-su-gran-presente-derroto-a-barracas-central-y-es-lider-de-la-liga-profesional.jpg\" class=\"media_thumbnail\"><\/a><\/div>\n<p>&nbsp;<a href=\"https:\/\/ar.marca.com\/claro\/futbol\/atletico-huracan\/2023\/02\/18\/63f00ca4ca4741bc448b45d1.html\"> Leer <\/a><img decoding=\"async\" src=\"http:\/\/latecordoba.com\/wp-content\/uploads\/2023\/02\/huracan-saco-chapa-de-su-gran-presente-derroto-a-barracas-central-y-es-lider-de-la-liga-profesional.gif\" alt=\"\"\/> <\/p>\n","protected":false},"author":1,"featured_media":1303,"comment_status":"closed","ping_status":"closed","sticky":false,"template":"","format":"standard","meta":[],"categories":[17],"tags":[],"_links":{"self":[{"href":"https:\/\/latecordoba.com\/index.php\/wp-json\/wp\/v2\/posts\/1302"}],"collection":[{"href":"https:\/\/latecordoba.com\/index.php\/wp-json\/wp\/v2\/posts"}],"about":[{"href":"https:\/\/latecordoba.com\/index.php\/wp-json\/wp\/v2\/types\/post"}],"author":[{"embeddable":true,"href":"https:\/\/latecordoba.com\/index.php\/wp-json\/wp\/v2\/users\/1"}],"replies":[{"embeddable":true,"href":"https:\/\/latecordoba.com\/index.php\/wp-json\/wp\/v2\/comments?post=1302"}],"version-history":[{"count":0,"href":"https:\/\/latecordoba.com\/index.php\/wp-json\/wp\/v2\/posts\/1302\/revisions"}],"wp:featuredmedia":[{"embeddable":true,"href":"https:\/\/latecordoba.com\/index.php\/wp-json\/wp\/v2\/media\/1303"}],"wp:attachment":[{"href":"https:\/\/latecordoba.com\/index.php\/wp-json\/wp\/v2\/media?parent=1302"}],"wp:term":[{"taxonomy":"category","embeddable":true,"href":"https:\/\/latecordoba.com\/index.php\/wp-json\/wp\/v2\/categories?post=1302"},{"taxonomy":"post_tag","embeddable":true,"href":"https:\/\/latecordoba.com\/index.php\/wp-json\/wp\/v2\/tags?post=1302"}],"curies":[{"name":"wp","href":"https:\/\/api.w.org\/{rel}","templated":true}]}}