{"id":1300,"date":"2023-02-18T21:46:20","date_gmt":"2023-02-18T21:46:20","guid":{"rendered":"https:\/\/ar.marca.com\/claro\/futbol-internacional\/premier-league\/2023\/02\/18\/63f13eabe2704e82788b45ad.html"},"modified":"2023-02-18T21:46:20","modified_gmt":"2023-02-18T21:46:20","slug":"que-le-pasa-a-emery-con-dibu","status":"publish","type":"post","link":"https:\/\/latecordoba.com\/index.php\/2023\/02\/18\/que-le-pasa-a-emery-con-dibu\/","title":{"rendered":"\u00bfQu\u00e9 le pasa a Emery con Dibu?"},"content":{"rendered":"\n<div class=\"media_block\"><a href=\"http:\/\/latecordoba.com\/wp-content\/uploads\/2023\/02\/que-le-pasa-a-emery-con-dibu-1.jpg\"><img decoding=\"async\" src=\"http:\/\/latecordoba.com\/wp-content\/uploads\/2023\/02\/que-le-pasa-a-emery-con-dibu.jpg\" class=\"media_thumbnail\"><\/a><\/div>\n<figure class=\"multimedia-item image\"><img decoding=\"async\" src=\"http:\/\/latecordoba.com\/wp-content\/uploads\/2023\/02\/que-le-pasa-a-emery-con-dibu-1.jpg\" class=\"full-image\" alt=\"Emery y Dibu.\"><figcaption class=\"caption\"><i class=\"icon-caption-photo\"><\/i>Emery y Dibu. <\/figcaption><\/figure>\n<aside class=\"aside-tools byline-tools\"><\/aside>\n<p><span class=\"capital-letter\">S<\/span>i puertas para adentro, la cosa est\u00e1 bien, lo desconocemos. Pero, si nos dejamos llevar por los comentarios p\u00fablicos, tranquilamente podr\u00edamos interpretar que hay algo en <strong>Dibu Mart\u00ednez, que a Unai Emery mucho lo le va<\/strong>. Cada vez que puede, le tira un palito, y al t\u00e9rmino del duelo entre Aston Villa y Arsenal por una nueva fecha de la Premier, se mostr\u00f3 poco conforme con la iniciativa que tuvo sobre el final del partido.<\/p>\n<p>El caso fue que Aston Villa perd\u00eda 3 a 2, ten\u00eda un tiro de esquina sobre el final, y Dibu decidi\u00f3 jug\u00e1rsela e ir al \u00e1rea a cabecear. No solo no pudo ganar de arriba, sino que en la contra, Arsenal encontr\u00f3 el cuarto y definitivo gol con el que cerr\u00f3 el partido, y eso molest\u00f3 al entrenador, porque no apoyaba que el arquero campe\u00f3n del mundo tomara esa decisi\u00f3n.<\/p>\n<p>Claro, si Dibu marcaba de cabeza, estar\u00eda elogiando su acci\u00f3n, pero el entrenador espa\u00f1ol tiene claramente alguna cosa con \u00e9l, ya que la forma en la que se expres\u00f3 fue con algo m\u00e1s de fondo: &#8220;Nunca le dije a mi arquero que suba a tratar de hacer un gol en el minuto 92. 1 de cada 100 de estas jugadas terminan en gol, es m\u00e1s probable que te lo hagan de contra. Hay que ser inteligentes, podemos perder pero no as\u00ed&#8221;.<\/p>\n<p>Tratar de forma poco inteligente a tu arquero, que adem\u00e1s lo ha salvado tantas veces, y para el caso viene de ser figura de Argentina campe\u00f3n del mundo, es peligroso. Ya hab\u00eda ca\u00eddo a Dibu cuando hizo el gesto con el guante de mejor arquero del torneo. Es verdad que estuvo mal Dibu, pero no hace falta ser moralista, se habla puertas adentro y ya.<\/p>\n<p>El futuro de Dibu en Aston Villa pende de un hilo, la relaci\u00f3n entre \u00e9l y el entrenador tambi\u00e9n. Veremos en qu\u00e9 queda&#8230;<\/p>\n<aside class=\"related-tags\"><\/aside>\n","protected":false},"excerpt":{"rendered":"\n<div class=\"media_block\"><a href=\"http:\/\/latecordoba.com\/wp-content\/uploads\/2023\/02\/que-le-pasa-a-emery-con-dibu-1.jpg\"><img decoding=\"async\" src=\"http:\/\/latecordoba.com\/wp-content\/uploads\/2023\/02\/que-le-pasa-a-emery-con-dibu.jpg\" class=\"media_thumbnail\"><\/a><\/div>\n<p>&nbsp;<a href=\"https:\/\/ar.marca.com\/claro\/futbol-internacional\/premier-league\/2023\/02\/18\/63f13eabe2704e82788b45ad.html\"> Leer <\/a><img decoding=\"async\" src=\"http:\/\/latecordoba.com\/wp-content\/uploads\/2023\/02\/que-le-pasa-a-emery-con-dibu.gif\" alt=\"\"\/> <\/p>\n","protected":false},"author":1,"featured_media":1301,"comment_status":"closed","ping_status":"closed","sticky":false,"template":"","format":"standard","meta":[],"categories":[17],"tags":[],"_links":{"self":[{"href":"https:\/\/latecordoba.com\/index.php\/wp-json\/wp\/v2\/posts\/1300"}],"collection":[{"href":"https:\/\/latecordoba.com\/index.php\/wp-json\/wp\/v2\/posts"}],"about":[{"href":"https:\/\/latecordoba.com\/index.php\/wp-json\/wp\/v2\/types\/post"}],"author":[{"embeddable":true,"href":"https:\/\/latecordoba.com\/index.php\/wp-json\/wp\/v2\/users\/1"}],"replies":[{"embeddable":true,"href":"https:\/\/latecordoba.com\/index.php\/wp-json\/wp\/v2\/comments?post=1300"}],"version-history":[{"count":0,"href":"https:\/\/latecordoba.com\/index.php\/wp-json\/wp\/v2\/posts\/1300\/revisions"}],"wp:featuredmedia":[{"embeddable":true,"href":"https:\/\/latecordoba.com\/index.php\/wp-json\/wp\/v2\/media\/1301"}],"wp:attachment":[{"href":"https:\/\/latecordoba.com\/index.php\/wp-json\/wp\/v2\/media?parent=1300"}],"wp:term":[{"taxonomy":"category","embeddable":true,"href":"https:\/\/latecordoba.com\/index.php\/wp-json\/wp\/v2\/categories?post=1300"},{"taxonomy":"post_tag","embeddable":true,"href":"https:\/\/latecordoba.com\/index.php\/wp-json\/wp\/v2\/tags?post=1300"}],"curies":[{"name":"wp","href":"https:\/\/api.w.org\/{rel}","templated":true}]}}