{"id":1298,"date":"2023-02-16T12:17:20","date_gmt":"2023-02-16T12:17:20","guid":{"rendered":"https:\/\/www.puntal.com.ar\/silvina-luna\/silvina-luna-debera-someterse-un-trasplante-rinon-n184843"},"modified":"2023-02-16T12:17:20","modified_gmt":"2023-02-16T12:17:20","slug":"silvina-luna-debera-someterse-a-un-trasplante-de-rinon","status":"publish","type":"post","link":"https:\/\/latecordoba.com\/index.php\/2023\/02\/16\/silvina-luna-debera-someterse-a-un-trasplante-de-rinon\/","title":{"rendered":"Silvina Luna deber\u00e1 someterse a un trasplante de ri\u00f1\u00f3n"},"content":{"rendered":"\n<div><img decoding=\"async\" src=\"http:\/\/latecordoba.com\/wp-content\/uploads\/2023\/02\/silvina-luna-debera-someterse-a-un-trasplante-de-rinon.jpg\" class=\"ff-og-image-inserted\"><\/div>\n<div class=\"cuerpo\" data-twitter-link readability=\"39\">\n<p> <strong>\u201cSilvina Luna est\u00e1 mirando el programa y obviamente ella pide Justicia, est\u00e1 sorprendida por todo lo que escucha\u201d. <\/strong>Y agreg\u00f3: <strong>\u201cesto lo cuento porque ella me autoriza, me lo cont\u00f3 hace unos d\u00edas. Silvina est\u00e1 en di\u00e1lisis porque sus ri\u00f1ones dejaron de funcionar y se tiene que trasplantar\u201d,<\/strong> afirm\u00f3 Z\u00e1ffora. <strong>\u201cPor Lotocki ella est\u00e1 haciendo un tratamiento, se tiene que enchufar en una m\u00e1quina tres veces por semana cuatro horas, le dejaron de funcionar los ri\u00f1ones\u201d<\/strong>.<\/p>\n<div contenteditable=\"false\" class=\"embed_cont type_freetext\" rel=\"freetext\" id=\"embed1530_wrap\" data-provider=\"YouTube\" readability=\"32\">\n<p> Detalles del estado de salud de Silvina Luna<span onclick=\"parent.parent.TinyMCETdcuerpo.preview_embed('embed1530')\" class=\"embed_colapse less\" id=\"embed1530_colapse\"><\/span><span onclick=\"parent.parent.TinyMCETdcuerpo.delete_embed('embed1530')\" class=\"embed_delete less\" id=\"embed1530_delete\"><\/span><\/p>\n<div id=\"embed1530_content\" class=\"embed_content\">\n<p> <iframe loading=\"lazy\" width=\"200\" height=\"113\" src=\"https:\/\/www.youtube.com\/embed\/SIKvGpnscmg?feature=oembed\" frameborder=\"0\" allow=\"accelerometer; autoplay; clipboard-write; encrypted-media; gyroscope; picture-in-picture; web-share\" allowfullscreen title=\"Detalles del estado de salud de Silvina Luna\">[embedded content]<\/iframe><\/p>\n<\/p><\/div>\n<\/p><\/div>\n<p>El panelista tambi\u00e9n conto: <strong>\u201ca ella le cuesta contarlo porque hay gente que lo sigue avalando y la juzga a Silvina por las palabras de este m\u00e9dico\u201d.<\/strong> Por el lado de la parte legal, Fernando Burlando, abogado de la modelo, dijo en Nosotros a la ma\u00f1ana:<strong> \u201clo m\u00e1s triste de todo es que mientras la Justicia ve si queda firme o no la condena, en este caso ser\u00eda ir a prisi\u00f3n, la salud de Silvina se sigue agravando.<\/strong> Hoy, los padecimientos de Silvina hablan de lesiones que son grav\u00edsimas.\u201d<\/p>\n<p><strong>\u201cHay que establecer una sanci\u00f3n m\u00e1s grave, porque va acorde a las lesiones. Esto lo vamos a exponer a la Justicia, ya que hoy impedimento para trabajar no tendr\u00eda\u201d<\/strong>, explic\u00f3 Burlando y confes\u00f3 en relaci\u00f3n a la noticia del trasplante, que pens\u00f3 que se trataba de una broma: <strong>\u201cla llam\u00e9 para preguntarle eso porque siendo una mujer tan joven, es fuerte. Es una situaci\u00f3n sumamente cr\u00edtica con todo lo que significa un trasplante, con angustia previa, durante y futura\u201d.<\/strong><\/p>\n<\/p><\/div>\n","protected":false},"excerpt":{"rendered":"<p>\nLa influencer se est\u00e1 haciendo estudios y ser\u00e1 intervenida como consecuencia de la mala praxis realizada por An\u00edbal Lotocki.  <\/p>\n","protected":false},"author":1,"featured_media":1299,"comment_status":"closed","ping_status":"closed","sticky":false,"template":"","format":"standard","meta":[],"categories":[14],"tags":[],"_links":{"self":[{"href":"https:\/\/latecordoba.com\/index.php\/wp-json\/wp\/v2\/posts\/1298"}],"collection":[{"href":"https:\/\/latecordoba.com\/index.php\/wp-json\/wp\/v2\/posts"}],"about":[{"href":"https:\/\/latecordoba.com\/index.php\/wp-json\/wp\/v2\/types\/post"}],"author":[{"embeddable":true,"href":"https:\/\/latecordoba.com\/index.php\/wp-json\/wp\/v2\/users\/1"}],"replies":[{"embeddable":true,"href":"https:\/\/latecordoba.com\/index.php\/wp-json\/wp\/v2\/comments?post=1298"}],"version-history":[{"count":0,"href":"https:\/\/latecordoba.com\/index.php\/wp-json\/wp\/v2\/posts\/1298\/revisions"}],"wp:featuredmedia":[{"embeddable":true,"href":"https:\/\/latecordoba.com\/index.php\/wp-json\/wp\/v2\/media\/1299"}],"wp:attachment":[{"href":"https:\/\/latecordoba.com\/index.php\/wp-json\/wp\/v2\/media?parent=1298"}],"wp:term":[{"taxonomy":"category","embeddable":true,"href":"https:\/\/latecordoba.com\/index.php\/wp-json\/wp\/v2\/categories?post=1298"},{"taxonomy":"post_tag","embeddable":true,"href":"https:\/\/latecordoba.com\/index.php\/wp-json\/wp\/v2\/tags?post=1298"}],"curies":[{"name":"wp","href":"https:\/\/api.w.org\/{rel}","templated":true}]}}