{"id":1296,"date":"2023-02-16T12:35:37","date_gmt":"2023-02-16T12:35:37","guid":{"rendered":"https:\/\/www.puntal.com.ar\/carina-zampini\/carina-zampini-regresa-la-conduccion-el-trece-n184847"},"modified":"2023-02-16T12:35:37","modified_gmt":"2023-02-16T12:35:37","slug":"carina-zampini-regresa-a-la-conduccion-en-el-trece","status":"publish","type":"post","link":"https:\/\/latecordoba.com\/index.php\/2023\/02\/16\/carina-zampini-regresa-a-la-conduccion-en-el-trece\/","title":{"rendered":"Carina Zampini regresa a la conducci\u00f3n en El Trece"},"content":{"rendered":"\n<div><img decoding=\"async\" src=\"http:\/\/latecordoba.com\/wp-content\/uploads\/2023\/02\/carina-zampini-regresa-a-la-conduccion-en-el-trece.jpg\" class=\"ff-og-image-inserted\"><\/div>\n<div class=\"cuerpo\" data-twitter-link readability=\"13\">\n<p>Luego de muchos comentarios sobre el regreso de <strong>Carina Zampini <\/strong>a la televisi\u00f3n, se dio a conocer que se habr\u00eda concretado su vuelta a<strong> El Trece<\/strong>. Desde hace unas horas, se comenz\u00f3 a hablar del nuevo programa que conducir\u00eda la actriz en la se\u00f1al que en los \u00faltimos tiempos ha vivido varios cambios en su programaci\u00f3n, se\u00f1ala TBO.<\/p>\n<\/div>\n","protected":false},"excerpt":{"rendered":"<p>\nDesde hace unas horas se comenzaron a conocer detalles del regreso de Carina Zampini a la pantalla chica.  <\/p>\n","protected":false},"author":1,"featured_media":1297,"comment_status":"closed","ping_status":"closed","sticky":false,"template":"","format":"standard","meta":[],"categories":[14],"tags":[],"_links":{"self":[{"href":"https:\/\/latecordoba.com\/index.php\/wp-json\/wp\/v2\/posts\/1296"}],"collection":[{"href":"https:\/\/latecordoba.com\/index.php\/wp-json\/wp\/v2\/posts"}],"about":[{"href":"https:\/\/latecordoba.com\/index.php\/wp-json\/wp\/v2\/types\/post"}],"author":[{"embeddable":true,"href":"https:\/\/latecordoba.com\/index.php\/wp-json\/wp\/v2\/users\/1"}],"replies":[{"embeddable":true,"href":"https:\/\/latecordoba.com\/index.php\/wp-json\/wp\/v2\/comments?post=1296"}],"version-history":[{"count":0,"href":"https:\/\/latecordoba.com\/index.php\/wp-json\/wp\/v2\/posts\/1296\/revisions"}],"wp:featuredmedia":[{"embeddable":true,"href":"https:\/\/latecordoba.com\/index.php\/wp-json\/wp\/v2\/media\/1297"}],"wp:attachment":[{"href":"https:\/\/latecordoba.com\/index.php\/wp-json\/wp\/v2\/media?parent=1296"}],"wp:term":[{"taxonomy":"category","embeddable":true,"href":"https:\/\/latecordoba.com\/index.php\/wp-json\/wp\/v2\/categories?post=1296"},{"taxonomy":"post_tag","embeddable":true,"href":"https:\/\/latecordoba.com\/index.php\/wp-json\/wp\/v2\/tags?post=1296"}],"curies":[{"name":"wp","href":"https:\/\/api.w.org\/{rel}","templated":true}]}}