{"id":1287,"date":"2023-02-19T03:53:39","date_gmt":"2023-02-19T03:53:39","guid":{"rendered":"https:\/\/viapais.com.ar\/cordoba\/el-talleres-central-cordoba-con-nuevas-disposiciones-de-seguridad\/"},"modified":"2023-02-19T03:53:39","modified_gmt":"2023-02-19T03:53:39","slug":"el-talleres-central-cordoba-con-nuevas-disposiciones-de-seguridad","status":"publish","type":"post","link":"https:\/\/latecordoba.com\/index.php\/2023\/02\/19\/el-talleres-central-cordoba-con-nuevas-disposiciones-de-seguridad\/","title":{"rendered":"El Talleres-Central C\u00f3rdoba, con nuevas disposiciones de seguridad"},"content":{"rendered":"<br \/>\n<section readability=\"18.139367816092\">\n<p>El encuentro que <a href=\"https:\/\/viapais.com.ar\/cordoba\/todo-lo-que-tenes-que-saber-del-partido-talleres-central-cordoba-cuarta-fecha-de-liga-profesional\/\" target=\"_blank\" rel=\"noopener\"><b>Talleres sostendr\u00e1 este domingo a las 21.30<\/b><\/a> ante <a href=\"https:\/\/viapais.com.ar\/cordoba\/talleres-y-la-formacion-para-recibir-a-central-cordoba\/\" target=\"_blank\" rel=\"noopener\"><b>Central C\u00f3rdoba, por la cuarta fecha<\/b><\/a> de la Liga Profesional, ser\u00e1 con nuevas disposiciones para la seguridad en las tribunas, dispuestas por el Consejo de Seguridad Deportiva Provincial (COSEDEPRO).<\/p>\n<article class=\"article card \">\n<div class=\"article-inner \">\n<div class=\"article-image \"><a href=\"https:\/\/viapais.com.ar\/cordoba\/talleres-con-mas-inversiones-en-el-mercado-de-pases-hizo-uso-de-la-opcion-por-gaston-benavidez\/\" title=\"F\u00fatbol\"><\/p>\n<figure><picture><img decoding=\"async\" loading=\"lazy\" alt=\"F\u00fatbol\" class=\"lazyload block \" src=\"http:\/\/latecordoba.com\/wp-content\/uploads\/2023\/02\/el-talleres-central-cordoba-con-nuevas-disposiciones-de-seguridad.png\" sizes=\"auto\" data-src=\"https:\/\/viapais.com.ar\/resizer\/4evb7IjsfntWom5XcGjSVteSEBA=\/307x173\/smart\/filters:quality(75):format(webp)\/cloudfront-us-east-1.images.arcpublishing.com\/grupoclarin\/ABIWV3PAPNH5JLNX23UWNOUKXY.jpg\" width=\"307px\" height=\"173px\"><\/picture><\/figure>\n<p><\/a><\/div>\n<\/div>\n<\/article>\n<p>El organismo de seguridad ven\u00eda aplicando restricciones para los partidos como local de Instituto, por ejemplo para el ingreso de banderas de grandes dimensiones. Pero ahora incluye a Talleres y desde al pr\u00f3xima fecha tambi\u00e9n a Belgrano. <\/p>\n<figure><picture><img alt=\"Las postales del Talleres-Boca, en el Mario Alberto Kempes. (Facundo Luque \/ La Voz)\" class=\"lazyload block \" sizes=\"auto\" data-src=\"http:\/\/latecordoba.com\/wp-content\/uploads\/2023\/02\/el-talleres-central-cordoba-con-nuevas-disposiciones-de-seguridad.jpg\" width=\"1023px\" height=\"681px\"><\/picture><figcaption class>Las postales del Talleres-Boca, en el Mario Alberto Kempes. (Facundo Luque \/ La Voz)<\/figcaption><\/figure>\n<article class=\"article card \">\n<div class=\"article-inner \">\n<div class=\"article-image \"><a href=\"https:\/\/viapais.com.ar\/cordoba\/el-ex-talleres-e-instituto-que-debutara-como-dt-en-atenas-rc-en-el-federal-a\/\" title=\"Ereros\"><\/p>\n<figure><picture><img decoding=\"async\" loading=\"lazy\" alt=\"Ereros\" class=\"lazyload block \" src=\"http:\/\/latecordoba.com\/wp-content\/uploads\/2023\/02\/el-talleres-central-cordoba-con-nuevas-disposiciones-de-seguridad.png\" sizes=\"auto\" data-src=\"https:\/\/viapais.com.ar\/resizer\/gaw6r6rmLCRr3hUFrf98KxyR9vA=\/0x86:868x575\/307x173\/filters:quality(75):format(webp)\/cloudfront-us-east-1.images.arcpublishing.com\/grupoclarin\/3TCQHQNEVZHIREBSHGROUENCSI.webp\" width=\"307px\" height=\"173px\"><\/picture><\/figure>\n<p><\/a><\/div>\n<\/div>\n<\/article>\n<p>Para el juego de este domingo s\u00f3lo se autoriz\u00f3 el ingreso de p\u00fablico de Talleres, <b>que ocupar\u00e1 la cabecera Willington, y las plateas Gasparini y Ardiles. La cabecera Artime estar\u00e1 inhabilitada. <\/b><\/p>\n<p><b>Elementos Permitidos<\/b><\/p>\n<ul>\n<li><span>Pilotos y abrigos para lluvia<br \/><\/span><\/li>\n<li><span>Alimentos que no est\u00e9n envasados en botellas<br \/><\/span><\/li>\n<li><span>Banderas de dimensiones inferiores a la medida de 1 m de ancho por 2 m de largo<br \/><\/span><\/li>\n<li><span>Mochilas y bolsos que no contengan elementos prohibidos<br \/><\/span><\/li>\n<li><span>Elementos de higiene personal para beb\u00e9s y ni\u00f1os<br \/><\/span><\/li>\n<li><span>Instrumentos musicales<br \/><\/span><\/li>\n<\/ul>\n<p><b>Elementos prohibidos<\/b><\/p>\n<ul>\n<li><span>Armas Blancas<br \/><\/span><\/li>\n<li><span>Armas de Fuego<br \/><\/span><\/li>\n<li><span>Bebidas Alcoh\u00f3licas<br \/><\/span><\/li>\n<li><span>Artificios y\/o elementos pirot\u00e9cnicos de cualquier tipo y\/o forma de activaci\u00f3n (bombas de humo, de estruendo, extintores de humo, bengalas, etc)<\/span><\/li>\n<\/ul>\n<figure><picture><img alt=\"Las postales del Talleres-Boca, en el Mario Alberto Kempes. (Facundo Luque \/ La Voz)\" class=\"lazyload block \" sizes=\"auto\" data-src=\"http:\/\/latecordoba.com\/wp-content\/uploads\/2023\/02\/el-talleres-central-cordoba-con-nuevas-disposiciones-de-seguridad-1.jpg\" width=\"1023px\" height=\"681px\"><\/picture><figcaption class>Las postales del Talleres-Boca, en el Mario Alberto Kempes. (Facundo Luque \/ La Voz)<\/figcaption><\/figure>\n<ul>\n<li><span>Banderas o trofeos de Clubes que correspondan a la divisa contraria<br \/><\/span><\/li>\n<li><span>Pancarta, s\u00edmbolos, emblemas o carteles que impliquen discriminaci\u00f3n o puedan incitar a la violencia.<br \/><\/span><\/li>\n<\/ul>\n<p><b>Elementos no permitidos<\/b><\/p>\n<ul>\n<li><span>L\u00edquidos y s\u00f3lidos en vidrios, lata, pl\u00e1stico y\/o cart\u00f3n.<br \/><\/span><\/li>\n<li><span>Objetos accionados con gas, helio y\/o medios o sustancias similares que puedan constituirse en elementos de combusti\u00f3n.<br \/><\/span><\/li>\n<li><span>Iluminaci\u00f3n l\u00e1ser<br \/><\/span><\/li>\n<li><span>Paraguas y sombrillas<br \/><\/span><\/li>\n<li><span>Rollos de papel<br \/><\/span><\/li>\n<li><span>Banderas de porte manual que superen la medida de 1 m de ancho por 2 m de largo<br \/><\/span><\/li>\n<li><span>Cualquier tipo de objeto que deba ser izado a trav\u00e9s de claves a\u00e9reas o similares<br \/><\/span><\/li>\n<li><span>Cualquier elemento f\u00edsico que, por su destrucci\u00f3n o vida \u00fatil se convierta en elemento contundente o cortopunzante<br \/><\/span><\/li>\n<li><span>Envases o dem\u00e1s art\u00edculos de metal, vidrio, cer\u00e1mica, madera o materiales similares.<br \/><\/span><\/li>\n<li><span>Objetos voluminosos u otros objetos que pudieran construir un obst\u00e1culo en caso de evacuaci\u00f3n<br \/><\/span><\/li>\n<li><span>Remeras, banderas, trapos o cualquier elemento que pertenezca a un club distinto del que asiste el simpatizante.<br \/><\/span><\/li>\n<\/ul>\n<p>Estas disposiciones incluyen a todos los equipos que disputen sus partidos en la ciudad de C\u00f3rdoba. Cabe destacar que el incumplimiento provoca <b>sanciones y multas econ\u00f3micas a la instituci\u00f3n.<\/b><\/p>\n<\/section>\n<div class=\"noreadme-audima\">\n<h2>Temas Relacionados<\/h2>\n<\/div>\n","protected":false},"excerpt":{"rendered":"<p>El encuentro que Talleres sostendr\u00e1 este domingo a las 21.30 ante Central C\u00f3rdoba, por la cuarta fecha de la Liga Profesional, ser\u00e1 con nuevas disposiciones para la seguridad en las tribunas, dispuestas por el Consejo de Seguridad Deportiva Provincial (COSEDEPRO). El organismo de seguridad ven\u00eda aplicando restricciones para los partidos como local de Instituto, por [&hellip;]<\/p>\n","protected":false},"author":1,"featured_media":1288,"comment_status":"closed","ping_status":"closed","sticky":false,"template":"","format":"standard","meta":[],"categories":[15],"tags":[],"_links":{"self":[{"href":"https:\/\/latecordoba.com\/index.php\/wp-json\/wp\/v2\/posts\/1287"}],"collection":[{"href":"https:\/\/latecordoba.com\/index.php\/wp-json\/wp\/v2\/posts"}],"about":[{"href":"https:\/\/latecordoba.com\/index.php\/wp-json\/wp\/v2\/types\/post"}],"author":[{"embeddable":true,"href":"https:\/\/latecordoba.com\/index.php\/wp-json\/wp\/v2\/users\/1"}],"replies":[{"embeddable":true,"href":"https:\/\/latecordoba.com\/index.php\/wp-json\/wp\/v2\/comments?post=1287"}],"version-history":[{"count":0,"href":"https:\/\/latecordoba.com\/index.php\/wp-json\/wp\/v2\/posts\/1287\/revisions"}],"wp:featuredmedia":[{"embeddable":true,"href":"https:\/\/latecordoba.com\/index.php\/wp-json\/wp\/v2\/media\/1288"}],"wp:attachment":[{"href":"https:\/\/latecordoba.com\/index.php\/wp-json\/wp\/v2\/media?parent=1287"}],"wp:term":[{"taxonomy":"category","embeddable":true,"href":"https:\/\/latecordoba.com\/index.php\/wp-json\/wp\/v2\/categories?post=1287"},{"taxonomy":"post_tag","embeddable":true,"href":"https:\/\/latecordoba.com\/index.php\/wp-json\/wp\/v2\/tags?post=1287"}],"curies":[{"name":"wp","href":"https:\/\/api.w.org\/{rel}","templated":true}]}}