{"id":1277,"date":"2023-02-18T19:25:46","date_gmt":"2023-02-18T19:25:46","guid":{"rendered":"https:\/\/www.diariocronica.com.ar\/noticias\/2023\/02\/18\/77511-todo-listo-para-la-primera-edicion-del-strongest-man-comodoro"},"modified":"2023-02-18T19:25:46","modified_gmt":"2023-02-18T19:25:46","slug":"todo-listo-para-la-primera-edicion-del-strongest-man-comodoro","status":"publish","type":"post","link":"https:\/\/latecordoba.com\/index.php\/2023\/02\/18\/todo-listo-para-la-primera-edicion-del-strongest-man-comodoro\/","title":{"rendered":"Todo listo para la primera edici\u00f3n del Strongest Man Comodoro"},"content":{"rendered":"\n<div class=\"media_block\"><a href=\"http:\/\/latecordoba.com\/wp-content\/uploads\/2023\/02\/todo-listo-para-la-primera-edicion-del-strongest-man-comodoro.jpg\"><img decoding=\"async\" src=\"http:\/\/latecordoba.com\/wp-content\/uploads\/2023\/02\/todo-listo-para-la-primera-edicion-del-strongest-man-comodoro.jpg\" class=\"media_thumbnail\"><\/a><\/div>\n<p>Comodoro Rivadavia es sede de la primera edici\u00f3n del Torneo Strongman o Atletismo de Fuerza, en el marco del 122\u00ba Aniversario de la ciudad. Este viernes por la noche se present\u00f3 lo que ser\u00e1 el debut de esta disciplina en la ciudad, con atletas destacados de todo el pa\u00eds.<\/p>\n<p>En la presentaci\u00f3n de lo que ser\u00e1 el primer \u201cTorneo Strongest Man Comodoro\u201d o atletismo de fuerza estuvieron presentes Maximiliano Sampaoli (Sec. Gobierno Municipal), Gustavo Fita (Sec. Coordinaci\u00f3n de Gabinete Municipal), Prof. Hern\u00e1n Mart\u00ednez (Pte. Comodoro Deportes), Jos\u00e9 Poblete (Ref. deportivo local y organizador del evento), Eliseo Pe\u00f1alba (Ref. Deportivo internacional) y los jueces Leonardo Maldonado y Elizabeth Arjona.<\/p>\n<p>Adem\u00e1s, estuvieron en acto los atletas que participar\u00e1n de dicha competencia: Andr\u00e9s Gramajo (Tucum\u00e1n), Sebasti\u00e1n Isa (Salta), Alex D\u2019Alessandro (Buenos Aires), Manuel Monroy (La Plata), Cristian S\u00e1nchez (Comodoro), Juan Jos\u00e9 Limache (Mendoza), Bruno Di Rosa (Buenos Aires), Lucas Dimitruk (Buenos Aires) y Dante Carlino (La Pampa).<\/p>\n<p>El evento se denomina Strongest Man Comodoro y ser\u00e1 una competencia de fuerza con diversas pruebas de levantamiento y traslado de elementos de mucho peso.<\/p>\n<p>Strongest Man Comodoro se realizar\u00e1 este s\u00e1bado 18 de febrero en la costanera local, comenzando en horas del mediod\u00eda y tendr\u00e1 participantes de todo el pa\u00eds, quienes adem\u00e1s de competir, servir\u00e1n como exhibici\u00f3n del deporte, buscando la difusi\u00f3n de dicha disciplina en la regi\u00f3n.<\/p>\n<p><img decoding=\"async\" loading=\"lazy\" src=\"http:\/\/latecordoba.com\/wp-content\/uploads\/2023\/02\/todo-listo-para-la-primera-edicion-del-strongest-man-comodoro-1.jpg\" alt width=\"100%\" height=\"100%\"><\/p>\n<p>\u201cAntes que nada quiero agradecerle a quien siempre me brind\u00f3 el o\u00eddo desde que arranqu\u00e9 con el deporte, Hern\u00e1n Mart\u00ednez. Tambi\u00e9n a Maximiliano Sampaoli, que siempre estuvieron ah\u00ed acompa\u00f1\u00e1ndome. Muy contento por esta primera edici\u00f3n, traer el deporte a Comodoro que nunca se ha visto, con la idea de difundir este gran deporte, y a futuro consolidar esta competencia a nivel local y por qu\u00e9 no a nivel internacional\u201d, coment\u00f3 Jos\u00e9 Poblete, organizador.<\/p>\n<p>Por su parte, Eliseo Pe\u00f1alba, referente internacional, agreg\u00f3: \u201cInvitarlos tambi\u00e9n para disfrutar del espect\u00e1culo, ser\u00e1 un nivel impresionante de atletas muy bien entrenados y con mucha experiencia\u201d. Tambi\u00e9n el juez Leo Maldonado expres\u00f3 sus agradecimientos y sostuvo: \u201cEsto cuesta un mont\u00f3n, y el nivel de atletas que vinieron es impresionante. Es asegurar un nivel de torneo y un show enorme que tendr\u00e1 Comodoro Rivadavia\u201d.<\/p>\n<p>\u201cCreo que Jos\u00e9 dio un paso trascendental, el primer paso para que hoy este deporte tenga lugar en nuestra ciudad. Han venido de todo el pa\u00eds a nuestra ciudad, y es importante para nosotros, porque cumplimos 122 a\u00f1os y el evento estar\u00e1 en el marco de ese Aniversario. Dejar\u00e1n la marca de su deporte en nuestra ciudad\u201d, expres\u00f3 Hern\u00e1n Mart\u00ednez, titular de Comodoro Deportes.<\/p>\n<p>En tanto, Maximiliano Sampaoli, secretario de Gobierno municipal, a\u00f1adi\u00f3: \u201cEs una actividad poco habitual y a nosotros nos permite marcar cual es la pol\u00edtica deportiva de esta Municipalidad y Comodoro Deportes. Siempre decimos que todas aquellas instituciones, federaciones y asociaciones que tienen proyectos sustentables y sostenibles en el tiempo ser\u00e1n acompa\u00f1adas por el estado. Qu\u00e9 mejor ejemplo que \u00e9ste, donde habr\u00e1 una disciplina nueva, sin tradici\u00f3n en la ciudad, y la primera vez en la ciudad, con el estado acompa\u00f1ando\u201d.<\/p>\n","protected":false},"excerpt":{"rendered":"\n<div class=\"media_block\"><a href=\"http:\/\/latecordoba.com\/wp-content\/uploads\/2023\/02\/todo-listo-para-la-primera-edicion-del-strongest-man-comodoro.jpg\"><img decoding=\"async\" src=\"http:\/\/latecordoba.com\/wp-content\/uploads\/2023\/02\/todo-listo-para-la-primera-edicion-del-strongest-man-comodoro.jpg\" class=\"media_thumbnail\"><\/a><\/div>\n<p> Todo listo para la primera edici\u00f3n del Strongest Man Comodoro  <\/p>\n","protected":false},"author":1,"featured_media":1278,"comment_status":"closed","ping_status":"closed","sticky":false,"template":"","format":"standard","meta":[],"categories":[17],"tags":[],"_links":{"self":[{"href":"https:\/\/latecordoba.com\/index.php\/wp-json\/wp\/v2\/posts\/1277"}],"collection":[{"href":"https:\/\/latecordoba.com\/index.php\/wp-json\/wp\/v2\/posts"}],"about":[{"href":"https:\/\/latecordoba.com\/index.php\/wp-json\/wp\/v2\/types\/post"}],"author":[{"embeddable":true,"href":"https:\/\/latecordoba.com\/index.php\/wp-json\/wp\/v2\/users\/1"}],"replies":[{"embeddable":true,"href":"https:\/\/latecordoba.com\/index.php\/wp-json\/wp\/v2\/comments?post=1277"}],"version-history":[{"count":0,"href":"https:\/\/latecordoba.com\/index.php\/wp-json\/wp\/v2\/posts\/1277\/revisions"}],"wp:featuredmedia":[{"embeddable":true,"href":"https:\/\/latecordoba.com\/index.php\/wp-json\/wp\/v2\/media\/1278"}],"wp:attachment":[{"href":"https:\/\/latecordoba.com\/index.php\/wp-json\/wp\/v2\/media?parent=1277"}],"wp:term":[{"taxonomy":"category","embeddable":true,"href":"https:\/\/latecordoba.com\/index.php\/wp-json\/wp\/v2\/categories?post=1277"},{"taxonomy":"post_tag","embeddable":true,"href":"https:\/\/latecordoba.com\/index.php\/wp-json\/wp\/v2\/tags?post=1277"}],"curies":[{"name":"wp","href":"https:\/\/api.w.org\/{rel}","templated":true}]}}