{"id":1265,"date":"2023-02-18T11:05:00","date_gmt":"2023-02-18T11:05:00","guid":{"rendered":"https:\/\/www.iprofesional.com\/politica\/377583-clave-para-usuarios-y-comercios-proponen-bajar-tarifa-electrica"},"modified":"2023-02-18T11:05:00","modified_gmt":"2023-02-18T11:05:00","slug":"en-medio-del-conflicto-con-edesur-proponen-reducir-tarifa-electrica-en-casas-y-comercios-asi-es-el-proyecto","status":"publish","type":"post","link":"https:\/\/latecordoba.com\/index.php\/2023\/02\/18\/en-medio-del-conflicto-con-edesur-proponen-reducir-tarifa-electrica-en-casas-y-comercios-asi-es-el-proyecto\/","title":{"rendered":"En medio del conflicto con Edesur, proponen reducir tarifa el\u00e9ctrica en casas y comercios: as\u00ed es el proyecto"},"content":{"rendered":"\n<div class=\"media_block\"><img decoding=\"async\" src=\"http:\/\/latecordoba.com\/wp-content\/uploads\/2023\/02\/en-medio-del-conflicto-con-edesur-proponen-reducir-tarifa-electrica-en-casas-y-comercios-asi-es-el-proyecto.jpg\"><\/div>\n<p>Mientras el <a href=\"https:\/\/www.iprofesional.com\/negocios\/377550-cortes-de-luz-el-gobierno-declaro-la-guerra-total-a-edesur\" target=\"_blank\" rel=\"noopener\">Gobierno adopta sanciones contra <strong>Edesur<\/strong> por los m\u00faltiples cortes<\/a> del suministro en el \u00c1rea Metropolitana de Buenos Aires (AMBA), en el Senado se present\u00f3 un <strong>proyecto de ley<\/strong> que propone <strong>reducir la tarifa el\u00e9ctrica para usuarios residenciales y comerciales<\/strong> mediante la <strong>reducci\u00f3n del IVA<\/strong> y la prohibici\u00f3n del cobro de tasas y cargos extra, entre otros cambios.\n<\/p>\n<p>La iniciativa fue presentada por el senador entrerriano del Frente de Todos <strong>Edgardo Kueider<\/strong>, quien afirm\u00f3 que &#8220;el objetivo es atacar el <strong>problema del alto costo que los vecinos pagan<\/strong> por este servicio, <strong>modificando leyes de fondo <\/strong>que perjudican a las familias y a usuarios comerciales, industriales y pymes&#8221;.\n<\/p>\n<p>El proyecto tiene dos ejes centrales. <span>Uno es la parte impositiva, enfocada principalmente en un recorte a m\u00e1s de la mitad de la al\u00edcuota que se cobra en las facturas en concepto de IVA, y el otro es el aumento de las regal\u00edas que perciben las provincias productoras de energ\u00eda<\/span> con el fin de que esa suba se destine a la &#8220;reducci\u00f3n del costo de la tarifa el\u00e9ctrica&#8221;.\n<\/p>\n<p>Con ese mismo objetivo, seg\u00fan destac\u00f3 Kueider, el proyecto impulsa el aumento del precio que la Compa\u00f1\u00eda Administradora del Mercado Mayorista El\u00e9ctrico Sociedad An\u00f3nima (<strong>CAMMESA<\/strong>) le paga a la represa Salto Grande -que se divide entre las provincias de Entre R\u00edos, Corrientes y Misiones- y que la <strong>mitad de lo recaudado<\/strong> por ese aumento se destine &#8220;a la <strong>disminuci\u00f3n del importe del costo final <\/strong>de servicio&#8221;.\n<\/p>\n<h2>\u00bfQu\u00e9 dice el proyecto para reducir la tarifa el\u00e9ctrica en casas y comercios?<\/h2>\n<p><span>El proyecto que est\u00e1 en el Senado propone reducir del 21 al 5% el IVA en la tarifa el\u00e9ctrica para los domicilios particulares y consumo familiar<\/span>, mediante una modificaci\u00f3n a la Ley de Impuesto al Valor Agregado.\n<\/p>\n<p>La al\u00edcuota general es del 21% pero esa ley establece porcentajes diferenciales para distintos sectores y actividades. Apoyada en esto, la iniciativa propone incorporar a esta norma un p\u00e1rrafo que establece que &#8220;la al\u00edcuota <strong>ser\u00e1 del 5% para las ventas de electricidad siempre que la demanda sea residencial<\/strong>&#8220;.\n<\/p>\n<div class=\"imagen\" readability=\"7\"><img decoding=\"async\" loading=\"lazy\" class=\"lazyload\" src=\"http:\/\/latecordoba.com\/wp-content\/uploads\/2023\/02\/en-medio-del-conflicto-con-edesur-proponen-reducir-tarifa-electrica-en-casas-y-comercios-asi-es-el-proyecto-1.jpg\" alt width=\"880\" height=\"495\"><\/p>\n<p>La iniciativa propone reducir al 5% el IVA en las tarifas para usuarios residenciales<\/p>\n<\/div>\n<p>Por otra parte, <a href=\"https:\/\/www.iprofesional.com\/impuestos\/374830-cuanto-es-el-iva-en-argentina-productos-con-el-21-27-y-105\" target=\"_blank\" rel=\"noopener\">la ley del IVA <\/a>establece que la al\u00edcuota <strong>es del 27% para las ventas de gas, energ\u00eda el\u00e9ctrica y aguas<\/strong> reguladas por medidor cuando la prestaci\u00f3n sea &#8220;<strong>fuera de domicilios <\/strong>destinados exclusivamente a vivienda&#8221;, lo que abarca a los usuarios comerciales con algunas excepciones.\n<\/p>\n<p><span>El proyecto de Kueider tambi\u00e9n propone un cambio en ese sentido y propone que la al\u00edcuota sea del 10,5% en las tarifas de &#8220;usuarios comerciales, industriales y pymes&#8221;<\/span>, mediante la incorporaci\u00f3n de &#8220;las ventas y prestaciones de servicios de electricidad&#8221; a la lista de sectores alcanzados por la reducci\u00f3n del 50% del IVA que establece la ley.\n<\/p>\n<p>Otro de los puntos clave con los que el proyecto intenta reducir la tarifa el\u00e9ctrica es la <strong>prohibici\u00f3n para que las distribuidoras energ\u00e9ticas cobren cargos extras<\/strong> como &#8220;tasas y contribuciones&#8221; que, seg\u00fan subray\u00f3 el senador entrerriano, &#8220;encarecen el precio final de la boleta de luz&#8221;.\n<\/p>\n<h2>Aumento de las regal\u00edas para las provincias: \u00bfpuede influir en el costo?<\/h2>\n<p>Por otra parte, la iniciativa de Kueider propone un<strong> fuerte aumento de las regal\u00edas que cobran las provincias productoras<\/strong> de energ\u00eda con el fin, seg\u00fan se\u00f1al\u00f3, de que esa proporci\u00f3n se utilice para reducir el costo de la tarifa en esos distritos.\n<\/p>\n<p>Actualmente, la Ley de Energ\u00eda El\u00e9ctrica (15.336) se\u00f1ala que las provincias en cuyos territorios se encuentren las fuentes hidroel\u00e9ctricas<span> perciben mensualmente &#8220;el 12% del importe que resulte de aplicar a la energ\u00eda vendida a los centros de consumo, la tarifa correspondiente a la venta en bloque&#8221;. El proyecto eleva ese porcentaje al 20%.<\/span>\n<\/p>\n<p>Adem\u00e1s, establece que las regal\u00edas &#8220;<strong>podr\u00e1n percibirse en especie -energ\u00eda el\u00e9ctrica<\/strong>-, a opci\u00f3n de cada jurisdicci\u00f3n, y ser\u00e1n afectadas en su totalidad a reducir el costo de la tarifa el\u00e9ctrica a consumidores finales dentro de la provincia&#8221;.\n<\/p>\n<div class=\"imagen\" readability=\"7\"><img decoding=\"async\" loading=\"lazy\" class=\"lazyload\" src=\"http:\/\/latecordoba.com\/wp-content\/uploads\/2023\/02\/en-medio-del-conflicto-con-edesur-proponen-reducir-tarifa-electrica-en-casas-y-comercios-asi-es-el-proyecto-2.jpg\" alt width=\"880\" height=\"495\"><\/p>\n<p>La iniciativa proh\u00edbe a las distribuidoras cobrar tasas y contribuciones<\/p>\n<\/div>\n<h2>\u00bfTarifas diferenciales?: la &#8220;federalizaci\u00f3n&#8221; de costos y el &#8220;Factor K&#8221;<\/h2>\n<p>El proyecto de Kueider incluye un cap\u00edtulo para establecer un <strong>&#8220;precio estacional diferenciado&#8221; <\/strong>con el cual apunta, seg\u00fan se\u00f1al\u00f3, a una <strong>&#8220;federalizaci\u00f3n de los costos de transporte y distribuci\u00f3n de la energ\u00eda&#8221;<\/strong> para &#8220;evitar distorsiones como que Buenos Aires pague menos que el resto de las provincias&#8221;.\n<\/p>\n<p>Al respecto, la iniciativa se\u00f1ala que <strong>el precio estacional <\/strong>que aprueba trimestralmente la Secretar\u00eda de Energ\u00eda a propuesta de CAMMESA y que rige para la compra de energ\u00eda en el mercado mayorista de los agentes distribuidores tendr\u00e1 que estar <strong>determinado &#8220;por un Factor K <\/strong>que tenga en cuenta las caracter\u00edsticas de los mercados el\u00e9ctricos en <strong>cada una de las jurisdicciones <\/strong>del pa\u00eds&#8221;.\n<\/p>\n<p>Ese &#8220;Factor K&#8221; deber\u00e1 calcularse <span>en base a una serie de variables y par\u00e1metros tales como el &#8220;\u00e1rea abastecida, cantidad de usuarios, energ\u00eda consumida, longitud de las l\u00edneas el\u00e9ctricas y otros que resulten representativos del servicio que se brinda&#8221;.<\/span>\n<\/p>\n<p>Todos esos par\u00e1metros var\u00edan entre una provincia y la otra, especialmente en lo que refiere a la cantidad de usuarios y a la longitud de las l\u00edneas el\u00e9ctricas. Por esa raz\u00f3n, el proyecto establece que el <strong>&#8220;Factor K ser\u00e1 determinado por jurisdicci\u00f3n&#8221;<\/strong> a la vez que &#8220;afectar\u00e1 al precio estacional&#8221;.\n<\/p>\n<h2>El conflicto con Edesur<\/h2>\n<p>Si bien el proyecto de Kueider no guarda relaci\u00f3n directa con la<strong> pelea que se da entre el Gobierno y la empresa Edesur<\/strong>, su presentaci\u00f3n se dio en un contexto cruzado por los prolongados y m\u00faltiples cortes del suministro de electricidad por el cual varios usuarios exigen resarcimientos econ\u00f3micos y el Ejecutivo nacional intenta apoyar ese reclamo.\n<\/p>\n<p>Adem\u00e1s de tener en evaluaci\u00f3n la intervenci\u00f3n de la empresa, <a href=\"https:\/\/www.iprofesional.com\/actualidad\/377533-cortes-de-luz-el-gobierno-multo-a-edesur-con-1000-millones\" target=\"_blank\" rel=\"noopener\">el Gobierno le aplic\u00f3 a la compa\u00f1\u00eda una multa de $1.000 millones<\/a> y anunci\u00f3 la obligar\u00e1 a <strong>devolver la totalidad de la factura<\/strong> del \u00faltimo mes a los usuarios que hayan sufrido cortes superiores al promedio establecido en el contrato.\n<\/p>\n<div class=\"imagen\" readability=\"7\"><img decoding=\"async\" loading=\"lazy\" class=\"lazyload\" src=\"http:\/\/latecordoba.com\/wp-content\/uploads\/2023\/02\/en-medio-del-conflicto-con-edesur-proponen-reducir-tarifa-electrica-en-casas-y-comercios-asi-es-el-proyecto-3.jpg\" alt width=\"880\" height=\"494\"><\/p>\n<p>El proyecto fue presentado en el Senado por el entrerriano Edgardo Kueider<\/p>\n<\/div>\n<p>Por otra parte, la Secretar\u00eda de Energ\u00eda a cargo de<strong> Flavia Roy\u00f3n<\/strong> le inform\u00f3 a Edesur el env\u00edo de <strong>veedores por parte del Gobierno<\/strong> para auditar el cumplimiento del r\u00e9gimen de inversiones y del tiempo de respuesta a los usuarios, as\u00ed como la calidad del servicio.\n<\/p>\n<p>El \u00faltimo jueves, durante una conferencia de prensa en la Casa Rosada la portavoz presidencial, Gabriela Cerruti, fue consultada por la posibilidad de una<strong> expropiaci\u00f3n de la empresa<\/strong> y respondi\u00f3 que &#8220;el <strong>Gobierno analiza todas las variables legales <\/strong>y posibles para cuidar a los usuarios de Edesur&#8221;, al tiempo que indic\u00f3 que &#8220;no hay crisis energ\u00e9tica en el pa\u00eds porque el problema es de una sola empresa&#8221;.<\/p>\n","protected":false},"excerpt":{"rendered":"\n<div class=\"media_block\"><img decoding=\"async\" src=\"http:\/\/latecordoba.com\/wp-content\/uploads\/2023\/02\/en-medio-del-conflicto-con-edesur-proponen-reducir-tarifa-electrica-en-casas-y-comercios-asi-es-el-proyecto.jpg\"><\/div>\n<p> Fue presentado en el Senado. El eje central pasa por el componente impositivo que pagan los usuarios. \u00bfQu\u00e9 le proh\u00edbe a las distribuidoras? <iframe width=\"0\" height=\"0\" border=\"0\"> <script> (function(i,s,o,g,r,a,m){i['GoogleAnalyticsObject']=r;i[r]=i[r]||function(){ (i[r].q=i[r].q||[]).push(arguments)},i[r].l=1*new Date();a=s.createElement(o), m=s.getElementsByTagName(o)[0];a.async=1;a.src=g;m.parentNode.insertBefore(a,m) })(window,document,'script','https:\/\/www.google-analytics.com\/analytics.js','ga'); ga('create', 'GTM-5LW5KQD', 'auto'); ga('require', 'displayfeatures'); ga('set', 'campaignSource', 'RSS Client for iProfesional'); ga('set', 'campaignMedium', 'RSS Client for iProfesional'); ga('set', {\"dataSource\": \"rss.atom.iprofesional.com\"}); ga('set', {\"referrer\": \"rss.atom.iprofesional.com\"}); ga('set', 'title', 'RSS Client for iProfesional'); ga('send', 'pageview'); <\/script> <!-- Begin comScore Tag --> <script>\nvar _comscore = _comscore || [];\n_comscore.push({ c1: \"2\", c2: \"37240992\" });\n(function() {\nvar s = document.createElement(\"script\"), el = document.getElementsByTagName(\"script\")[0]; s.async = true;\ns.src = \"https:\/\/sb.scorecardresearch.com\/cs\/37240992\/beacon.js\";\nel.parentNode.insertBefore(s, el);\n})(); <\/script> <noscript> <img decoding=\"async\" src=\"http:\/\/latecordoba.com\/wp-content\/uploads\/2023\/02\/en-medio-del-conflicto-con-edesur-proponen-reducir-tarifa-electrica-en-casas-y-comercios-asi-es-el-proyecto.gif\"> <\/noscript> <!-- End comScore Tag --> <\/iframe>  <\/p>\n","protected":false},"author":1,"featured_media":1266,"comment_status":"closed","ping_status":"closed","sticky":false,"template":"","format":"standard","meta":[],"categories":[18],"tags":[],"_links":{"self":[{"href":"https:\/\/latecordoba.com\/index.php\/wp-json\/wp\/v2\/posts\/1265"}],"collection":[{"href":"https:\/\/latecordoba.com\/index.php\/wp-json\/wp\/v2\/posts"}],"about":[{"href":"https:\/\/latecordoba.com\/index.php\/wp-json\/wp\/v2\/types\/post"}],"author":[{"embeddable":true,"href":"https:\/\/latecordoba.com\/index.php\/wp-json\/wp\/v2\/users\/1"}],"replies":[{"embeddable":true,"href":"https:\/\/latecordoba.com\/index.php\/wp-json\/wp\/v2\/comments?post=1265"}],"version-history":[{"count":0,"href":"https:\/\/latecordoba.com\/index.php\/wp-json\/wp\/v2\/posts\/1265\/revisions"}],"wp:featuredmedia":[{"embeddable":true,"href":"https:\/\/latecordoba.com\/index.php\/wp-json\/wp\/v2\/media\/1266"}],"wp:attachment":[{"href":"https:\/\/latecordoba.com\/index.php\/wp-json\/wp\/v2\/media?parent=1265"}],"wp:term":[{"taxonomy":"category","embeddable":true,"href":"https:\/\/latecordoba.com\/index.php\/wp-json\/wp\/v2\/categories?post=1265"},{"taxonomy":"post_tag","embeddable":true,"href":"https:\/\/latecordoba.com\/index.php\/wp-json\/wp\/v2\/tags?post=1265"}],"curies":[{"name":"wp","href":"https:\/\/api.w.org\/{rel}","templated":true}]}}