{"id":1261,"date":"2023-02-15T15:55:38","date_gmt":"2023-02-15T15:55:38","guid":{"rendered":"https:\/\/ar.marca.com\/claro\/futbol-internacional\/barcelona\/2023\/02\/15\/63ecfd91e2704ee0988b45e2.html"},"modified":"2023-02-15T15:55:38","modified_gmt":"2023-02-15T15:55:38","slug":"ha-sido-el-barcelona-mas-beneficiado-por-los-arbitros","status":"publish","type":"post","link":"https:\/\/latecordoba.com\/index.php\/2023\/02\/15\/ha-sido-el-barcelona-mas-beneficiado-por-los-arbitros\/","title":{"rendered":"\u00bfHa sido el Barcelona m\u00e1s beneficiado por los \u00e1rbitros?"},"content":{"rendered":"\n<div class=\"media_block\"><a href=\"https:\/\/e00-ar-marca.uecdn.es\/claro\/assets\/multimedia\/imagenes\/2023\/02\/15\/16764793714631.jpg\"><img decoding=\"async\" src=\"http:\/\/latecordoba.com\/wp-content\/uploads\/2023\/02\/ha-sido-el-barcelona-mas-beneficiado-por-los-arbitros.jpg\" class=\"media_thumbnail\"><\/a><\/div>\n<p><h2 class=\"section-title-group izquierda\"><span class=\"section-type\">FC Barcelona<\/span>&nbsp;<span class=\"subsection-type\">MARCA eleva un informe especial tras el esc\u00e1ndalo del pago hacia un ex \u00e1rbitro<\/span><\/h2>\n<\/p>\n<div readability=\"93.005772855796\">\n<figure class=\"multimedia-item image\"><img decoding=\"async\" src=\"http:\/\/latecordoba.com\/wp-content\/uploads\/2023\/02\/ha-sido-el-barcelona-mas-beneficiado-por-los-arbitros-1.jpg\" class=\"full-image\"><\/figure>\n<aside class=\"aside-tools byline-tools\"><\/aside>\n<p><a href=\"https:\/\/ar.marca.com\/claro\/futbol-internacional\/barcelona\/2023\/02\/15\/63eceb3ce2704e69058b45e8.html\"><strong>El esc\u00e1ndalo sobrevuela el f\u00fatbol espa\u00f1ol despu\u00e9s de la noticia publicada por la &#8216;SER Catalunya&#8217;<\/strong><\/a>. Seg\u00fan este medio, el <a href=\"https:\/\/ar.marca.com\/claro\/futbol-internacional\/barcelona\/2023\/02\/15\/63eceb3ce2704e69058b45e8.html\">F.C. Barcelona<\/a> pag\u00f3 1,4 millones a Enr\u00edquez Negreira, vicepresidente del Comit\u00e9 T\u00e9cnico de \u00c1rbitros, mientras \u00e9ste a\u00fan ejerc\u00eda en dicho comit\u00e9. <\/p>\n<p>Con la prudencia necesaria que siempre acompa\u00f1a a la palabra &#8216;supuesto<strong>&#8216;, echamos la vista atr\u00e1s para analizar el comportamiento de los colegiados con respecto al equipo azulgrana comparando sus n\u00fameros arbitrales con los del Real Madrid. <\/strong><\/p>\n<p>Seg\u00fan la informaci\u00f3n, los pagos a Negreira se llevaron a cabo entre 2016 y 2018. Pero, <strong>\u00bfqu\u00e9 ocurri\u00f3 en LaLiga durante ese periodo de tiempo?<\/strong> Recuerdo que la 16\/17 y 17\/18 fueron las dos \u00faltimas temporadas sin VAR. Un antes y un despu\u00e9s en el f\u00fatbol que cambi\u00f3 la forma de arbitrar y que a\u00fan hoy sigue generando pol\u00e9mica.<\/p>\n<h2 class=\"ue-c-article__subheadline\">Temporada 2016\/17<\/h2>\n<p>En la temporada 2016\/17 el Real Madrid se llev\u00f3 el t\u00edtulo por delante de los azulgrana. Con Zidane en el banquillo y Cristiano como gran estrella, el equipo blanco acab\u00f3 firmando un gran campeonato con 93 puntos. Sin embargo, aquella temporada no estuvo exenta de pol\u00e9mica. En el Bar\u00e7a a\u00fan recuerdan el<strong> gol fantasma del Villamar\u00edn o la mano de Bruno en Villarreal.<\/strong><\/p>\n<p>Y desde Chamart\u00edn s<strong>e acuerdan del gol de Messi en claro fuera de juego ante el Espanyol o de los penaltis ante el Valencia.<\/strong> Pero, \u00bfqu\u00e9 dicen los n\u00fameros?<\/p>\n<figure class=\"ue-c-article__media ue-c-article--media-icon-m-from-tablet ue-c-article__media--image \">\n<div class=\"ue-c-article__media-img-container ue-l-article--expand-edge-right-until-tablet ue-l-article--expand-edge-left-until-tablet\"><img decoding=\"async\" loading=\"lazy\" class=\"ue-c-article__media--image\" src=\"http:\/\/latecordoba.com\/wp-content\/uploads\/2023\/02\/ha-sido-el-barcelona-mas-beneficiado-por-los-arbitros.png\" width=\"660\" height=\"374\"><\/div>\n<\/figure>\n<ol class=\"list ordered-list\">\n<li><strong><\/strong>Barcelona: 9 penaltis a favor y 0 en contra; 1 expulsi\u00f3n y 10 rivales expulsados\n<\/li>\n<li><strong><\/strong>Real Madrid: 8 penaltis a favor y 4 en contra; 2 expulsiones y 4 rivales expulsados\n<\/li>\n<\/ol>\n<p>Gran a\u00f1o del equipo azulgrana ante un Real Madrid desconocido en LaLiga y que acab\u00f3 centr\u00e1ndose en la Champions League. \u00daltima temporada sin VAR y que volvi\u00f3 a ser movidita y que dej\u00f3, curiosamente, un saldo arbitral m\u00e1s beneficioso para el equipo blanco (acab\u00f3 tercero en la clasificaci\u00f3n por detr\u00e1s del Atl\u00e9tico).<\/p>\n<ol class=\"list ordered-list\">\n<li><strong><\/strong>Barcelona: 5 penaltis a favor y 2 en contra; 2 expulsiones y 4 rivales expulsados\n<\/li>\n<li><strong><\/strong>Real Madrid: 10 penaltis a favor y 4 en contra; 4 expulsiones y 3 rivales expulsados\n<\/li>\n<\/ol>\n<h2 class=\"ue-c-article__subheadline\">Temporada 2018\/19<\/h2>\n<p>Llega al VAR a LaLiga espa\u00f1ola, pero las pol\u00e9micas arbitrales no cesan. El Bar\u00e7a revalida t\u00edtulo y es, parad\u00f3jicamente, su \u00faltimo gran campeonato. El <strong>pisot\u00f3n de Luis Su\u00e1rez a Nacho, el no penalti a Semedo, el gol anulado a Benzema o la expulsi\u00f3n de Lenglet <\/strong>que acab\u00f3 con el enorme enfado de Messi fueron algunas de las jugadas m\u00e1s recordadas y cuestionadas. <\/p>\n<figure class=\"ue-c-article__media ue-c-article--media-icon-m-from-tablet ue-c-article__media--image \">\n<div class=\"ue-c-article__media-img-container ue-l-article--expand-edge-right-until-tablet ue-l-article--expand-edge-left-until-tablet\"><img decoding=\"async\" loading=\"lazy\" class=\"ue-c-article__media--image\" src=\"http:\/\/latecordoba.com\/wp-content\/uploads\/2023\/02\/ha-sido-el-barcelona-mas-beneficiado-por-los-arbitros-2.jpg\" width=\"660\" height=\"372\"><\/div>\n<\/figure>\n<ol class=\"list ordered-list\">\n<li><strong><\/strong>Barcelona: 9 penaltis a favor y 2 en contra; 2 expulsiones y 5 rivales expulsados\n<\/li>\n<li><strong><\/strong>Real Madrid: 9 penaltis a favor y 8 en contra; 6 expulsiones y 3 rivales expulsados\n<\/li>\n<\/ol>\n<p>Estad\u00edsticas objetivas que, simplemente presentan una situaci\u00f3n a lo largo de la \u00faltima d\u00e9cada. \u00bfHay tendencia favorable al Bar\u00e7a? \u00bfHa tenido m\u00e1s fortuna arbitral que el Real Madrid?<\/p>\n<p>Penaltis a favor y en contra<\/p>\n<p>Ponemos como punto de partida la temporada 2012\/13 para tener una d\u00e9cada completa a falta s\u00f3lo de terminar la actual competici\u00f3n liguera.<\/p>\n<ol class=\"list alt-colors\">\n<li>Barcelona: a favor: 88, en contra 34\n<\/li>\n<li>Real Madrid: a favor: 98, en contra 53<\/li>\n<\/ol>\n<p>Dentro de este fr\u00edo de dato de penaltis se\u00f1alados a favor y en contra es necesario aclarar un punto clave. La aparici\u00f3n del VAR. Antes de que la tecnolog\u00eda llegase en la temporada 18\/19 para, en teor\u00eda, hacer m\u00e1s justo el f\u00fatbol las estad\u00edsticas discurr\u00edan de la siguiente manera<\/p>\n<ol class=\"list alt-colors\">\n<li>Barcelona. Sin VAR: a favor 57, en contra 15= +42. Con VAR: a favor 31, en contra 19= +12\n<\/li>\n<li>R. Madrid. Sin VAR: a favor 55, en contra 26= +29. Con VAR: a favor 43, en contra 27= +16<\/li>\n<\/ol>\n<p>Si entramos en el cap\u00edtulo de expulsiones encontramos una tendencia similar a la de los penaltis. Las razones de dicha tendencia podr\u00edan ser muchas. Desde el estilo de juego de ambos equipos hasta los errores o aciertos arbitrales. La mera estad\u00edstica dice lo siguiente:<\/p>\n<ol class=\"list alt-colors\">\n<li>Barcelona: 31 (11 antes del VAR y 20 con el VAR)\n<\/li>\n<li>Real Madrid: 36 (23 antes del VAR y 13 con el VAR)<\/li>\n<\/ol>\n<ol class=\"list ordered-list\">\n<li><strong><\/strong>Barcelona: 61 (38 antes del VAR y 23 con el VAR)\n<\/li>\n<li><strong><\/strong>Real Madrid: 41 (26 antes del VAR y 15 con el VAR)\n<\/li>\n<\/ol>\n<ol class=\"list ordered-list\">\n<li><strong><\/strong>Barcelona: Antes del VAR=+27, despu\u00e9s del VAR= +3\n<\/li>\n<li><strong><\/strong>Real Madrid: Antes del VAR= +5, despu\u00e9s del VAR= +2\n<\/li>\n<\/ol>\n<aside class=\"related-tags\"><\/aside>\n<\/div>\n","protected":false},"excerpt":{"rendered":"\n<div class=\"media_block\"><a href=\"https:\/\/e00-ar-marca.uecdn.es\/claro\/assets\/multimedia\/imagenes\/2023\/02\/15\/16764793714631.jpg\"><img decoding=\"async\" src=\"http:\/\/latecordoba.com\/wp-content\/uploads\/2023\/02\/ha-sido-el-barcelona-mas-beneficiado-por-los-arbitros.jpg\" class=\"media_thumbnail\"><\/a><\/div>\n<p>&nbsp;<a href=\"https:\/\/ar.marca.com\/claro\/futbol-internacional\/barcelona\/2023\/02\/15\/63ecfd91e2704ee0988b45e2.html\"> Leer <\/a><img decoding=\"async\" src=\"http:\/\/latecordoba.com\/wp-content\/uploads\/2023\/02\/ha-sido-el-barcelona-mas-beneficiado-por-los-arbitros.gif\" alt=\"\"\/> <\/p>\n","protected":false},"author":1,"featured_media":1262,"comment_status":"closed","ping_status":"closed","sticky":false,"template":"","format":"standard","meta":[],"categories":[17],"tags":[],"_links":{"self":[{"href":"https:\/\/latecordoba.com\/index.php\/wp-json\/wp\/v2\/posts\/1261"}],"collection":[{"href":"https:\/\/latecordoba.com\/index.php\/wp-json\/wp\/v2\/posts"}],"about":[{"href":"https:\/\/latecordoba.com\/index.php\/wp-json\/wp\/v2\/types\/post"}],"author":[{"embeddable":true,"href":"https:\/\/latecordoba.com\/index.php\/wp-json\/wp\/v2\/users\/1"}],"replies":[{"embeddable":true,"href":"https:\/\/latecordoba.com\/index.php\/wp-json\/wp\/v2\/comments?post=1261"}],"version-history":[{"count":0,"href":"https:\/\/latecordoba.com\/index.php\/wp-json\/wp\/v2\/posts\/1261\/revisions"}],"wp:featuredmedia":[{"embeddable":true,"href":"https:\/\/latecordoba.com\/index.php\/wp-json\/wp\/v2\/media\/1262"}],"wp:attachment":[{"href":"https:\/\/latecordoba.com\/index.php\/wp-json\/wp\/v2\/media?parent=1261"}],"wp:term":[{"taxonomy":"category","embeddable":true,"href":"https:\/\/latecordoba.com\/index.php\/wp-json\/wp\/v2\/categories?post=1261"},{"taxonomy":"post_tag","embeddable":true,"href":"https:\/\/latecordoba.com\/index.php\/wp-json\/wp\/v2\/tags?post=1261"}],"curies":[{"name":"wp","href":"https:\/\/api.w.org\/{rel}","templated":true}]}}