{"id":1251,"date":"2023-02-16T12:48:13","date_gmt":"2023-02-16T12:48:13","guid":{"rendered":"https:\/\/www.puntal.com.ar\/duro-domar\/duro-domar-fecha-estreno-y-panel-confirmados-n184852"},"modified":"2023-02-16T12:48:13","modified_gmt":"2023-02-16T12:48:13","slug":"duro-de-domar-con-fecha-de-estreno-y-panel-confirmados","status":"publish","type":"post","link":"https:\/\/latecordoba.com\/index.php\/2023\/02\/16\/duro-de-domar-con-fecha-de-estreno-y-panel-confirmados\/","title":{"rendered":"&#8220;Duro de domar&#8221; con fecha de estreno y panel confirmados"},"content":{"rendered":"\n<div><img decoding=\"async\" src=\"http:\/\/latecordoba.com\/wp-content\/uploads\/2023\/02\/duro-de-domar-con-fecha-de-estreno-y-panel-confirmados.jpg\" class=\"ff-og-image-inserted\"><\/div>\n<div class=\"cuerpo\" data-twitter-link readability=\"36\">\n<p> Entre los rotativos, pueden que aparezcan algunas figuras del mundo del espect\u00e1culo, seg\u00fan revel\u00f3 \u00c1ngel de Brito meses atr\u00e1s. Entre ellos, los convocados fueron Jos\u00e9 Mar\u00eda Muscari, Silvina Escudero y P\u00eda Shaw. <strong>Su vecino de horario ser\u00e1 Gerardo Romano<\/strong>, que desembarcar\u00e1 con un programa en C5N, en el horario de las 23 donde est\u00e1n al aire entre otros, Viviana Canosa y Baby Etchecopar en La Naci\u00f3n+ y A24 respectivamente.<\/p>\n<p><strong>\u201cDuro de domar\u201d hace siete a\u00f1os que no est\u00e1 en la pantalla chica<\/strong>, y en este caso apuesta por la renovaci\u00f3n total. El formato surgi\u00f3 en 2001 bajo el nombre \u201cIndomables\u201d, en Am\u00e9rica TV con Roberto Pettinato como presentador. Por cuestiones legales, cuando en 2005 desembarca en El Trece, le cambian el t\u00edtulo por \u201cDuro de domar\u201d. Esta versi\u00f3n dur\u00f3 hasta 2008. Un a\u00f1o m\u00e1s tarde se le dio el t\u00edtulo de \u201cDuro de almorzar\u201d, conducido por Fabio Alberti.<\/p>\n<p>De 2010 a 2015, \u201cDuro de domar\u201d recuper\u00f3 su nombre, pero se mud\u00f3 a Canal 9. Tambi\u00e9n se modific\u00f3 al conductor, y tom\u00f3 la posta Daniel Tognetti. Hoy, a ocho a\u00f1os de aquella finalizaci\u00f3n, el programa period\u00edstico desembarca en C5N.<\/p>\n<\/div>\n","protected":false},"excerpt":{"rendered":"<p>\nEl ciclo tendr\u00e1 su nueva temporada a partir del 27 de febrero en las noches de\u00a0C5N, desde las 21:30.  <\/p>\n","protected":false},"author":1,"featured_media":1252,"comment_status":"closed","ping_status":"closed","sticky":false,"template":"","format":"standard","meta":[],"categories":[14],"tags":[],"_links":{"self":[{"href":"https:\/\/latecordoba.com\/index.php\/wp-json\/wp\/v2\/posts\/1251"}],"collection":[{"href":"https:\/\/latecordoba.com\/index.php\/wp-json\/wp\/v2\/posts"}],"about":[{"href":"https:\/\/latecordoba.com\/index.php\/wp-json\/wp\/v2\/types\/post"}],"author":[{"embeddable":true,"href":"https:\/\/latecordoba.com\/index.php\/wp-json\/wp\/v2\/users\/1"}],"replies":[{"embeddable":true,"href":"https:\/\/latecordoba.com\/index.php\/wp-json\/wp\/v2\/comments?post=1251"}],"version-history":[{"count":0,"href":"https:\/\/latecordoba.com\/index.php\/wp-json\/wp\/v2\/posts\/1251\/revisions"}],"wp:featuredmedia":[{"embeddable":true,"href":"https:\/\/latecordoba.com\/index.php\/wp-json\/wp\/v2\/media\/1252"}],"wp:attachment":[{"href":"https:\/\/latecordoba.com\/index.php\/wp-json\/wp\/v2\/media?parent=1251"}],"wp:term":[{"taxonomy":"category","embeddable":true,"href":"https:\/\/latecordoba.com\/index.php\/wp-json\/wp\/v2\/categories?post=1251"},{"taxonomy":"post_tag","embeddable":true,"href":"https:\/\/latecordoba.com\/index.php\/wp-json\/wp\/v2\/tags?post=1251"}],"curies":[{"name":"wp","href":"https:\/\/api.w.org\/{rel}","templated":true}]}}