{"id":1246,"date":"2023-02-17T13:44:03","date_gmt":"2023-02-17T13:44:03","guid":{"rendered":"https:\/\/www.puntal.com.ar\/bruce-willis\/bruce-willis-fue-diagnosticado-demencia-frontotemporal-n184945"},"modified":"2023-02-17T13:44:03","modified_gmt":"2023-02-17T13:44:03","slug":"bruce-willis-fue-diagnosticado-con-demencia-frontotemporal","status":"publish","type":"post","link":"https:\/\/latecordoba.com\/index.php\/2023\/02\/17\/bruce-willis-fue-diagnosticado-con-demencia-frontotemporal\/","title":{"rendered":"Bruce Willis fue diagnosticado con demencia frontotemporal"},"content":{"rendered":"\n<div><img decoding=\"async\" src=\"http:\/\/latecordoba.com\/wp-content\/uploads\/2023\/02\/bruce-willis-fue-diagnosticado-con-demencia-frontotemporal.jpg\" class=\"ff-og-image-inserted\"><\/div>\n<div class=\"cuerpo\" data-twitter-link readability=\"30\">\n<p> El diagn\u00f3stico del actor de <strong>&#8220;Duro de Matar&#8221;<\/strong> cambi\u00f3 desde que se conoci\u00f3 la noticia, seg\u00fan su familia. <strong>\u201cDesde que anunciamos el diagn\u00f3stico de afasia en la primavera de 2022, la condici\u00f3n de Bruce ha progresado y ahora tenemos un diagn\u00f3stico m\u00e1s espec\u00edfico: demencia frontotemporal (conocida como FTD)&#8221;<\/strong>, dijo su familia en un comunicado publicado en el sitio web de la <strong>Asociaci\u00f3n para la Degeneraci\u00f3n Frontotemporal.<\/strong><\/p>\n<p>Y agregaron: <strong>&#8220;Desafortunadamente, los desaf\u00edos con la comunicaci\u00f3n son solo un s\u00edntoma de la enfermedad que enfrenta Bruce. Si bien esto es doloroso, es un alivio tener finalmente un diagn\u00f3stico claro&#8221;.<\/strong><\/p>\n<p>Bruce Willis es principalmente conocido en todo el mundo por su papel la franquicia de pel\u00edculas de &#8220;Duro de Matar&#8221;. Su personaje era el principal y trataba sobre un polic\u00eda fuerte que luchaba contra los malos. Las 5 pel\u00edculas se lanzaron desde 1988 y 2013.<\/p>\n<p>Adem\u00e1s, particip\u00f3 de otras producciones como &#8220;<strong>Moonlight<\/strong>&#8220;, la serie de 1980 que lo lanz\u00f3 a la fama, &#8220;<strong>Pulp Fiction<\/strong>&#8221; y &#8220;<strong>Sexto Sentido<\/strong>&#8221; por las cuales fue aclamado y result\u00f3 ganador de un premio <strong>Globo de Oro<\/strong> y dos premios <strong>Emmy<\/strong>.<\/p>\n<\/p><\/div>\n","protected":false},"excerpt":{"rendered":"<p>\nLa familia hab\u00eda anunciado el a\u00f1o pasado que el actor de &#8220;Duro de Matar&#8221; se retirar\u00eda de la actuaci\u00f3n por problemas de salud.  <\/p>\n","protected":false},"author":1,"featured_media":1247,"comment_status":"closed","ping_status":"closed","sticky":false,"template":"","format":"standard","meta":[],"categories":[14],"tags":[],"_links":{"self":[{"href":"https:\/\/latecordoba.com\/index.php\/wp-json\/wp\/v2\/posts\/1246"}],"collection":[{"href":"https:\/\/latecordoba.com\/index.php\/wp-json\/wp\/v2\/posts"}],"about":[{"href":"https:\/\/latecordoba.com\/index.php\/wp-json\/wp\/v2\/types\/post"}],"author":[{"embeddable":true,"href":"https:\/\/latecordoba.com\/index.php\/wp-json\/wp\/v2\/users\/1"}],"replies":[{"embeddable":true,"href":"https:\/\/latecordoba.com\/index.php\/wp-json\/wp\/v2\/comments?post=1246"}],"version-history":[{"count":0,"href":"https:\/\/latecordoba.com\/index.php\/wp-json\/wp\/v2\/posts\/1246\/revisions"}],"wp:featuredmedia":[{"embeddable":true,"href":"https:\/\/latecordoba.com\/index.php\/wp-json\/wp\/v2\/media\/1247"}],"wp:attachment":[{"href":"https:\/\/latecordoba.com\/index.php\/wp-json\/wp\/v2\/media?parent=1246"}],"wp:term":[{"taxonomy":"category","embeddable":true,"href":"https:\/\/latecordoba.com\/index.php\/wp-json\/wp\/v2\/categories?post=1246"},{"taxonomy":"post_tag","embeddable":true,"href":"https:\/\/latecordoba.com\/index.php\/wp-json\/wp\/v2\/tags?post=1246"}],"curies":[{"name":"wp","href":"https:\/\/api.w.org\/{rel}","templated":true}]}}