{"id":1240,"date":"2023-02-18T04:40:31","date_gmt":"2023-02-18T04:40:31","guid":{"rendered":"https:\/\/viapais.com.ar\/tucuman\/fallo-inedito-deberan-resarcir-economicamente-al-estado-por-agredir-a-policias-y-atacar-un-patrullero\/"},"modified":"2023-02-18T04:40:31","modified_gmt":"2023-02-18T04:40:31","slug":"fallo-inedito-deberan-resarcir-economicamente-al-estado-por-agredir-a-policias-y-atacar-un-patrullero","status":"publish","type":"post","link":"https:\/\/latecordoba.com\/index.php\/2023\/02\/18\/fallo-inedito-deberan-resarcir-economicamente-al-estado-por-agredir-a-policias-y-atacar-un-patrullero\/","title":{"rendered":"Fallo in\u00e9dito: deber\u00e1n resarcir econ\u00f3micamente al Estado por agredir a polic\u00edas y atacar un patrullero"},"content":{"rendered":"\n<div><img decoding=\"async\" src=\"http:\/\/latecordoba.com\/wp-content\/uploads\/2023\/02\/fallo-inedito-deberan-resarcir-economicamente-al-estado-por-agredir-a-policias-y-atacar-un-patrullero.jpg\" class=\"ff-og-image-inserted\"><\/div>\n<section readability=\"56\">\n<p>El pasado 9 de febrero por la noche, efectivos de la Divisi\u00f3n Patrulleros del 911 sufrieron una brutal agresi\u00f3n en el barrio Las Piedritas. All\u00ed, la polic\u00eda logr\u00f3 aprehender a 10 personas que participaron del ataque y, entre ellas, al autor del robo de un celular, hecho que hab\u00eda motivado momentos antes el inicio de una persecuci\u00f3n que termin\u00f3 en el ingreso de los uniformados a esta zona del sur de la Capital.<\/p>\n<p>En un juicio abreviado y de com\u00fan acuerdo entre las partes,&nbsp;<b>este viernes se dict\u00f3 la sentencia a nueve de las diez personas involucradas en la causa<\/b>. El primer condenado fue el joven que asalt\u00f3 con un arma de fuego a un camionero en la avenida Circunvalaci\u00f3n, que deber\u00e1 purgar tres a\u00f1os de prisi\u00f3n, una pena que es excarcelable por lo que se mantendr\u00e1 en libertad condicional.<\/p>\n<p>Las otras ocho personas, tres mujeres y cinco varones, enfrentaron el proceso judicial en la segunda causa, la de la agresi\u00f3n a los agentes policiales y el da\u00f1o al patrullero en el que se movilizaban.&nbsp;<b>Tres personas pagar\u00e1n un resarcimiento econ\u00f3mico al Estado de $20.000 cada uno, en tanto que las otras cinco deber\u00e1n depositar cinco cuotas de $2.000 cada uno a modo de reparaci\u00f3n.<\/b>&nbsp;Todo el dinero, seg\u00fan informaron los fiscales del Ministerio P\u00fablico Fiscal (MPF), ser\u00e1&nbsp;<b>destinado al arreglo de los bienes da\u00f1ados, principalmente el patrullero que fue atacado con piedras y ladrillos<\/b>. La sentencia tambi\u00e9n indica que los acusados deber\u00e1n realizar&nbsp;<b>tareas comunitarias en un merendero y en centros de atenci\u00f3n a personas con adicciones<\/b>. Una de las mujeres acusadas no lleg\u00f3 al acuerdo y proseguir\u00e1 con el juicio.<\/p>\n<p>El ministro de Seguridad,&nbsp;<b>Eugenio Ag\u00fcero Gamboa<\/b>, celebr\u00f3 este fallo y declar\u00f3 que \u201ces una sentencia ejemplificadora que marca un antes y un despu\u00e9s\u201d. Adem\u00e1s, explic\u00f3 que&nbsp;<b>\u201cel Ministerio de Seguridad va a seguir buscando defender a la instituci\u00f3n policial y a los bienes del Estado\u201d.<\/b>&nbsp;En cuanto al acuerdo entre los imputados y la Fiscal\u00eda, apunt\u00f3 que \u201clos imputados van a tener esta salida alternativa, que lo permite el C\u00f3digo de Procedimiento\u201d.<\/p>\n<p>Respecto al destino del dinero, confirm\u00f3 que \u201cva a reparar los veh\u00edculos de la Polic\u00eda de Tucum\u00e1n que estas personas han da\u00f1ado cuando han obstruido la labor policial y han agredido al personal\u201d y detall\u00f3 que \u201cestas personas deber\u00e1n depositar en una cuenta del Gobierno de la Provincia y desde ah\u00ed se enviar\u00e1 a la Direcci\u00f3n General de Polic\u00eda para que esa plata arregle los veh\u00edculos\u201d.<\/p>\n<p>Asimismo, destac\u00f3 que \u201ces un trabajo conjunto con el MPF, la fiscal coincidi\u00f3 con esta salida, le agradezco a Susana Cordisco y al juez Alejandro Tomas por esta sentencia\u201d y remarc\u00f3 que \u201c<b>hoy aquellos que han da\u00f1ado los veh\u00edculos van a repararlos como si fueran un particular\u201d.<\/b>&nbsp;Finalmente, recalc\u00f3 que \u201cseguimos acompa\u00f1ando al personal policial en todos los inconvenientes que puedan tener; as\u00ed como cuando cometen errores los sancionamos, hoy los estamos acompa\u00f1ando\u201d.<\/p>\n<\/section>\n<div class=\"noreadme-audima\">\n<h2>Temas Relacionados<\/h2>\n<\/div>\n","protected":false},"excerpt":{"rendered":"<p>El pasado 9 de febrero por la noche, efectivos de la Divisi\u00f3n Patrulleros del 911 sufrieron una brutal agresi\u00f3n en el barrio Las Piedritas. All\u00ed, la polic\u00eda logr\u00f3 aprehender a 10 personas que participaron del ataque y, entre ellas, al autor del robo de un celular, hecho que hab\u00eda motivado momentos antes el inicio de [&hellip;]<\/p>\n","protected":false},"author":1,"featured_media":1241,"comment_status":"closed","ping_status":"closed","sticky":false,"template":"","format":"standard","meta":[],"categories":[15],"tags":[],"_links":{"self":[{"href":"https:\/\/latecordoba.com\/index.php\/wp-json\/wp\/v2\/posts\/1240"}],"collection":[{"href":"https:\/\/latecordoba.com\/index.php\/wp-json\/wp\/v2\/posts"}],"about":[{"href":"https:\/\/latecordoba.com\/index.php\/wp-json\/wp\/v2\/types\/post"}],"author":[{"embeddable":true,"href":"https:\/\/latecordoba.com\/index.php\/wp-json\/wp\/v2\/users\/1"}],"replies":[{"embeddable":true,"href":"https:\/\/latecordoba.com\/index.php\/wp-json\/wp\/v2\/comments?post=1240"}],"version-history":[{"count":0,"href":"https:\/\/latecordoba.com\/index.php\/wp-json\/wp\/v2\/posts\/1240\/revisions"}],"wp:featuredmedia":[{"embeddable":true,"href":"https:\/\/latecordoba.com\/index.php\/wp-json\/wp\/v2\/media\/1241"}],"wp:attachment":[{"href":"https:\/\/latecordoba.com\/index.php\/wp-json\/wp\/v2\/media?parent=1240"}],"wp:term":[{"taxonomy":"category","embeddable":true,"href":"https:\/\/latecordoba.com\/index.php\/wp-json\/wp\/v2\/categories?post=1240"},{"taxonomy":"post_tag","embeddable":true,"href":"https:\/\/latecordoba.com\/index.php\/wp-json\/wp\/v2\/tags?post=1240"}],"curies":[{"name":"wp","href":"https:\/\/api.w.org\/{rel}","templated":true}]}}