{"id":1238,"date":"2023-02-17T13:00:25","date_gmt":"2023-02-17T13:00:25","guid":{"rendered":"https:\/\/www.vitonica.com\/enfermedades\/que-consiste-demencia-frontotemporal-cuales-sintomas-enfermedad-que-sufre-bruce-willis"},"modified":"2023-02-17T13:00:25","modified_gmt":"2023-02-17T13:00:25","slug":"en-que-consiste-la-demencia-frontotemporal-y-cuales-son-los-sintomas-de-la-enfermedad-que-sufre-bruce-willis","status":"publish","type":"post","link":"https:\/\/latecordoba.com\/index.php\/2023\/02\/17\/en-que-consiste-la-demencia-frontotemporal-y-cuales-son-los-sintomas-de-la-enfermedad-que-sufre-bruce-willis\/","title":{"rendered":"En qu\u00e9 consiste la demencia frontotemporal y cu\u00e1les son los s\u00edntomas de la enfermedad que sufre Bruce Willis"},"content":{"rendered":"\n<p>Hace alrededor de un a\u00f1o, <strong>Bruce Willis <\/strong><a href=\"https:\/\/www.espinof.com\/actores-y-actrices\/bruce-willis-se-retira-como-actor-ser-diagnosticado-afasia-su-familia-lanza-comunicado-explicando-situacion-actor\">se retir\u00f3 como actor tras ser diagnosticado con afasia<\/a>, un trastorno del lenguaje que progres\u00f3 hasta que recientemente su familia anunci\u00f3 que sufre <strong>demencia frontotemporal<\/strong>; te contamos en qu\u00e9 consiste esta enfermedad y cu\u00e1les son sus s\u00edntomas.<\/p>\n<p><!-- BREAK 1 --><\/p>\n<h2>Demencia frontotemporal: el trastorno que sufre Bruce Willis<\/h2>\n<p>La <a href=\"https:\/\/www.espinof.com\/n\/bruce-willis-diagnosticado-demencia-su-salud-empeora\">demencia <\/a>frontotemporal <strong>es una enfermedad neurodegenerativa<\/strong> que no tiene cura y que por el contrario avanzaba a paso sostenido, mostrando s\u00edntomas nuevos con el paso del tiempo.<\/p>\n<p><!-- BREAK 2 --> <\/p>\n<div class=\"article-asset article-asset-normal article-asset-center\">\n<div class=\"desvio-container\">\n<div class=\"desvio\">\n<div class=\"desvio-figure js-desvio-figure\"> <a href=\"https:\/\/www.vitonica.com\/wellness\/mejores-habitos-que-puedes-adoptar-hoy-para-cuidar-salud-tu-cerebro\"> <img decoding=\"async\" alt=\"Los mejores h\u00e1bitos que puedes adoptar desde hoy mismo para cuidar la salud de tu cerebro \" src=\"http:\/\/latecordoba.com\/wp-content\/uploads\/2023\/02\/en-que-consiste-la-demencia-frontotemporal-y-cuales-son-los-sintomas-de-la-enfermedad-que-sufre-bruce-willis.webp\" onerror=\"this.src=&quot;https:\/\/i.blogs.es\/f14816\/1366_2000---2022-06-16t010345.466\/375_142.jpeg&quot;\"> <\/a> <\/div>\n<\/p><\/div>\n<\/p><\/div>\n<\/div>\n<p>La enfermedad da\u00f1a los l\u00f3bulos frontales y temporales del <a href=\"https:\/\/www.vitonica.com\/wellness\/mejores-habitos-que-puedes-adoptar-hoy-para-cuidar-salud-tu-cerebro\">cerebro <\/a>que se asocian con <strong>la personalidad, el comportamiento y el lenguaje<\/strong>, afectando por ello estas habilidades.<\/p>\n<p><!-- BREAK 3 --><\/p>\n<p>Es una <strong>enfermedad de dif\u00edcil diagn\u00f3stico<\/strong>, ya que dependiendo de la zona m\u00e1s &nbsp;afectada y de la persona puede confundirse con un<a href=\"https:\/\/magnet.xataka.com\/en-diez-minutos\/como-convertimos-la-tristeza-en-un-trastorno-psiquiatrico-y-por-que-ha-sido-una-pesima-idea\"> trastorno psiqui\u00e1trico<\/a> o incluso con la <a href=\"https:\/\/www.vitonica.com\/prevencion\/enfermedad-alzheimer-podria-detectarse-simple-analisis-sangre-reciente-estudio\">enfermedad de Alzheimer<\/a>.<\/p>\n<p><!-- BREAK 4 --><\/p>\n<p>Entre los s\u00edntomas de la demencia frontotemporal se encuentran un &nbsp;<strong>comportamiento social cada vez m\u00e1s inapropiado,<\/strong> la p\u00e9rdida de <a href=\"https:\/\/www.vitonica.com\/wellness\/mucho-alla-ponerse-lugar-otro-que-empatia-como-podemos-cultivarla\">empat\u00eda <\/a>y &nbsp;de sensibilidad a los sentimientos ajenos, la falta de juicio, la p\u00e9rdida de inhibici\u00f3n, la apat\u00eda que puede confundirse con <a href=\"https:\/\/www.vitonica.com\/enfermedades\/nueve-mitos-escuchados-depresion-desmontados-uno-uno\">depresi\u00f3n<\/a>, el comportamiento compulsivo repetitivo y una disminuci\u00f3n de la higiene personal incluyen alteraciones del comportamiento y la personalidad.<\/p>\n<p><!-- BREAK 5 --> <\/p>\n<p>Sin embargo, este trastorno incluye como s\u00edntoma <a href=\"https:\/\/www.vitonica.com\/enfermedades\/que-que-aparece-afasia-trastorno-lenguaje-que-bruce-willis-se-retira-actuacion\">afasia, <\/a>es decir <strong>problemas del habla y del lenguaje<\/strong>, debido a da\u00f1os en el cerebro que ocasionan la p\u00e9rdida de habilidades como la expresi\u00f3n, la comprensi\u00f3n &nbsp;la lectura y la escritura.<\/p>\n<p><!-- BREAK 6 --><\/p>\n<p>Todos los s\u00edntomas que sufre <a href=\"https:\/\/www.espinof.com\/listas\/mejores-peliculas-bruce-willis\">Bruce Willis <\/a>apuntan a que <strong>el actor sufre un &nbsp;subtipo de demencia frontotemporal<\/strong> que provoca una especial p\u00e9rdida del habla, es decir una afasia progresiva que fue el primer diagn\u00f3stico que le dieron al actor estadounidense.<\/p>\n<p><!-- BREAK 7 --><\/p>\n<p>Lamentablemente, la enfermedad puede controlarse pero no curarse y Bruce Willis est\u00e1 sufriendo los efectos de la <strong>demencia frontotemporal<\/strong> en su cuerpo.<\/p>\n<p><!-- BREAK 8 --><\/p>\n<p>En Vit\u00f3nica | <a href=\"https:\/\/www.vitonica.com\/enfermedades\/que-que-aparece-afasia-trastorno-lenguaje-que-bruce-willis-se-retira-actuacion\">Qu\u00e9 es y por qu\u00e9 aparece la afasia, el trastorno del lenguaje por el que Bruce Willis se retira de la actuaci\u00f3n<\/a><\/p>\n<p><!-- BREAK 9 --><\/p>\n<p>Imagen | <a href=\"http:\/\/images.gtresnews.com\/en\">Gtres<\/a><\/p>\n","protected":false},"excerpt":{"rendered":"\n<p> <img decoding=\"async\" src=\"http:\/\/latecordoba.com\/wp-content\/uploads\/2023\/02\/en-que-consiste-la-demencia-frontotemporal-y-cuales-son-los-sintomas-de-la-enfermedad-que-sufre-bruce-willis.jpg\" alt=\"En qu\u00e9 consiste la demencia frontotemporal y cu\u00e1les son los s\u00edntomas de la enfermedad que sufre Bruce Willis \"> <\/p>\n<p>Hace alrededor de un a\u00f1o, <strong>Bruce Willis <\/strong><a href=\"https:\/\/www.espinof.com\/actores-y-actrices\/bruce-willis-se-retira-como-actor-ser-diagnosticado-afasia-su-familia-lanza-comunicado-explicando-situacion-actor\">se retir\u00f3 como actor tras ser diagnosticado con afasia<\/a>, un trastorno del lenguaje que progres\u00f3 hasta que recientemente su familia anunci\u00f3 que sufre <strong>demencia frontotemporal<\/strong>; te contamos en qu\u00e9 consiste esta enfermedad y cu\u00e1les son sus s\u00edntomas.<\/p>\n<p><!-- BREAK 1 --><\/p>\n<h2>Demencia frontotemporal: el trastorno que sufre Bruce Willis<\/h2>\n<p>La <a href=\"https:\/\/www.espinof.com\/n\/bruce-willis-diagnosticado-demencia-su-salud-empeora\">demencia <\/a>frontotemporal <strong>es una enfermedad neurodegenerativa<\/strong> que no tiene cura y que por el contrario avanzaba a paso sostenido, mostrando s\u00edntomas nuevos con el paso del tiempo.<\/p>\n<p><!-- BREAK 2 --><\/p>\n<div class=\"article-asset article-asset-normal article-asset-center\">\n<div class=\"desvio-container\">\n<div class=\"desvio\">\n<div class=\"desvio-figure js-desvio-figure\"> <a href=\"https:\/\/www.vitonica.com\/wellness\/mejores-habitos-que-puedes-adoptar-hoy-para-cuidar-salud-tu-cerebro\" > <img decoding=\"async\" alt=\"Los&#x20;mejores&#x20;h&#x00E1;bitos&#x20;que&#x20;puedes&#x20;adoptar&#x20;desde&#x20;hoy&#x20;mismo&#x20;para&#x20;cuidar&#x20;la&#x20;salud&#x20;de&#x20;tu&#x20;cerebro&#x20;\" src=\"http:\/\/latecordoba.com\/wp-content\/uploads\/2023\/02\/en-que-consiste-la-demencia-frontotemporal-y-cuales-son-los-sintomas-de-la-enfermedad-que-sufre-bruce-willis.webp\" onerror='this.src=\"https:\/\/i.blogs.es\/f14816\/1366_2000---2022-06-16t010345.466\/375_142.jpeg\"'> <\/a> <\/div>\n<div class=\"desvio-summary\">\n<div class=\"desvio-taxonomy js-desvio-taxonomy\"> <a href=\"https:\/\/www.vitonica.com\/wellness\/mejores-habitos-que-puedes-adoptar-hoy-para-cuidar-salud-tu-cerebro\" class=\"desvio-taxonomy-anchor\">En Vit\u00f3nica<\/a> <\/div>\n<p> <a href=\"https:\/\/www.vitonica.com\/wellness\/mejores-habitos-que-puedes-adoptar-hoy-para-cuidar-salud-tu-cerebro\" class=\"desvio-title js-desvio-title\">Los mejores h\u00e1bitos que puedes adoptar desde hoy mismo para cuidar la salud de tu cerebro <\/a> <\/div>\n<\/p><\/div>\n<\/p><\/div>\n<\/div>\n<p>La enfermedad da\u00f1a los l\u00f3bulos frontales y temporales del <a href=\"https:\/\/www.vitonica.com\/wellness\/mejores-habitos-que-puedes-adoptar-hoy-para-cuidar-salud-tu-cerebro\">cerebro <\/a>que se asocian con <strong>la personalidad, el comportamiento y el lenguaje<\/strong>, afectando por ello estas habilidades.<\/p>\n<p><!-- BREAK 3 --><\/p>\n<p>Es una <strong>enfermedad de dif\u00edcil diagn\u00f3stico<\/strong>, ya que dependiendo de la zona m\u00e1s &nbsp;afectada y de la persona puede confundirse con un<a href=\"https:\/\/magnet.xataka.com\/en-diez-minutos\/como-convertimos-la-tristeza-en-un-trastorno-psiquiatrico-y-por-que-ha-sido-una-pesima-idea\"> trastorno psiqui\u00e1trico<\/a> o incluso con la <a href=\"https:\/\/www.vitonica.com\/prevencion\/enfermedad-alzheimer-podria-detectarse-simple-analisis-sangre-reciente-estudio\">enfermedad de Alzheimer<\/a>.<\/p>\n<p><!-- BREAK 4 --><\/p>\n<p>Entre los s\u00edntomas de la demencia frontotemporal se encuentran un &nbsp;<strong>comportamiento social cada vez m\u00e1s inapropiado,<\/strong> la p\u00e9rdida de <a href=\"https:\/\/www.vitonica.com\/wellness\/mucho-alla-ponerse-lugar-otro-que-empatia-como-podemos-cultivarla\">empat\u00eda <\/a>y &nbsp;de sensibilidad a los sentimientos ajenos, la falta de juicio, la p\u00e9rdida de inhibici\u00f3n, la apat\u00eda que puede confundirse con <a href=\"https:\/\/www.vitonica.com\/enfermedades\/nueve-mitos-escuchados-depresion-desmontados-uno-uno\">depresi\u00f3n<\/a>, el comportamiento compulsivo repetitivo y una disminuci\u00f3n de la higiene personal incluyen alteraciones del comportamiento y la personalidad.<\/p>\n<p><!-- BREAK 5 --><\/p>\n<div class=\"instagram-media-container\"> <iframe loading=\"lazy\" width=\"320\" height=\"320\" frameBorder=\"0\" src=\"https:\/\/www.instagram.com\/p\/Cou_gFCPvjB\/embed\" frameborder=\"0\"><\/iframe>\n<\/div>\n<p><script> window._JS_MODULES = window._JS_MODULES || {}; _JS_MODULES.instagram = true;\n<\/script><\/p>\n<p>Sin embargo, este trastorno incluye como s\u00edntoma <a href=\"https:\/\/www.vitonica.com\/enfermedades\/que-que-aparece-afasia-trastorno-lenguaje-que-bruce-willis-se-retira-actuacion\">afasia, <\/a>es decir <strong>problemas del habla y del lenguaje<\/strong>, debido a da\u00f1os en el cerebro que ocasionan la p\u00e9rdida de habilidades como la expresi\u00f3n, la comprensi\u00f3n &nbsp;la lectura y la escritura.<\/p>\n<p><!-- BREAK 6 --><\/p>\n<p>Todos los s\u00edntomas que sufre <a href=\"https:\/\/www.espinof.com\/listas\/mejores-peliculas-bruce-willis\">Bruce Willis <\/a>apuntan a que <strong>el actor sufre un &nbsp;subtipo de demencia frontotemporal<\/strong> que provoca una especial p\u00e9rdida del habla, es decir una afasia progresiva que fue el primer diagn\u00f3stico que le dieron al actor estadounidense.<\/p>\n<p><!-- BREAK 7 --><\/p>\n<p>Lamentablemente, la enfermedad puede controlarse pero no curarse y Bruce Willis est\u00e1 sufriendo los efectos de la <strong>demencia frontotemporal<\/strong> en su cuerpo.<\/p>\n<p><!-- BREAK 8 --><\/p>\n<p>En Vit\u00f3nica | <a href=\"https:\/\/www.vitonica.com\/enfermedades\/que-que-aparece-afasia-trastorno-lenguaje-que-bruce-willis-se-retira-actuacion\">Qu\u00e9 es y por qu\u00e9 aparece la afasia, el trastorno del lenguaje por el que Bruce Willis se retira de la actuaci\u00f3n<\/a><\/p>\n<p><!-- BREAK 9 --><\/p>\n<p>Imagen | <a href=\"http:\/\/images.gtresnews.com\/en\">Gtres<\/a><\/p>\n<p><script> (function() { window._JS_MODULES = window._JS_MODULES || {}; var headElement = document.getElementsByTagName('head')[0]; if (_JS_MODULES.instagram) { var instagramScript = document.createElement('script'); instagramScript.src = 'https:\/\/platform.instagram.com\/en_US\/embeds.js'; instagramScript.async = true; instagramScript.defer = true; headElement.appendChild(instagramScript); } })();\n<\/script> <\/p>\n<p> &#8211; <br \/> La noticia <a href=\"https:\/\/www.vitonica.com\/enfermedades\/que-consiste-demencia-frontotemporal-cuales-sintomas-enfermedad-que-sufre-bruce-willis?utm_source=feedburner&#038;utm_medium=feed&#038;utm_campaign=17_Feb_2023\"> <em> En qu\u00e9 consiste la demencia frontotemporal y cu\u00e1les son los s\u00edntomas de la enfermedad que sufre Bruce Willis <\/em> <\/a> fue publicada originalmente en <a href=\"https:\/\/www.vitonica.com?utm_source=feedburner&#038;utm_medium=feed&#038;utm_campaign=17_Feb_2023\"> <strong> Vit\u00f3nica <\/strong> <\/a> por <a href=\"https:\/\/www.vitonica.com\/autor\/gabriela-gottau?utm_source=feedburner&#038;utm_medium=feed&#038;utm_campaign=17_Feb_2023\"> Gabriela Gottau <\/a> . <\/p>\n","protected":false},"author":1,"featured_media":1239,"comment_status":"closed","ping_status":"closed","sticky":false,"template":"","format":"standard","meta":[],"categories":[16],"tags":[],"_links":{"self":[{"href":"https:\/\/latecordoba.com\/index.php\/wp-json\/wp\/v2\/posts\/1238"}],"collection":[{"href":"https:\/\/latecordoba.com\/index.php\/wp-json\/wp\/v2\/posts"}],"about":[{"href":"https:\/\/latecordoba.com\/index.php\/wp-json\/wp\/v2\/types\/post"}],"author":[{"embeddable":true,"href":"https:\/\/latecordoba.com\/index.php\/wp-json\/wp\/v2\/users\/1"}],"replies":[{"embeddable":true,"href":"https:\/\/latecordoba.com\/index.php\/wp-json\/wp\/v2\/comments?post=1238"}],"version-history":[{"count":0,"href":"https:\/\/latecordoba.com\/index.php\/wp-json\/wp\/v2\/posts\/1238\/revisions"}],"wp:featuredmedia":[{"embeddable":true,"href":"https:\/\/latecordoba.com\/index.php\/wp-json\/wp\/v2\/media\/1239"}],"wp:attachment":[{"href":"https:\/\/latecordoba.com\/index.php\/wp-json\/wp\/v2\/media?parent=1238"}],"wp:term":[{"taxonomy":"category","embeddable":true,"href":"https:\/\/latecordoba.com\/index.php\/wp-json\/wp\/v2\/categories?post=1238"},{"taxonomy":"post_tag","embeddable":true,"href":"https:\/\/latecordoba.com\/index.php\/wp-json\/wp\/v2\/tags?post=1238"}],"curies":[{"name":"wp","href":"https:\/\/api.w.org\/{rel}","templated":true}]}}