{"id":1234,"date":"2023-02-16T20:43:03","date_gmt":"2023-02-16T20:43:03","guid":{"rendered":"https:\/\/www.eldiariodeturismo.com.ar\/?p=225654"},"modified":"2023-02-16T20:43:03","modified_gmt":"2023-02-16T20:43:03","slug":"fin-de-semana-largo-la-ciudad-de-buenos-aires-espera-mas-de-94-mil-turistas","status":"publish","type":"post","link":"https:\/\/latecordoba.com\/index.php\/2023\/02\/16\/fin-de-semana-largo-la-ciudad-de-buenos-aires-espera-mas-de-94-mil-turistas\/","title":{"rendered":"Fin de semana largo: la ciudad de Buenos Aires espera m\u00e1s de 94 mil turistas"},"content":{"rendered":"<br \/>\n<h5 dir=\"ltr\"><strong><span>Con una ocupaci\u00f3n hotelera promedio del 70%, la Ciudad se prepara para el primer fin de semana largo del a\u00f1o. Se espera un gasto total promedio de casi 5 mil millones de pesos.<\/span><\/strong><\/h5>\n<div>\n<p dir=\"ltr\">Luego de un 2022 por encima de las expectativas a nivel tur\u00edstico,&nbsp;la ciudad de Buenos Aires se prepara para recibir a m\u00e1s de 94 mil turistas nacionales e internacionales&nbsp;durante este fin de semana largo. Seg\u00fan estimaciones del Observatorio de Turismo del Entur, se espera que el&nbsp;gasto supere los $4.985 millones&nbsp;y una&nbsp;ocupaci\u00f3n hotelera promedio del 70%.<\/p>\n<p dir=\"ltr\">El Carnaval porte\u00f1o vuelve a las calles con 34 corsos y m\u00e1s de 100 agrupaciones murgueras. Es un evento que lleva la identidad de los barrios como bandera. Tanto en los hist\u00f3ricos desfiles de febrero como en diversas actividades a lo largo de todo el a\u00f1o, convoca al encuentro para celebrar una de las tradiciones culturales rioplatenses m\u00e1s importantes al son del redoblante murguero.<\/p>\n<p dir=\"ltr\">\u201cDurante el 2022 recibimos m\u00e1s de 6 millones y medio de turistas, superando nuestras expectativas iniciales tanto para el turismo nacional como el internacional. Luego del \u00e9xito que represent\u00f3 esto, estamos muy emocionados de que la Ciudad vuelva a ser el destino preferido por miles de turistas para descansar y divertirse durante el primer fin de semana largo del a\u00f1o. La oferta tur\u00edstica de Buenos Aires siempre se renueva y se ajusta a las preferencias de cada visitante\u201d, destac\u00f3\u200b Lucas Delfino, presidente del Ente de Turismo porte\u00f1o.<\/p>\n<p dir=\"ltr\">Adem\u00e1s, las propuestas incluyen los diferentes polos gastron\u00f3micos como el&nbsp;Patio de Los Lecheros, que ofrece un sinf\u00edn de propuestas como cafeter\u00eda de especialidad, viner\u00eda, cocteler\u00eda cl\u00e1sica y de autor y diferentes actividades para disfrutar durante el d\u00eda y la noche. El mismo abre sus puertas de lunes a domingo, sobre Av. Tte. Gral. Donato \u00c1lvarez 175, y permite consumo en el lugar,&nbsp;take away&nbsp;o&nbsp;delivery.<\/p>\n<p><img decoding=\"async\" loading=\"lazy\" class=\"aligncenter wp-image-225657 size-full\" src=\"http:\/\/latecordoba.com\/wp-content\/uploads\/2023\/02\/fin-de-semana-largo-la-ciudad-de-buenos-aires-espera-mas-de-94-mil-turistas.jpg\" alt width=\"500\" height=\"333\" srcset=\"http:\/\/latecordoba.com\/wp-content\/uploads\/2023\/02\/fin-de-semana-largo-la-ciudad-de-buenos-aires-espera-mas-de-94-mil-turistas.jpg 500w, https:\/\/www.eldiariodeturismo.com.ar\/wp-content\/uploads\/2023\/02\/Patio-de-los-Lecheros-2021-1-300x200.jpg 300w\" sizes=\"(max-width: 500px) 100vw, 500px\"><\/p>\n<p dir=\"ltr\">Asimismo,&nbsp; el&nbsp;Smart Plaza Patio Parque Patricios&nbsp;ofrece la primera primera plaza de comidas tecnol\u00f3gica de Latinoam\u00e9rica. Tiene seis puestos gastron\u00f3micos al aire libre donde se pueden encontrar comidas r\u00e1pidas, al natural, pescader\u00eda, pasteler\u00eda, cafeter\u00eda y cervecer\u00eda. Los diferentes men\u00fas pueden verse y pedirse desde la aplicaci\u00f3n Smart Plaza para evitar largas filas, pagar de forma electr\u00f3nica y poder ubicarse en una de las 50 mesas con bancos de madera a disposici\u00f3n. Se puede ir de lunes a domingo y se ubica en Pepir\u00ed 185, esquina Uspallata.<\/p>\n<p dir=\"ltr\">Otros mercados gastron\u00f3micos que se pueden visitar durante el fin de semana son el Patio de Costanera Norte, de jueves a domingo, en av. Costanera Rafael Obligado 7010, el Patio Rodrigo Bueno, de viernes a domingo, en av. Espa\u00f1a 2230, el Mercado de Belgrano, de lunes a s\u00e1bado, en av. Juramento 2527, el Mercado de San Nicol\u00e1s, de lunes a s\u00e1bado, en av. C\u00f3rdoba 1750, y el Mercado Bonpland, los martes, mi\u00e9rcoles, viernes y s\u00e1bado, en Av. Bonpland 1660, entre otros.<\/p>\n<p dir=\"ltr\">A su vez,&nbsp;BA Playa&nbsp;es una propuesta ideal para que personas mayores, j\u00f3venes, chicas y chicos de todas las edades puedan disfrutar de la playa sin salir del entorno urbano. Habr\u00e1 dos sedes, una al norte: Parque de los Ni\u00f1os (Av. Gral. Paz y Av. Cantilo), y otra al sur, que en esta edici\u00f3n se desarrollar\u00e1 en el Parque de la Ciudad (Acceso vehicular: Av. Francisco Fern\u00e1ndez de la Cruz 4000 \/ Acceso peatonal: 23 de junio 4300). Se podr\u00e1 asistir de martes a domingo, de 10 a 20 h, hasta el 26 de febrero.<\/p>\n<p><b><img decoding=\"async\" loading=\"lazy\" class=\"aligncenter wp-image-217662 size-full\" src=\"http:\/\/latecordoba.com\/wp-content\/uploads\/2023\/02\/fin-de-semana-largo-la-ciudad-de-buenos-aires-espera-mas-de-94-mil-turistas-1.jpg\" alt width=\"500\" height=\"281\" srcset=\"http:\/\/latecordoba.com\/wp-content\/uploads\/2023\/02\/fin-de-semana-largo-la-ciudad-de-buenos-aires-espera-mas-de-94-mil-turistas-2.jpg 500w, https:\/\/www.eldiariodeturismo.com.ar\/wp-content\/uploads\/2022\/08\/PUENTE-DE-LA-MUJER-16-9-300x169.jpg 300w\" sizes=\"(max-width: 500px) 100vw, 500px\"><\/b><\/p>\n<p dir=\"ltr\">Otras opciones para el fin de semana refieren a importantes eventos tales como la exposici\u00f3n de Vida y Obra de Frida Kahlo, el show de Fuerza Bruta, y actividades privadas como la Chorifest, una alternativa que incluir\u00e1 30 puestos y food trucks con una gran variedad de choripanes para los amantes de la parrilla, que se desarrollar\u00e1 en el Hip\u00f3dromo de Palermo, Av. Del Libertador y Dorrego.<\/p>\n<p dir=\"ltr\">Para conocer m\u00e1s actividades se puede consultar la web&nbsp;<strong><a href=\"https:\/\/turismo.buenosaires.gob.ar\/es\" target=\"_blank\" rel=\"noopener\" data-saferedirecturl=\"https:\/\/www.google.com\/url?q=https:\/\/turismo.buenosaires.gob.ar\/es&amp;source=gmail&amp;ust=1676658644776000&amp;usg=AOvVaw2RN7GuSqYApUGDNvhwboAp\">https:\/\/turismo.buenosaires.<wbr>gob.ar\/es<\/a><\/strong>&nbsp;que cuenta con circuitos al aire libre y propuestas p\u00fablicas y privadas en \u201cVistas, paseos y experiencias\u201d.<\/p>\n<\/div>\n<p dir=\"ltr\">.<\/p>\n<p dir=\"ltr\">FUENTE: ENTE DE TURISMO DE LA CIUDAD DE BUENOS AIRES<\/p>\n","protected":false},"excerpt":{"rendered":"<p> Con una ocupaci\u00f3n hotelera promedio del 70%, la Ciudad se prepara para el primer fin de semana largo del a\u00f1o.  <\/p>\n","protected":false},"author":1,"featured_media":1235,"comment_status":"open","ping_status":"closed","sticky":false,"template":"","format":"standard","meta":[],"categories":[19],"tags":[],"_links":{"self":[{"href":"https:\/\/latecordoba.com\/index.php\/wp-json\/wp\/v2\/posts\/1234"}],"collection":[{"href":"https:\/\/latecordoba.com\/index.php\/wp-json\/wp\/v2\/posts"}],"about":[{"href":"https:\/\/latecordoba.com\/index.php\/wp-json\/wp\/v2\/types\/post"}],"author":[{"embeddable":true,"href":"https:\/\/latecordoba.com\/index.php\/wp-json\/wp\/v2\/users\/1"}],"replies":[{"embeddable":true,"href":"https:\/\/latecordoba.com\/index.php\/wp-json\/wp\/v2\/comments?post=1234"}],"version-history":[{"count":0,"href":"https:\/\/latecordoba.com\/index.php\/wp-json\/wp\/v2\/posts\/1234\/revisions"}],"wp:featuredmedia":[{"embeddable":true,"href":"https:\/\/latecordoba.com\/index.php\/wp-json\/wp\/v2\/media\/1235"}],"wp:attachment":[{"href":"https:\/\/latecordoba.com\/index.php\/wp-json\/wp\/v2\/media?parent=1234"}],"wp:term":[{"taxonomy":"category","embeddable":true,"href":"https:\/\/latecordoba.com\/index.php\/wp-json\/wp\/v2\/categories?post=1234"},{"taxonomy":"post_tag","embeddable":true,"href":"https:\/\/latecordoba.com\/index.php\/wp-json\/wp\/v2\/tags?post=1234"}],"curies":[{"name":"wp","href":"https:\/\/api.w.org\/{rel}","templated":true}]}}