{"id":1230,"date":"2023-02-17T11:51:19","date_gmt":"2023-02-17T11:51:19","guid":{"rendered":"https:\/\/www.diariocronica.com.ar\/noticias\/2023\/02\/17\/77477-turismo-nacionalrenzo-blotta-clasifica-en-el-cabalen"},"modified":"2023-02-17T11:51:19","modified_gmt":"2023-02-17T11:51:19","slug":"turismo-nacional-renzo-blotta-clasifica-en-el-cabalen","status":"publish","type":"post","link":"https:\/\/latecordoba.com\/index.php\/2023\/02\/17\/turismo-nacional-renzo-blotta-clasifica-en-el-cabalen\/","title":{"rendered":"Turismo Nacional:\u00a0Renzo Blotta clasifica en el Cabal\u00e9n"},"content":{"rendered":"\n<div class=\"media_block\"><a href=\"http:\/\/latecordoba.com\/wp-content\/uploads\/2023\/02\/turismo-nacional-renzo-blotta-clasifica-en-el-cabalen.jpg\"><img decoding=\"async\" src=\"http:\/\/latecordoba.com\/wp-content\/uploads\/2023\/02\/turismo-nacional-renzo-blotta-clasifica-en-el-cabalen.jpg\" class=\"media_thumbnail\"><\/a><\/div>\n<div><img decoding=\"async\" src=\"http:\/\/latecordoba.com\/wp-content\/uploads\/2023\/02\/turismo-nacional-renzo-blotta-clasifica-en-el-cabalen-1.jpg\" class=\"ff-og-image-inserted\"><\/div>\n<p>C\u00f3rdoba recibe la primera carrera del a\u00f1o del Turismo Nacional, en un gran cronograma de actividades correspondiente al inicio del Campeonato Argentino 2023 a disputarse este fin de semana en el Aut\u00f3dromo Oscar Cabal\u00e9n (Alta Gracia, C\u00f3rdoba). Hoy, el comodorense Renzo Blotta estar\u00e1 clasificando en la Clase 2, integrando el Tito Bessone Toyota Racing.<\/p>\n<p>Ayer comenzaron a llegar los pilotos en su totalidad, dando lugar a las acreditaciones, entre los que se encuentra <span><strong><a href=\"https:\/\/www.youtube.com\/watch?v=2HkFN-sGAbg&amp;ab_channel=DiarioCronica\" target=\"_blank\" rel=\"noopener noreferrer\">el comodorense Renzo Blotta<\/a><\/strong><\/span>, quien con un Toyota Etios buscar\u00e1 ser protagonista en el arranque de la Clase 2.<\/p>\n<p>La Asociaci\u00f3n Pilotos Autom\u00f3viles Turismo (APAT), confirma su Cronograma de Actividades del Campeonato Argentino 2023 R\u00edo Uruguay Seguros de Turismo Nacional a disputarse este fin de semana en el Aut\u00f3dromo Oscar Cabal\u00e9n (Alta Gracia, C\u00f3rdoba), un circuito que tiene 4045 metros de extensi\u00f3n.<\/p>\n<p>Luego de dos jornadas, el Turismo Nacional cerr\u00f3 su etapa de pruebas privadas en el Aut\u00f3dromo Oscar Cabal\u00e9n (Alta Gracia, C\u00f3rdoba), donde ma\u00f1ana comenzar\u00e1 el Campeonato Argentino 2023 R\u00edo Uruguay Seguros con la disputa de la primera fecha cuando la Clase 2 realice dos entrenamientos y una tanda clasificatoria desde las 11:00 horas.<\/p>\n<p>Un total de 82 autos realizaron pruebas al menos en una de las dos jornadas, donde se han confirmado la totalidad de las novedades surgidas en el receso de competencias. En Clase 2, los pilotos Aaron Fern\u00e1ndez, Ramiro Cano, Figgo Bessone, Cristian Vaira, Jonas Maurelli, Santino Balerini, Bautista Damiani, Joaqu\u00edn Ricciotti, Mariano Sala, Diego Casais y Santiago Robledo completaron su primera experiencia oficial sobre un auto de Turismo Nacional, y en la misma ocasi\u00f3n los pilotos Marco Veronesi, Juan Mart\u00edn Eluchans y Mateo N\u00fa\u00f1ez estrenaron los primeros Toyota Yaris construidos bajo reglamento t\u00e9cnico de Clase 2, donde tambi\u00e9n los pilotos Juli\u00e1n Lepphaille y Thomas Pozner colocaron en pista por primera vez sendos Peugeot 208.<\/p>\n<p>Por su parte, en la Clase 3 concret\u00f3 su debut el santafesino Miguel Ciaurro sobre el Ford Focus que utiliz\u00f3 Lucas Tedeschi en la pasada temporada, mientras que el piloto nativo de Las Rosas (Santa Fe), utilizar\u00e1 un Ford Focus de reciente construcci\u00f3n a cargo del equipo Edicar Racing, cuyo titular es Carlos Piaggentini. Facundo Bustos tambi\u00e9n regresar\u00e1 a la Clase 3 este fin de semana, aunque sobre el Toyota Corolla que le adquiri\u00f3 a Mauricio Lambiris, estrenando el misionero atenci\u00f3n en pista a cargo del equipo ZP Sport. Tambi\u00e9n regresar\u00e1 a la divisional el uruguayo Mauricio Geymonat, a los mandos de un Toyota Corolla del equipo Tito Bessone Toyota Racing.<\/p>\n<p>En la Clase 2, Nicol\u00e1s Posco cronometr\u00f3 1m42s3\/10 y, al igual que su compa\u00f1ero de equipo Alejandro Torrisi, dominaron la jornada de hoy en el escenario cordob\u00e9s. Juan Ignacio Canela se ubic\u00f3 a dos d\u00e9cimas al igual que Mat\u00edas Signorelli, ahora a bordo de un Toyota Etios, mientras que Thiago Mart\u00ednez fue quinto en los cron\u00f3metros no oficiales, a tres d\u00e9cimas de su compa\u00f1ero de equipo.<\/p>\n<p>Por su parte, Andr\u00e9s Jakos domin\u00f3 la tanda de Clase 3 marcando 1m39s2\/10, superando por dos d\u00e9cimas a Jos\u00e9 Manuel Urcera, integrante del equipo Saturni Racing desde esta temporada. Detr\u00e1s se ubicaron los hermanos Manuel y Santiago Mallo, a cuatro d\u00e9cimas del piloto integrante del equipo Coiro Dole Racing, mientras que Leonel Pernia fue quinto, a poco m\u00e1s de medio segundo, estrenando un Ford Focus recientemente construido por Mauro Garc\u00eda.<\/p>\n<h4>Mir\u00e1 la entrevista&nbsp;con Cr\u00f3nica realizada&nbsp;el lunes 13<\/h4>\n<p><iframe loading=\"lazy\" src=\"\/\/www.youtube.com\/embed\/2HkFN-sGAbg\" width=\"450\" height=\"252\" allowfullscreen=\"allowfullscreen\">[embedded content]<\/iframe><\/p>\n","protected":false},"excerpt":{"rendered":"\n<div class=\"media_block\"><a href=\"http:\/\/latecordoba.com\/wp-content\/uploads\/2023\/02\/turismo-nacional-renzo-blotta-clasifica-en-el-cabalen.jpg\"><img decoding=\"async\" src=\"http:\/\/latecordoba.com\/wp-content\/uploads\/2023\/02\/turismo-nacional-renzo-blotta-clasifica-en-el-cabalen.jpg\" class=\"media_thumbnail\"><\/a><\/div>\n<p> Turismo Nacional:\u00a0Renzo Blotta clasifica en el Cabal\u00e9n  <\/p>\n","protected":false},"author":1,"featured_media":1231,"comment_status":"closed","ping_status":"closed","sticky":false,"template":"","format":"standard","meta":[],"categories":[17],"tags":[],"_links":{"self":[{"href":"https:\/\/latecordoba.com\/index.php\/wp-json\/wp\/v2\/posts\/1230"}],"collection":[{"href":"https:\/\/latecordoba.com\/index.php\/wp-json\/wp\/v2\/posts"}],"about":[{"href":"https:\/\/latecordoba.com\/index.php\/wp-json\/wp\/v2\/types\/post"}],"author":[{"embeddable":true,"href":"https:\/\/latecordoba.com\/index.php\/wp-json\/wp\/v2\/users\/1"}],"replies":[{"embeddable":true,"href":"https:\/\/latecordoba.com\/index.php\/wp-json\/wp\/v2\/comments?post=1230"}],"version-history":[{"count":0,"href":"https:\/\/latecordoba.com\/index.php\/wp-json\/wp\/v2\/posts\/1230\/revisions"}],"wp:featuredmedia":[{"embeddable":true,"href":"https:\/\/latecordoba.com\/index.php\/wp-json\/wp\/v2\/media\/1231"}],"wp:attachment":[{"href":"https:\/\/latecordoba.com\/index.php\/wp-json\/wp\/v2\/media?parent=1230"}],"wp:term":[{"taxonomy":"category","embeddable":true,"href":"https:\/\/latecordoba.com\/index.php\/wp-json\/wp\/v2\/categories?post=1230"},{"taxonomy":"post_tag","embeddable":true,"href":"https:\/\/latecordoba.com\/index.php\/wp-json\/wp\/v2\/tags?post=1230"}],"curies":[{"name":"wp","href":"https:\/\/api.w.org\/{rel}","templated":true}]}}