{"id":1226,"date":"2023-02-17T18:15:00","date_gmt":"2023-02-17T18:15:00","guid":{"rendered":"https:\/\/viapais.com.ar\/carlos-paz\/comienza-la-cuenta-regresiva-para-el-cosquin-rock-todo-lo-que-hay-que-saber-para-disfrutar-del-festival\/"},"modified":"2023-02-17T18:15:00","modified_gmt":"2023-02-17T18:15:00","slug":"comienza-la-cuenta-regresiva-para-el-cosquin-rock-todo-lo-que-hay-que-saber-para-disfrutar-del-festival","status":"publish","type":"post","link":"https:\/\/latecordoba.com\/index.php\/2023\/02\/17\/comienza-la-cuenta-regresiva-para-el-cosquin-rock-todo-lo-que-hay-que-saber-para-disfrutar-del-festival\/","title":{"rendered":"Comienza la cuenta regresiva para el Cosqu\u00edn Rock: todo lo que hay que saber para disfrutar del festival"},"content":{"rendered":"\n<p>El <a href=\"https:\/\/viapais.com.ar\/carlos-paz\/cosquin-rock-una-panzada-de-musica-y-experiencias-a-la-carta-en-el-valle-de-punilla\/\" target=\"_blank\" rel=\"noopener\"><b>Cosqu\u00edn Rock 2023<\/b><\/a> tendr\u00e1 lugar desde ma\u00f1ana en <b>Santa Mar\u00eda de Punilla<\/b> y por primera vez en su historia <a href=\"https:\/\/viapais.com.ar\/carlos-paz\/cosquin-rock-agoto-sus-entradas-por-primera-vez-en-su-historia\/\" target=\"_blank\" rel=\"noopener\"><i><b>agot\u00f3 localidades<\/b><\/i>. <\/a>A esta novedad se suma <i><b>una grilla \u201cdemoledora\u201d<\/b><\/i>,<i><b> con presencias internacionales y artistas para todos los gustos<\/b><\/i>, por lo que sum\u00f3 un nuevo escenario.<\/p>\n<p>Teniendo en cuenta la cantidad de gente que circular\u00e1 en el predio,<i><b> desde la organizaci\u00f3n brindaron una serie de recomendaciones generales,<\/b><\/i> para no perder tiempo, estar c\u00f3modos y seguros, y aprovechar al m\u00e1ximo todas las ofertas culturales que se presentan.<\/p>\n<p>En esta nota, <i><b>todo lo que ten\u00e9s que saber para disfrutar este mega evento.<\/b><\/i><\/p>\n<figure><picture><img alt=\"El Camino del Cuadrado propone atravesar el cord\u00f3n de las Sierras Chicas por un trazado colmado de curvas y panor\u00e1micas de ensue\u00f1o. Foto: Agencia C\u00f3rdoba Turismo \/ Grupo Edisur.\" class=\"lazyload block \" sizes=\"auto\" data-src=\"http:\/\/latecordoba.com\/wp-content\/uploads\/2023\/02\/comienza-la-cuenta-regresiva-para-el-cosquin-rock-todo-lo-que-hay-que-saber-para-disfrutar-del-festival.jpg\" width=\"1023px\" height=\"683px\"><\/picture><figcaption class>El Camino del Cuadrado propone atravesar el cord\u00f3n de las Sierras Chicas por un trazado colmado de curvas y panor\u00e1micas de ensue\u00f1o. Foto: Agencia C\u00f3rdoba Turismo \/ Grupo Edisur.<\/figcaption><\/figure>\n<p>Una de las novedades que presenta est\u00e1 edici\u00f3n, son los <i><b>nuevos puntos de ingreso al predio<\/b><\/i>. Con el objetivo de evitar largas filas, se establecieron nuevas entradas.<\/p>\n<p>\u201cS\u00ed ven\u00eds por el camino del cuadrado,<i><b> hay un nuevo ingreso por calle Vallerstein<\/b><\/i>, que contin\u00faa por la calle Ferm\u00edn Rodr\u00edguez, hasta el puente de ingreso\u201d, indicaron desde la productora del festival.<\/p>\n<p>En <a href=\"https:\/\/maps.app.goo.gl\/LoUithEn6XWKANVk6?g_st=iw\" target=\"_blank\" rel=\"noopener\">este link<\/a> el <i><b>acceso directo a Google Maps<\/b><\/i>.<\/p>\n<p>Asimismo, estar\u00e1 disponible<i><b> el ingreso \u201cde siempre\u201d<\/b><\/i>, al que se accede por la variante Costa Azul, sobre la calle Ferm\u00edn Rodr\u00edguez.<\/p>\n<p>En<a href=\"https:\/\/www.google.com.ar\/maps\/search\/-31.281182,+-64.462415?shorturl=1\" target=\"_blank\" rel=\"noopener\"> este link <\/a>el acceso directo al ingreso tradicional.<\/p>\n<p>Para quienes utilicen el <i><b>transporte p\u00fablico<\/b><\/i>, la <i><b>Terminal de Santa Mar\u00eda de Punilla<\/b><\/i> se traslada al egreso del predio en donde tambi\u00e9n se habilit\u00f3 una <i><b>boleter\u00eda de la empresa \u201cLa Calera\u201d.<\/b><\/i><\/p>\n<article class=\"article card \">\n<div class=\"article-inner \">\n<div class=\"article-image \"><a href=\"https:\/\/viapais.com.ar\/carlos-paz\/cosquin-rock-una-panzada-de-musica-y-experiencias-a-la-carta-en-el-valle-de-punilla\/\" title=\"Cosquin Rock 2022\"><\/p>\n<figure><picture><img decoding=\"async\" loading=\"lazy\" alt=\"Cosquin Rock 2022\" class=\"lazyload block \" src=\"http:\/\/latecordoba.com\/wp-content\/uploads\/2023\/02\/comienza-la-cuenta-regresiva-para-el-cosquin-rock-todo-lo-que-hay-que-saber-para-disfrutar-del-festival.png\" sizes=\"auto\" data-src=\"https:\/\/viapais.com.ar\/resizer\/4HmVMe_95D0LhuayjINvBOKvoq8=\/307x173\/smart\/filters:quality(75):format(webp)\/cloudfront-us-east-1.images.arcpublishing.com\/grupoclarin\/LNKIFWUDNJHZVDQSF7QJ5ILYZI.jpg\" width=\"307px\" height=\"173px\"><\/picture><\/figure>\n<p><\/a><\/div>\n<\/div>\n<\/article>\n<h2 class>Horarios de apertura y cierre<\/h2>\n<figure><picture><img alt=\"Variedad de colores, peinados y trapos. Todo look es v\u00e1lido en el Cosquin Rock. Fotos: Javier Ferreyra\" class=\"lazyload block \" sizes=\"auto\" data-src=\"http:\/\/latecordoba.com\/wp-content\/uploads\/2023\/02\/comienza-la-cuenta-regresiva-para-el-cosquin-rock-todo-lo-que-hay-que-saber-para-disfrutar-del-festival-1.jpg\" width=\"1023px\" height=\"683px\"><\/picture><figcaption class>Variedad de colores, peinados y trapos. Todo look es v\u00e1lido en el Cosquin Rock. Fotos: Javier Ferreyra<\/figcaption><\/figure>\n<p>Cabe destacar que este a\u00f1o el<i><b> ingreso estar\u00e1 habilitado desde las 13 hs<\/b><\/i>. Se recomienda viajar con tiempo, ya que al gran flujo de tr\u00e1fico que genera el festival se suma tambi\u00e9n el tr\u00e1nsito por el fin de semana largo.<\/p>\n<p>Para tener en cuenta, <i><b>en todos los escenarios los artistas comienzan a tocar a las 14:30 hs.<\/b><\/i> y los <i><b>\u00faltimos en cerrar<\/b><\/i> ser\u00e1n el <i><b>\u201cEscenario de monta\u00f1a\u201d<\/b><\/i>, que concentra a todos los artistas emergentes de la escena urbana y el <i><b>\u201cEscenario Paragauay\u201d<\/b><\/i>, con la<b> <\/b><i><b>\u201cFiesta Bresh\u201d el d\u00eda s\u00e1bado y la \u201cFiesta Katana\u201d<\/b><\/i><b>, <\/b>el domingo. Estos eventos comienzan cerca de las 2 am de la madrugada.<\/p>\n<h2 class>Mapa del predio para no perderse<\/h2>\n<figure><picture><img alt=\"El mapa de Cosqu\u00edn Rock 2023.\" class=\"lazyload block \" sizes=\"auto\" data-src=\"http:\/\/latecordoba.com\/wp-content\/uploads\/2023\/02\/comienza-la-cuenta-regresiva-para-el-cosquin-rock-todo-lo-que-hay-que-saber-para-disfrutar-del-festival-2.jpg\" width=\"1023px\" height=\"512px\"><\/picture><figcaption class>El mapa de Cosqu\u00edn Rock 2023.<\/figcaption><\/figure>\n<p>El <b>predio de Santa Mar\u00eda de Punilla<\/b>, en donde se realiza el Festival, no s\u00f3lo entrega una escena so\u00f1ada, entre monta\u00f1as y cielos serranos, sino que <i><b>tiene una enorme extensi\u00f3n,<\/b><\/i> por lo que moverse de un sitio a otro para disfrutar de diferentes alternativas puede volverse tedioso si no se conoce el lugar.<\/p>\n<p>En tanto, la productora realiz\u00f3 un<i><b> mapa<\/b><\/i> en donde se pueden distinguir los escenarios, los puntos recreativos, los espacios gastron\u00f3micos, ba\u00f1os, puntos de hidrataci\u00f3n, espacios para protegerse del sol, y dem\u00e1s sitios de inter\u00e9s.<\/p>\n<p>Se recomienda tener a mano, <i>descargando la imagen en los celulares.<\/i><\/p>\n<h2 class>Seguridad en el Festival<\/h2>\n<figure><picture><img alt=\"Jos\u00e9 Palazzo y Marcelo Oliva, previa del festival de Rock Cosqu\u00edn Rock 2023 en el predio del aerodromo de Santa Mar\u00eda de Punilla. (Jos\u00e9 Gabriel Hern\u00e1ndez \/ La Voz)\" class=\"lazyload block \" sizes=\"auto\" data-src=\"http:\/\/latecordoba.com\/wp-content\/uploads\/2023\/02\/comienza-la-cuenta-regresiva-para-el-cosquin-rock-todo-lo-que-hay-que-saber-para-disfrutar-del-festival-3.jpg\" width=\"1023px\" height=\"682px\"><\/picture><figcaption class>Jos\u00e9 Palazzo y Marcelo Oliva, previa del festival de Rock Cosqu\u00edn Rock 2023 en el predio del aerodromo de Santa Mar\u00eda de Punilla. (Jos\u00e9 Gabriel Hern\u00e1ndez \/ La Voz)<\/figcaption><\/figure>\n<p>Uno de los aspectos que <i><b>m\u00e1s se cuida en este evento es la seguridad<\/b><\/i>. Sin dudas, algo para destacar de la productora que lleva adelante <i><b>Jos\u00e9 Palazzo, <\/b><\/i>ya que en 23 a\u00f1os nunca se registraron incidentes mayores durante el festival.<\/p>\n<p><i>\u201cCosqu\u00edn rock empieza al salir de tu casa, y termina cuando volv\u00e9s, despu\u00e9s de 2 d\u00edas llenos de historias\u201d,<\/i> es una de las <b>frases de cabecera.<\/b><\/p>\n<p>El operativo incluye a la <i><b>Polic\u00eda de C\u00f3rdoba, Bomberos, Cruz Roja y seguridad privada del festival.<\/b><\/i> A esto se suma una <b>Fiscal\u00eda m\u00f3vil y un Destacamento Policial<\/b> dentro del predio, para denunciar inmediatamente cualquier hecho de delincuencia.<\/p>\n<p>Tambi\u00e9n habr\u00e1 un <i><b>\u201cPunto Mujer\u201d<\/b><\/i>, instrumentado por el <i><b>Ministerio de la Mujer de la provincia de C\u00f3rdoba,<\/b><\/i> junto al C<b>olectivo \u201cUn paso atr\u00e1s, no me toques\u201d<\/b>, que busca visibilizar los abusos dentro del p\u00fablico rockero.<\/p>\n<h2 class>Una Grilla so\u00f1ada para una edici\u00f3n hist\u00f3rica<\/h2>\n<figure><picture><img alt=\"LP, Fito P\u00e1ez, Lila Downs y Trueno, una muestra de la diversidad que propone Cosqu\u00edn Rock desde su grilla.\" class=\"lazyload block \" sizes=\"auto\" data-src=\"http:\/\/latecordoba.com\/wp-content\/uploads\/2023\/02\/comienza-la-cuenta-regresiva-para-el-cosquin-rock-todo-lo-que-hay-que-saber-para-disfrutar-del-festival-4.jpg\" width=\"1023px\" height=\"682px\"><\/picture><figcaption class>LP, Fito P\u00e1ez, Lila Downs y Trueno, una muestra de la diversidad que propone Cosqu\u00edn Rock desde su grilla.<\/figcaption><\/figure>\n<p>Sin dudas, esta edici\u00f3n ser\u00e1 hist\u00f3rica no s\u00f3lo por las \u201clocalidades agotadas\u201d sino por la calidad y <i><b>variedad de la grilla de artistas y actividades.<\/b><\/i><\/p>\n<p>Una panzada de rock y m\u00fasica urbana y popular de todos los colores. As\u00ed podr\u00eda caracterizarse a la propuesta 2023 que agot\u00f3 por primera vez localidades.<\/p>\n<p>En <a href=\"https:\/\/cosquinrock.net\/grilla\/\" target=\"_blank\" rel=\"noopener\">este link<\/a> la grilla completa de cada fecha y escenario. Tambi\u00e9n es recomendable guardarla en m\u00f3vil, haciendo capturas de panatllas, y tener esta informaci\u00f3n a mano, para para trasladarse por el predio, seg\u00fan el inter\u00e9s.<\/p>\n<h2 class>Transmisi\u00f3n en directo por Flow<\/h2>\n<figure><picture><img alt=\"El Cosqu\u00edn Rock se podr\u00e1 ver a trav\u00e9s de Flow, la plataforma de streaming de Telecom Argentina.\" class=\"lazyload block \" sizes=\"auto\" data-src=\"http:\/\/latecordoba.com\/wp-content\/uploads\/2023\/02\/comienza-la-cuenta-regresiva-para-el-cosquin-rock-todo-lo-que-hay-que-saber-para-disfrutar-del-festival-5.jpg\" width=\"1023px\" height=\"629px\"><\/picture><figcaption class>El Cosqu\u00edn Rock se podr\u00e1 ver a trav\u00e9s de Flow, la plataforma de streaming de Telecom Argentina.<\/figcaption><\/figure>\n<p>Flow transmitir\u00e1 todo el Cosqu\u00edn Rock a trav\u00e9s de <b>cuatro<\/b> <b>canales <\/b>de la plataforma de entretenimiento, por lo que los clientes podr\u00e1n ver el festival en vivo desde cualquier dispositivo y en cualquier lugar.<\/p>\n<p>En el canal principal, el <b>605<\/b>, se transmitir\u00e1n los shows del <b>Escenario Norte<\/b> y otros contenidos especiales; mientras que el canal <b>606<\/b> se dedicar\u00e1 a los recitales del <b>Escenario Sur.<\/b><\/p>\n<p>Asimismo, en el canal 607 se transmitir\u00e1 el Escenario Monta\u00f1a y en el 608 el Escenario Paraguay.<\/p>\n<p>El canal principal mostrar\u00e1 adem\u00e1s una programaci\u00f3n especial con la conducci\u00f3n de Mikki Lusardi, Pauli Echeverria, Sofi Carmona, Manu Buscalia, Caio Lamberti y Flor Aquin.<\/p>\n","protected":false},"excerpt":{"rendered":"<p>El Cosqu\u00edn Rock 2023 tendr\u00e1 lugar desde ma\u00f1ana en Santa Mar\u00eda de Punilla y por primera vez en su historia agot\u00f3 localidades. A esta novedad se suma una grilla \u201cdemoledora\u201d, con presencias internacionales y artistas para todos los gustos, por lo que sum\u00f3 un nuevo escenario. Teniendo en cuenta la cantidad de gente que circular\u00e1 [&hellip;]<\/p>\n","protected":false},"author":1,"featured_media":1227,"comment_status":"closed","ping_status":"closed","sticky":false,"template":"","format":"standard","meta":[],"categories":[15],"tags":[],"_links":{"self":[{"href":"https:\/\/latecordoba.com\/index.php\/wp-json\/wp\/v2\/posts\/1226"}],"collection":[{"href":"https:\/\/latecordoba.com\/index.php\/wp-json\/wp\/v2\/posts"}],"about":[{"href":"https:\/\/latecordoba.com\/index.php\/wp-json\/wp\/v2\/types\/post"}],"author":[{"embeddable":true,"href":"https:\/\/latecordoba.com\/index.php\/wp-json\/wp\/v2\/users\/1"}],"replies":[{"embeddable":true,"href":"https:\/\/latecordoba.com\/index.php\/wp-json\/wp\/v2\/comments?post=1226"}],"version-history":[{"count":0,"href":"https:\/\/latecordoba.com\/index.php\/wp-json\/wp\/v2\/posts\/1226\/revisions"}],"wp:featuredmedia":[{"embeddable":true,"href":"https:\/\/latecordoba.com\/index.php\/wp-json\/wp\/v2\/media\/1227"}],"wp:attachment":[{"href":"https:\/\/latecordoba.com\/index.php\/wp-json\/wp\/v2\/media?parent=1226"}],"wp:term":[{"taxonomy":"category","embeddable":true,"href":"https:\/\/latecordoba.com\/index.php\/wp-json\/wp\/v2\/categories?post=1226"},{"taxonomy":"post_tag","embeddable":true,"href":"https:\/\/latecordoba.com\/index.php\/wp-json\/wp\/v2\/tags?post=1226"}],"curies":[{"name":"wp","href":"https:\/\/api.w.org\/{rel}","templated":true}]}}