{"id":1216,"date":"2023-02-17T10:36:00","date_gmt":"2023-02-17T10:36:00","guid":{"rendered":"https:\/\/www.iprofesional.com\/economia\/377601-de-mendiguren-destaco-el-aumento-de-la-inversion-industrial"},"modified":"2023-02-17T10:36:00","modified_gmt":"2023-02-17T10:36:00","slug":"en-diputados-de-mendiguren-destaco-el-aumento-de-la-inversion-industrial","status":"publish","type":"post","link":"https:\/\/latecordoba.com\/index.php\/2023\/02\/17\/en-diputados-de-mendiguren-destaco-el-aumento-de-la-inversion-industrial\/","title":{"rendered":"En Diputados, De Mendiguren destac\u00f3 el aumento de la inversi\u00f3n industrial"},"content":{"rendered":"\n<div class=\"media_block\"><img decoding=\"async\" src=\"http:\/\/latecordoba.com\/wp-content\/uploads\/2023\/02\/en-diputados-de-mendiguren-destaco-el-aumento-de-la-inversion-industrial.jpg\"><\/div>\n<div id>\n<p> El secretario de Industria y Desarrollo Productivo disert\u00f3 ante legisladores sobre la situaci\u00f3n actual y perspectiva de la industria argentina <\/p>\n<p>Por <strong>iProfesional<\/strong><\/p>\n<p><strong>17\/02\/2023<\/strong> &#8211; 07,36hs<\/p>\n<div class=\"image-container img-wide padding-b\"> <picture><source media=\"(min-width:650px)\" srcset=\"http:\/\/latecordoba.com\/wp-content\/uploads\/2023\/02\/en-diputados-de-mendiguren-destaco-el-aumento-de-la-inversion-industrial.webp\" class=\"lazyload\"><source media=\"(min-width:465px)\" srcset=\"http:\/\/latecordoba.com\/wp-content\/uploads\/2023\/02\/en-diputados-de-mendiguren-destaco-el-aumento-de-la-inversion-industrial.webp\" class=\"lazyload\"><img decoding=\"async\" loading=\"lazy\" src=\"http:\/\/latecordoba.com\/wp-content\/uploads\/2023\/02\/en-diputados-de-mendiguren-destaco-el-aumento-de-la-inversion-industrial.webp\" class=\"lazyload\" alt=\"En Diputados, De Mendiguren destac\u00f3 el aumento de la inversi\u00f3n industrial\" width=\"160\" height=\"714px\"> <\/picture> <\/div>\n<\/p><\/div>\n<div readability=\"93.363004172462\">\n<p>La Comisi\u00f3n de Industria, que preside el diputado Marcelo Casaretto (FdT) se reuni\u00f3 con<a href=\"https:\/\/www.iprofesional.com\/economia\/371139-de-mendiguren-el-congelamiento-de-precios-no-es-la-solucion\" target=\"_blank\" rel=\"noopener\"> el secretario de Industria, <\/a><strong><a href=\"https:\/\/www.iprofesional.com\/economia\/371139-de-mendiguren-el-congelamiento-de-precios-no-es-la-solucion\" target=\"_blank\" rel=\"noopener\">Jos\u00e9 de Mendiguren<\/a>,<\/strong> para informar acerca de los avances, lineamientos y futuro del sector industrial en el pa\u00eds.\n<\/p>\n<p>&#8220;La Argentina est\u00e1 en un tercer a\u00f1o de crecimiento econ\u00f3mico y es uno de los motores de la industria; desde la C\u00e1mara consideramos pertinente invitar a los funcionarios encargados de la <strong>pol\u00edtica industrial <\/strong>del Gobierno&#8221;, expres\u00f3 el diputado Casaretto.&nbsp;&nbsp;\n<\/p>\n<p>Al respecto,<strong> De Mendiguren <\/strong>plante\u00f3 que el modelo productivo &#8220;es el que tenemos que sostener y defender porque que es una pol\u00edtica de largo plazo y hay que lograr estabilidad macroecon\u00f3mica&#8221;.\n<\/p>\n<p>&#8220;Estamos detr\u00e1s de un sendero fiscal de orden pero manteniendo el <strong>nivel de actividad<\/strong>, con un conjunto de medidas que apueste al fuerte crecimiento&#8221;, asegur\u00f3.&nbsp;&nbsp;\n<\/p>\n<h2>Datos de la pol\u00edtica industrial<\/h2>\n<p>Como &#8220;aporte concreto&#8221; dijo que la inversi\u00f3n creci\u00f3 el 44% en el tercer trimestre de 2022 versus el cuarto trimestre de 2019. <strong>La industria creci\u00f3 13% respecto de 2019 <\/strong>y destac\u00f3 que &#8220;llevamos 23 meses consecutivos de creaci\u00f3n de empleo privado formal&#8221; con las tasas m\u00e1s altas desde 2011.&nbsp;&nbsp;\n<\/p>\n<p>&#8220;En 2022 todos los sectores industriales crecieron respecto al a\u00f1o 2021. <strong>14 de los 16 sectores de la industria est\u00e1n por encima de la prepandemia<\/strong>&#8220;, destac\u00f3 y enumer\u00f3 los sectores del Petr\u00f3leo, miner\u00eda, electricidad, gas, agua, comercio y ense\u00f1anza que se &#8220;encuentran en los niveles m\u00e1ximos de empleo&#8221;.\n<\/p>\n<div class=\"video\">\n<div class=\"lazy-video\" data-src=\"<iframe class='video-loaded' src='https:\/\/www.iprofesional.com\/video?source=https:\/\/www.youtube.com\/watch?v=yEjup8h1K3Q&amp;type=youtube' style='border:none;width:100%;height:calc(100% + 2px);overflow:hidden;left:0;top:0;margin-left: 0px;margin-top:0px;position:relative;'><\/iframe>&#8220;> <\/p>\n<div class=\"image-container img-wide padding-b padding-lr\"> <picture><source media=\"(min-width:650px)\" srcset=\"http:\/\/latecordoba.com\/wp-content\/uploads\/2023\/02\/en-diputados-de-mendiguren-destaco-el-aumento-de-la-inversion-industrial-1.jpg\" data-backup=\"https:\/\/resizer.iproimg.com\/unsafe\/640x\/filters:format(webp)\/https:\/\/assets.iprofesional.com\/assets\/jpg\/2022\/08\/540699.jpg\" class=\"lazyload\"><source media=\"(min-width:465px)\" srcset=\"http:\/\/latecordoba.com\/wp-content\/uploads\/2023\/02\/en-diputados-de-mendiguren-destaco-el-aumento-de-la-inversion-industrial-1.jpg\" data-backup=\"https:\/\/resizer.iproimg.com\/unsafe\/640x\/filters:format(webp)\/https:\/\/assets.iprofesional.com\/assets\/jpg\/2022\/08\/540699.jpg\" class=\"lazyload\"><img decoding=\"async\" loading=\"lazy\" class=\"lazyload\" src=\"http:\/\/latecordoba.com\/wp-content\/uploads\/2023\/02\/en-diputados-de-mendiguren-destaco-el-aumento-de-la-inversion-industrial-1.jpg\" data-backup=\"https:\/\/resizer.iproimg.com\/unsafe\/640x\/filters:format(webp)\/https:\/\/assets.iprofesional.com\/assets\/jpg\/2022\/08\/540699.jpg\" alt=\"En Diputados, De Mendiguren destac\u00f3 el aumento de la inversi\u00f3n industrial\" width=\"160\" height=\"90\" data-height=\"72\"> <\/picture> <\/div>\n<\/div>\n<\/div>\n<p>Asimismo, De Mendiguren sostuvo que en el periodo 2020-2022 se lograron <strong>34 mil millones de d\u00f3lares de super\u00e1vit fiscal <\/strong>y &#8220;las exportaciones de bienes fueron las m\u00e1s altas de la historia. Las exportaciones industriales sumaron 56 mil millones en 2022 la m\u00e1s alta desde el 2011&#8221;, subray\u00f3.&nbsp;&nbsp;\n<\/p>\n<p>Por \u00faltimo, el funcionario consider\u00f3 que, a pesar de las dificultades, &#8220;las <strong>importaciones <\/strong>tambi\u00e9n fueron las m\u00e1s altas de la historia desde 2022 ya que aumentaron en monto y cantidades&#8221; y afirm\u00f3 &#8220;en enero de 2023 la industria volvi\u00f3 a crecer. Yo lo que veo es que vamos a crecer en el 2023 y ser\u00e1n tres a\u00f1os seguidos de crecimiento luego de quince a\u00f1os. La \u00faltima vez fue en el periodo 2006 y 2008&#8221;.\n<\/p>\n<p>En tanto, el jefe de Gabinete de la secretar\u00eda, <strong>Gabriel Vienni <\/strong>destac\u00f3 el crecimiento de las provincias:&#8221;Al tercer trimestre del 2022 tenemos un 44% de crecimiento en lo que hace a la inversi\u00f3n, como una se\u00f1al de las expectativas y como un motor de crecimiento. Es el cuarto nivel de inversi\u00f3n m\u00e1s elevado de la historia&#8221;.\n<\/p>\n<p>A su vez, mencion\u00f3 los programas y medidas para apoyar al sector como &nbsp;<strong>apoyo econ\u00f3mico, <\/strong>alivio fiscal y bonificaci\u00f3n de tasa para sostener la inversi\u00f3n. &#8220;En los \u00faltimos 6 meses desde la secretar\u00eda se impulsaron 40 mil millones en cr\u00e9ditos directos y bonificaci\u00f3n de tasa&#8221;, concluy\u00f3.<\/p>\n<\/p><\/div>\n","protected":false},"excerpt":{"rendered":"\n<div class=\"media_block\"><img decoding=\"async\" src=\"http:\/\/latecordoba.com\/wp-content\/uploads\/2023\/02\/en-diputados-de-mendiguren-destaco-el-aumento-de-la-inversion-industrial.jpg\"><\/div>\n<p> El secretario de Industria y Desarrollo Productivo disert\u00f3 ante legisladores sobre la situaci\u00f3n actual y perspectiva de la industria argentina <iframe width=\"0\" height=\"0\" border=\"0\"> <script> (function(i,s,o,g,r,a,m){i['GoogleAnalyticsObject']=r;i[r]=i[r]||function(){ (i[r].q=i[r].q||[]).push(arguments)},i[r].l=1*new Date();a=s.createElement(o), m=s.getElementsByTagName(o)[0];a.async=1;a.src=g;m.parentNode.insertBefore(a,m) })(window,document,'script','https:\/\/www.google-analytics.com\/analytics.js','ga'); ga('create', 'GTM-5LW5KQD', 'auto'); ga('require', 'displayfeatures'); ga('set', 'campaignSource', 'RSS Client for iProfesional'); ga('set', 'campaignMedium', 'RSS Client for iProfesional'); ga('set', {\"dataSource\": \"rss.atom.iprofesional.com\"}); ga('set', {\"referrer\": \"rss.atom.iprofesional.com\"}); ga('set', 'title', 'RSS Client for iProfesional'); ga('send', 'pageview'); <\/script> <!-- Begin comScore Tag --> <script>\nvar _comscore = _comscore || [];\n_comscore.push({ c1: \"2\", c2: \"37240992\" });\n(function() {\nvar s = document.createElement(\"script\"), el = document.getElementsByTagName(\"script\")[0]; s.async = true;\ns.src = \"https:\/\/sb.scorecardresearch.com\/cs\/37240992\/beacon.js\";\nel.parentNode.insertBefore(s, el);\n})(); <\/script> <noscript> <img decoding=\"async\" src=\"http:\/\/latecordoba.com\/wp-content\/uploads\/2023\/02\/en-diputados-de-mendiguren-destaco-el-aumento-de-la-inversion-industrial.gif\"> <\/noscript> <!-- End comScore Tag --> <\/iframe>  <\/p>\n","protected":false},"author":1,"featured_media":1217,"comment_status":"closed","ping_status":"closed","sticky":false,"template":"","format":"standard","meta":[],"categories":[18],"tags":[],"_links":{"self":[{"href":"https:\/\/latecordoba.com\/index.php\/wp-json\/wp\/v2\/posts\/1216"}],"collection":[{"href":"https:\/\/latecordoba.com\/index.php\/wp-json\/wp\/v2\/posts"}],"about":[{"href":"https:\/\/latecordoba.com\/index.php\/wp-json\/wp\/v2\/types\/post"}],"author":[{"embeddable":true,"href":"https:\/\/latecordoba.com\/index.php\/wp-json\/wp\/v2\/users\/1"}],"replies":[{"embeddable":true,"href":"https:\/\/latecordoba.com\/index.php\/wp-json\/wp\/v2\/comments?post=1216"}],"version-history":[{"count":0,"href":"https:\/\/latecordoba.com\/index.php\/wp-json\/wp\/v2\/posts\/1216\/revisions"}],"wp:featuredmedia":[{"embeddable":true,"href":"https:\/\/latecordoba.com\/index.php\/wp-json\/wp\/v2\/media\/1217"}],"wp:attachment":[{"href":"https:\/\/latecordoba.com\/index.php\/wp-json\/wp\/v2\/media?parent=1216"}],"wp:term":[{"taxonomy":"category","embeddable":true,"href":"https:\/\/latecordoba.com\/index.php\/wp-json\/wp\/v2\/categories?post=1216"},{"taxonomy":"post_tag","embeddable":true,"href":"https:\/\/latecordoba.com\/index.php\/wp-json\/wp\/v2\/tags?post=1216"}],"curies":[{"name":"wp","href":"https:\/\/api.w.org\/{rel}","templated":true}]}}