{"id":1214,"date":"2023-02-17T10:23:00","date_gmt":"2023-02-17T10:23:00","guid":{"rendered":"https:\/\/www.iprofesional.com\/finanzas\/377600-dolar-blue-hoy-la-cotizacion-del-17-de-febrero-de-2023"},"modified":"2023-02-17T10:23:00","modified_gmt":"2023-02-17T10:23:00","slug":"dolar-hoy-en-el-cierre-de-la-semana-el-mercado-sigue-atento-a-la-evolucion-del-blue","status":"publish","type":"post","link":"https:\/\/latecordoba.com\/index.php\/2023\/02\/17\/dolar-hoy-en-el-cierre-de-la-semana-el-mercado-sigue-atento-a-la-evolucion-del-blue\/","title":{"rendered":"D\u00f3lar hoy | En el cierre de la semana, el mercado sigue atento a la evoluci\u00f3n del blue"},"content":{"rendered":"\n<div class=\"media_block\"><img decoding=\"async\" src=\"http:\/\/latecordoba.com\/wp-content\/uploads\/2023\/02\/dolar-hoy-en-el-cierre-de-la-semana-el-mercado-sigue-atento-a-la-evolucion-del-blue.jpg\"><\/div>\n<div id>\n<p> Los d\u00f3lares libres siguen buscando su precio de equilibrio y el blue contin\u00faa fluctuando poniendo en alerta a los inversores. Conoc\u00e9 todas las cotizaciones <\/p>\n<p>Por <strong>iProfesional<\/strong><\/p>\n<p><strong>17\/02\/2023<\/strong> &#8211; 07,23hs<\/p>\n<div class=\"image-container img-wide padding-b\"> <picture><source media=\"(min-width:650px)\" srcset=\"http:\/\/latecordoba.com\/wp-content\/uploads\/2023\/02\/dolar-hoy-en-el-cierre-de-la-semana-el-mercado-sigue-atento-a-la-evolucion-del-blue.webp\" class=\"lazyload\"><source media=\"(min-width:465px)\" srcset=\"http:\/\/latecordoba.com\/wp-content\/uploads\/2023\/02\/dolar-hoy-en-el-cierre-de-la-semana-el-mercado-sigue-atento-a-la-evolucion-del-blue.webp\" class=\"lazyload\"><img decoding=\"async\" loading=\"lazy\" src=\"http:\/\/latecordoba.com\/wp-content\/uploads\/2023\/02\/dolar-hoy-en-el-cierre-de-la-semana-el-mercado-sigue-atento-a-la-evolucion-del-blue.webp\" class=\"lazyload\" alt=\"D\u00f3lar hoy | En el cierre de la semana, el mercado sigue atento a la evoluci\u00f3n del blue\" width=\"160\" height=\"714px\"> <\/picture> <\/div>\n<\/p><\/div>\n<div readability=\"89.638186157518\">\n<p>El <strong><a href=\"https:\/\/www.iprofesional.com\/finanzas\/376173-el-precio-mas-alto-al-que-llegaria-el-dolar-segun-economistas\" target=\"_blank\" rel=\"noopener\">d\u00f3lar blue<\/a> <\/strong>cotiza este viernes a $377 en las cuevas del microcentro porte\u00f1o, tras retoceder un peso en la jornada previa.\n<\/p>\n<p>En tanto, en el mercado burs\u00e1til, el <strong>d\u00f3lar contado con liquidaci\u00f3n<\/strong> (CCL) se ubica a <strong>$369,96<\/strong>; mientras que el <strong>MEP <\/strong>se ofrece en <strong>$357,61<\/strong>.\n<\/p>\n<p>En el mercado de divisas, el d\u00f3lar oficial cotiza en promedio $199,70.\n<\/p>\n<p>En el mercado mayorista, la divisa estadounidense se ofrece en un promedio de $192,83.\n<\/p>\n<p>Como dato relevante, el Banco Central finaliz\u00f3 la jornada del jueves con un saldo negativo de u$s46 millones. De esta manera, en lo que va del mes el organismo monetario acumula ventas por u$s854 millones y en el a\u00f1o de u$s1.043 millones.\n<\/p>\n<h2>A cu\u00e1nto cotiza el d\u00f3lar blue hoy<\/h2>\n<p><span>El d\u00f3lar blue opera a<strong> $377<\/strong>&nbsp;para la venta y a <strong>$373 <\/strong>para la compra.<\/span>\n<\/p>\n<div class=\"imagen\" readability=\"7\"><img decoding=\"async\" loading=\"lazy\" class=\"lazyload\" src=\"http:\/\/latecordoba.com\/wp-content\/uploads\/2023\/02\/dolar-hoy-en-el-cierre-de-la-semana-el-mercado-sigue-atento-a-la-evolucion-del-blue-1.jpg\" alt=\"El mercado se pregunta si este a\u00f1o el Gobierno pisar\u00e1 el d\u00f3lar o acompa\u00f1ar\u00e1 la inflaci\u00f3n\" width=\"880\" height=\"495\"><\/p>\n<p>El CCL y el MEP siguen intervenidos para evitar una escalada en su precio<\/p>\n<\/div>\n<h2>C\u00f3mo operan los d\u00f3lares financieros<\/h2>\n<p>En el mercado burs\u00e1til, el d\u00f3lar contado con liquidaci\u00f3n (CCL) se ubica a $369,96; mientras que el MEP se ofrece en $357,61.\n<\/p>\n<h2>Cu\u00e1l es el precio del d\u00f3lar oficial<\/h2>\n<p><span>El <strong>d\u00f3lar minorista oficial&nbsp;<\/strong> cotiza en promedio a <strong>$199,70<\/strong>.<\/span>\n<\/p>\n<p>En el mercado mayorista, la divisa estadounidense finaliz\u00f3 con un incremento de 45 centavos respecto al cierre previo, en un promedio de $192,83.\n<\/p>\n<p>As\u00ed, el d\u00f3lar con el recargo de 30% -contemplado en el impuesto PA\u00cdS-, marca un promedio de $259,61 por unidad, y con el anticipo a cuenta del Impuesto a las Ganancias de 35% sobre la compra de divisas, a $329,50.\n<\/p>\n<p>En tanto, el d\u00f3lar destinado al turismo en el exterior -y que cuenta con una al\u00edcuota de 45%- se ubica en $349,47, <span>mientras que para compras superiores a 300 d\u00f3lares -y que posee un impuesto adicional de 25%-, se ubica en <strong>$399,40<\/strong><\/span>.\n<\/p>\n<h2>La brecha cambiaria<\/h2>\n<div class=\"tepuedeinteresar\">\n<p>Te puede interesar<\/p>\n<\/p><\/div>\n<p>Por \u00faltimo, la brecha cambiaria entre el d\u00f3lar minorista promedio que publica el BCRA y los diferentes tipos de cambio, queda de la siguiente manera:\n<\/p>\n<ul>\n<li><strong>Blue: 89%<\/strong><\/li>\n<li><strong>CCL: 85%<\/strong><\/li>\n<li><strong>MEP: 79%<\/strong><\/li>\n<\/ul><\/div>\n","protected":false},"excerpt":{"rendered":"\n<div class=\"media_block\"><img decoding=\"async\" src=\"http:\/\/latecordoba.com\/wp-content\/uploads\/2023\/02\/dolar-hoy-en-el-cierre-de-la-semana-el-mercado-sigue-atento-a-la-evolucion-del-blue.jpg\"><\/div>\n<p> Los d\u00f3lares libres siguen buscando su precio de equilibrio y el blue contin\u00faa fluctuando poniendo en alerta a los inversores. Conoc\u00e9 todas las cotizaciones <iframe width=\"0\" height=\"0\" border=\"0\"> <script> (function(i,s,o,g,r,a,m){i['GoogleAnalyticsObject']=r;i[r]=i[r]||function(){ (i[r].q=i[r].q||[]).push(arguments)},i[r].l=1*new Date();a=s.createElement(o), m=s.getElementsByTagName(o)[0];a.async=1;a.src=g;m.parentNode.insertBefore(a,m) })(window,document,'script','https:\/\/www.google-analytics.com\/analytics.js','ga'); ga('create', 'GTM-5LW5KQD', 'auto'); ga('require', 'displayfeatures'); ga('set', 'campaignSource', 'RSS Client for iProfesional'); ga('set', 'campaignMedium', 'RSS Client for iProfesional'); ga('set', {\"dataSource\": \"rss.atom.iprofesional.com\"}); ga('set', {\"referrer\": \"rss.atom.iprofesional.com\"}); ga('set', 'title', 'RSS Client for iProfesional'); ga('send', 'pageview'); <\/script> <!-- Begin comScore Tag --> <script>\nvar _comscore = _comscore || [];\n_comscore.push({ c1: \"2\", c2: \"37240992\" });\n(function() {\nvar s = document.createElement(\"script\"), el = document.getElementsByTagName(\"script\")[0]; s.async = true;\ns.src = \"https:\/\/sb.scorecardresearch.com\/cs\/37240992\/beacon.js\";\nel.parentNode.insertBefore(s, el);\n})(); <\/script> <noscript> <img decoding=\"async\" src=\"http:\/\/latecordoba.com\/wp-content\/uploads\/2023\/02\/dolar-hoy-en-el-cierre-de-la-semana-el-mercado-sigue-atento-a-la-evolucion-del-blue.gif\"> <\/noscript> <!-- End comScore Tag --> <\/iframe>  <\/p>\n","protected":false},"author":1,"featured_media":1215,"comment_status":"closed","ping_status":"closed","sticky":false,"template":"","format":"standard","meta":[],"categories":[18],"tags":[],"_links":{"self":[{"href":"https:\/\/latecordoba.com\/index.php\/wp-json\/wp\/v2\/posts\/1214"}],"collection":[{"href":"https:\/\/latecordoba.com\/index.php\/wp-json\/wp\/v2\/posts"}],"about":[{"href":"https:\/\/latecordoba.com\/index.php\/wp-json\/wp\/v2\/types\/post"}],"author":[{"embeddable":true,"href":"https:\/\/latecordoba.com\/index.php\/wp-json\/wp\/v2\/users\/1"}],"replies":[{"embeddable":true,"href":"https:\/\/latecordoba.com\/index.php\/wp-json\/wp\/v2\/comments?post=1214"}],"version-history":[{"count":0,"href":"https:\/\/latecordoba.com\/index.php\/wp-json\/wp\/v2\/posts\/1214\/revisions"}],"wp:featuredmedia":[{"embeddable":true,"href":"https:\/\/latecordoba.com\/index.php\/wp-json\/wp\/v2\/media\/1215"}],"wp:attachment":[{"href":"https:\/\/latecordoba.com\/index.php\/wp-json\/wp\/v2\/media?parent=1214"}],"wp:term":[{"taxonomy":"category","embeddable":true,"href":"https:\/\/latecordoba.com\/index.php\/wp-json\/wp\/v2\/categories?post=1214"},{"taxonomy":"post_tag","embeddable":true,"href":"https:\/\/latecordoba.com\/index.php\/wp-json\/wp\/v2\/tags?post=1214"}],"curies":[{"name":"wp","href":"https:\/\/api.w.org\/{rel}","templated":true}]}}