{"id":1212,"date":"2023-02-15T11:30:58","date_gmt":"2023-02-15T11:30:58","guid":{"rendered":"https:\/\/ar.marca.com\/claro\/futbol-internacional\/champions-league\/2023\/02\/15\/63ecc02fe2704ed15a8b45c9.html"},"modified":"2023-02-15T11:30:58","modified_gmt":"2023-02-15T11:30:58","slug":"lequipe-senala-a-messi","status":"publish","type":"post","link":"https:\/\/latecordoba.com\/index.php\/2023\/02\/15\/lequipe-senala-a-messi\/","title":{"rendered":"&#8216;L&#8217;Equipe&#8217; se\u00f1ala a Messi"},"content":{"rendered":"\n<div class=\"media_block\"><a href=\"https:\/\/e00-ar-marca.uecdn.es\/claro\/assets\/multimedia\/imagenes\/2023\/02\/15\/16764793841186.jpg\"><img decoding=\"async\" src=\"http:\/\/latecordoba.com\/wp-content\/uploads\/2023\/02\/lequipe-senala-a-messi.jpg\" class=\"media_thumbnail\"><\/a><\/div>\n<p><h2 class=\"section-title-group izquierda\"><span class=\"section-type\">Champions League<\/span>&nbsp;<span class=\"subsection-type\">El diario galo lo situ\u00f3 a Leo entre uno de los peores jugadores en la noche de la derrota<\/span><\/h2>\n<\/p>\n<div readability=\"49.552297939778\">\n<figure class=\"multimedia-item image\"><img decoding=\"async\" src=\"http:\/\/latecordoba.com\/wp-content\/uploads\/2023\/02\/lequipe-senala-a-messi-1.jpg\" class=\"full-image\" alt=\"Messi, durante el partido ante el Bayern.\"><figcaption class=\"caption\"><i class=\"icon-caption-photo\"><\/i>Messi, durante el partido ante el Bayern.<br \/>\n<span>EFE<\/span><\/figcaption><\/figure>\n<aside class=\"aside-tools byline-tools\"><\/aside>\n<p><strong>La derrota del PSG ante el Bayern por la ida de los octavos de final de la Champions League por 1-0<\/strong> como local puso a varios jugadores en la mira de los hinchs y de los medios period\u00edsticos galos y <strong><em>&#8216;L\u00c9quipe&#8217;<\/em><\/strong> se centr\u00f3 especialmente en <strong><a href=\"https:\/\/ar.marca.com\/claro\/futbol-internacional\/champions-league\/2023\/02\/14\/63ebe8d5ca4741a2038b45ad.html\">Messi <\/a>para calificarlo con un <em>&#8216;3&#8217;<\/em> (sobre 10)<\/strong> y dejarlo en el centro de las cr\u00edticas.<\/p>\n<p><strong>El campe\u00f3n mundial en Qatar estuvo acompa\u00f1ado en la &#8216;quema&#8217; junto a Neymar, Marco Verratti, Achraf Hakimi y el joven Warren Zaire-Emery<\/strong>, que entr\u00f3 a los libros de historia de la <strong>Champions League<\/strong> al ser el jugador m\u00e1s joven en ser titular en un partido de <strong><em>&#8216;playoffs&#8217;<\/em><\/strong>. <\/p>\n<figure class=\"multimedia-item photo-decoration\"><img decoding=\"async\" class=\"full-image\" src=\"http:\/\/latecordoba.com\/wp-content\/uploads\/2023\/02\/lequipe-senala-a-messi-2.jpg\" width=\"660\">La ficha del partido de &#8216;L&#8217;Equipe&#8217;.<\/figure>\n<p>Pero estos jugadores <strong>no fueron los \u00fanicos <em>&#8216;se\u00f1alados&#8217;<\/em><\/strong> por el diario sino que tambi\u00e9n pusieron en el mismo nivel al t\u00e9cnico <strong>Christophe Galtier, con lo cu\u00e1l lo responsabilizn de alguna manera por el bajo rendimiento del equipo<\/strong> en la noche del d\u00eda de los enamorados.<\/p>\n<p><strong>Donnarumma<\/strong>, que fall\u00f3 claramente en el \u00fanico gol del partido marcado por <strong>Coman<\/strong>, y <strong>Pavard<\/strong>, que le hizo una falta descalificadora a <strong>Messi <\/strong>(vio la segunda amarilla y fue expulsado) <strong>se llevaron un <em>&#8216;4&#8217;<\/em><\/strong>.<\/p>\n<aside class=\"related-tags\"><\/aside>\n<\/div>\n","protected":false},"excerpt":{"rendered":"\n<div class=\"media_block\"><a href=\"https:\/\/e00-ar-marca.uecdn.es\/claro\/assets\/multimedia\/imagenes\/2023\/02\/15\/16764793841186.jpg\"><img decoding=\"async\" src=\"http:\/\/latecordoba.com\/wp-content\/uploads\/2023\/02\/lequipe-senala-a-messi.jpg\" class=\"media_thumbnail\"><\/a><\/div>\n<p>&nbsp;<a href=\"https:\/\/ar.marca.com\/claro\/futbol-internacional\/champions-league\/2023\/02\/15\/63ecc02fe2704ed15a8b45c9.html\"> Leer <\/a><img decoding=\"async\" src=\"http:\/\/latecordoba.com\/wp-content\/uploads\/2023\/02\/lequipe-senala-a-messi.gif\" alt=\"\"\/> <\/p>\n","protected":false},"author":1,"featured_media":1213,"comment_status":"closed","ping_status":"closed","sticky":false,"template":"","format":"standard","meta":[],"categories":[17],"tags":[],"_links":{"self":[{"href":"https:\/\/latecordoba.com\/index.php\/wp-json\/wp\/v2\/posts\/1212"}],"collection":[{"href":"https:\/\/latecordoba.com\/index.php\/wp-json\/wp\/v2\/posts"}],"about":[{"href":"https:\/\/latecordoba.com\/index.php\/wp-json\/wp\/v2\/types\/post"}],"author":[{"embeddable":true,"href":"https:\/\/latecordoba.com\/index.php\/wp-json\/wp\/v2\/users\/1"}],"replies":[{"embeddable":true,"href":"https:\/\/latecordoba.com\/index.php\/wp-json\/wp\/v2\/comments?post=1212"}],"version-history":[{"count":0,"href":"https:\/\/latecordoba.com\/index.php\/wp-json\/wp\/v2\/posts\/1212\/revisions"}],"wp:featuredmedia":[{"embeddable":true,"href":"https:\/\/latecordoba.com\/index.php\/wp-json\/wp\/v2\/media\/1213"}],"wp:attachment":[{"href":"https:\/\/latecordoba.com\/index.php\/wp-json\/wp\/v2\/media?parent=1212"}],"wp:term":[{"taxonomy":"category","embeddable":true,"href":"https:\/\/latecordoba.com\/index.php\/wp-json\/wp\/v2\/categories?post=1212"},{"taxonomy":"post_tag","embeddable":true,"href":"https:\/\/latecordoba.com\/index.php\/wp-json\/wp\/v2\/tags?post=1212"}],"curies":[{"name":"wp","href":"https:\/\/api.w.org\/{rel}","templated":true}]}}