{"id":1200,"date":"2023-02-17T11:00:00","date_gmt":"2023-02-17T11:00:00","guid":{"rendered":"https:\/\/www.puntal.com.ar\/teatro\/se-despide-el-campeon-sigue-presentandose-montevideo-n184910"},"modified":"2023-02-17T11:00:00","modified_gmt":"2023-02-17T11:00:00","slug":"se-despide-el-campeon-sigue-presentandose-en-montevideo","status":"publish","type":"post","link":"https:\/\/latecordoba.com\/index.php\/2023\/02\/17\/se-despide-el-campeon-sigue-presentandose-en-montevideo\/","title":{"rendered":"&#8220;Se despide el campe\u00f3n&#8221; sigue present\u00e1ndose en Montevideo"},"content":{"rendered":"\n<div><img decoding=\"async\" src=\"http:\/\/latecordoba.com\/wp-content\/uploads\/2023\/02\/se-despide-el-campeon-sigue-presentandose-en-montevideo.jpg\" class=\"ff-og-image-inserted\"><\/div>\n<div class=\"cuerpo\" data-twitter-link readability=\"37\">\n<p> <strong>Sobre el Teatro Circular de Montevideo<\/strong><\/p>\n<p>El Teatro Circular de Montevideo fue una innovaci\u00f3n para el Uruguay de aquella \u00e9poca, ten\u00eda antecedentes muy antiguos que ven\u00edan de las primeras representaciones del ceremonial religioso: los Ditirambos de las fiestas Dionis\u00edacas, los autos sacramentales del medioevo, la Comedia del Arte, cierto teatro Oriental y no muy lejos en el tiempo, pero con caracter\u00edsticas diferentes, el que representaban en su circo los hermanos Podest\u00e1 en el R\u00edo de la Plata. El 16 de diciembre de 1954 Eduardo Malet, Hugo Mazza, Gloria Levy, Salom\u00f3n Melamed, Manuel Campos y Eduardo Prous, entre otros, har\u00edan realidad la inauguraci\u00f3n del Teatro Circular de Montevideo creando un nuevo espacio que conmovi\u00f3 al incipiente movimiento teatral con su caracter\u00edstica forma, que lo ha identificado como uno de los pocos en el mundo. (Fuente. Teatro Circular de Montevideo).<\/p>\n<p><strong>Primer festival de teatro argentino en Atenas<\/strong><\/p>\n<p>Fernando Zabala fue invitado a participar del primer festival de teatro argentino en Atenas con su obra Se despide el campe\u00f3n. Participar\u00e1n 5 dramaturgos argentinos, entre los que se encuentra el autor local. \u201cEstoy muy honrado de que el te\u00f3rico teatral Styl Rodarelis me haya invitado a participar del primer festival de teatro argentino en Atenas. Seremos 5 dramaturgos argentinos representando al pa\u00eds y las obras se estrenar\u00e1n tanto en espa\u00f1ol como en griego. Luego cada obra ser\u00e1 publicada por la Editorial Iaspis, una conocida editorial que publica textos teatrales en ambos idiomas\u201d, dice Zabala. El festival se realizar\u00e1 el 27 y 28 de octubre del 2023 en la ciudad de Atenas, en Grecia, y las obras argentinas ser\u00e1n representadas en el Teatro Eupolis.<\/p>\n<\/div>\n","protected":false},"excerpt":{"rendered":"<p>\nLa obra del dramaturgo cordob\u00e9s Fernando Zabala contin\u00faa en cartelera en la capital uruguaya.  <\/p>\n","protected":false},"author":1,"featured_media":1201,"comment_status":"closed","ping_status":"closed","sticky":false,"template":"","format":"standard","meta":[],"categories":[14],"tags":[],"_links":{"self":[{"href":"https:\/\/latecordoba.com\/index.php\/wp-json\/wp\/v2\/posts\/1200"}],"collection":[{"href":"https:\/\/latecordoba.com\/index.php\/wp-json\/wp\/v2\/posts"}],"about":[{"href":"https:\/\/latecordoba.com\/index.php\/wp-json\/wp\/v2\/types\/post"}],"author":[{"embeddable":true,"href":"https:\/\/latecordoba.com\/index.php\/wp-json\/wp\/v2\/users\/1"}],"replies":[{"embeddable":true,"href":"https:\/\/latecordoba.com\/index.php\/wp-json\/wp\/v2\/comments?post=1200"}],"version-history":[{"count":0,"href":"https:\/\/latecordoba.com\/index.php\/wp-json\/wp\/v2\/posts\/1200\/revisions"}],"wp:featuredmedia":[{"embeddable":true,"href":"https:\/\/latecordoba.com\/index.php\/wp-json\/wp\/v2\/media\/1201"}],"wp:attachment":[{"href":"https:\/\/latecordoba.com\/index.php\/wp-json\/wp\/v2\/media?parent=1200"}],"wp:term":[{"taxonomy":"category","embeddable":true,"href":"https:\/\/latecordoba.com\/index.php\/wp-json\/wp\/v2\/categories?post=1200"},{"taxonomy":"post_tag","embeddable":true,"href":"https:\/\/latecordoba.com\/index.php\/wp-json\/wp\/v2\/tags?post=1200"}],"curies":[{"name":"wp","href":"https:\/\/api.w.org\/{rel}","templated":true}]}}