{"id":1197,"date":"2023-02-17T03:49:22","date_gmt":"2023-02-17T03:49:22","guid":{"rendered":"https:\/\/viapais.com.ar\/cordoba\/renzo-saravia-ex-belgrano-seguira-en-el-futbol-brasileno\/"},"modified":"2023-02-17T03:49:22","modified_gmt":"2023-02-17T03:49:22","slug":"renzo-saravia-ex-belgrano-seguira-en-el-futbol-brasileno","status":"publish","type":"post","link":"https:\/\/latecordoba.com\/index.php\/2023\/02\/17\/renzo-saravia-ex-belgrano-seguira-en-el-futbol-brasileno\/","title":{"rendered":"Renzo Saravia, ex Belgrano, seguir\u00e1 en el f\u00fatbol brasile\u00f1o"},"content":{"rendered":"<br \/>\n<section readability=\"31.624615384615\">\n<p>El lateral derecho <a href=\"https:\/\/viapais.com.ar\/cordoba\/renzo-saravia-volvio-tras-una-larga-inactividad-y-no-se-olvida-de-belgrano\/\" target=\"_blank\" rel=\"noopener\"><b>Renzo Saravia,<\/b><\/a><b> surgido en <\/b><a href=\"https:\/\/viapais.com.ar\/cordoba\/belgrano-con-tigre-en-el-kempes-cuando-vuelve-al-gigante\/\" target=\"_blank\" rel=\"noopener\"><b>Belgrano<\/b><\/a><b>, jugar\u00e1 esta temporada para el Atl\u00e9tico Mineiro,<\/b> donde fue anunciado este jueves, en condici\u00f3n de libre. Lo dirigir\u00e1 <a href=\"https:\/\/viapais.com.ar\/temas\/eduardo-coudet\/\" target=\"_blank\" rel=\"noopener\"><b>Eduardo \u201cChacho\u201d Coudet, <\/b><\/a><b>su t\u00e9cnico en el Racing Club <\/b>campe\u00f3n en 2019. <\/p>\n<article class=\"article card \">\n<div class=\"article-inner \">\n<div class=\"article-image \"><a href=\"https:\/\/viapais.com.ar\/cordoba\/la-visita-de-belgrano-a-argentinos-por-la-tv-publica-y-canal-10\/\" title=\"Belgrano contra Central C\u00f3rdoba en Santiago del Estero\"><\/p>\n<figure><picture><img decoding=\"async\" loading=\"lazy\" alt=\"Belgrano contra Central C\u00f3rdoba en Santiago del Estero\" class=\"lazyload block \" src=\"http:\/\/latecordoba.com\/wp-content\/uploads\/2023\/02\/renzo-saravia-ex-belgrano-seguira-en-el-futbol-brasileno.png\" sizes=\"auto\" data-src=\"https:\/\/viapais.com.ar\/resizer\/kYtgRnDMunViPvRw02xcsrPbNvo=\/307x173\/smart\/filters:quality(75):format(webp)\/cloudfront-us-east-1.images.arcpublishing.com\/grupoclarin\/HDKQWKT2C5FMLM3WOTM4NDIOGQ.JPG\" width=\"307px\" height=\"173px\"><\/picture><\/figure>\n<p><\/a><\/div>\n<\/div>\n<\/article>\n<p>Con 29 a\u00f1os, Saravia ya visti\u00f3 las camisetas en Brasil del<b> Internacional de Porto Alegre y el Botafogo. Firm\u00f3 contrato hasta julio de 2023 con una opci\u00f3n de renovaci\u00f3n<\/b> para toda la temporada de 2024, de acuerdo a lo publicado por el Atl\u00e9tico Mineiro en sus redes sociales.<\/p>\n<article class=\"article card \">\n<div class=\"article-inner \">\n<div class=\"article-image \"><a href=\"https:\/\/viapais.com.ar\/cordoba\/mundial-de-qatar-2022-fuerte-presencia-del-futbol-cordobes-en-argentina-polonia\/\" title=\"Luifa Artime con un hincha que le pregunt\u00f3 sobre Vegetti\"><\/p>\n<figure><picture><img decoding=\"async\" loading=\"lazy\" alt=\"Luifa Artime con un hincha que le pregunt\u00f3 sobre Vegetti\" class=\"lazyload block \" src=\"http:\/\/latecordoba.com\/wp-content\/uploads\/2023\/02\/renzo-saravia-ex-belgrano-seguira-en-el-futbol-brasileno.png\" sizes=\"auto\" data-src=\"https:\/\/viapais.com.ar\/resizer\/4xHQvOf2xARdiiJQ0BacCRauxQ8=\/307x173\/smart\/filters:quality(75):format(webp)\/cloudfront-us-east-1.images.arcpublishing.com\/grupoclarin\/AE3VHOCHJRCITAYBFFVRUY4QV4.jpg\" width=\"307px\" height=\"173px\"><\/picture><\/figure>\n<p><\/a><\/div>\n<\/div>\n<\/article>\n<p>\u201c<b>Contundencia en el mano a mano defensivo, potencia y calidad para apoyar el ataque.<\/b> \u00a1Ese fue el f\u00fatbol que llev\u00f3 a Saravia a la selecci\u00f3n de Argentina y a Europa!\u201d lo describieron en el perfil en Twitter en su nuevo club.<\/p>\n<div class=\"story-embeded story-twitter noreadme-audima\">\n<div readability=\"6.407960199005\">\n<blockquote class=\"twitter-tweet\" readability=\"7.2089552238806\">\n<p lang=\"pt\" dir=\"ltr\">Atl\u00e9tico(MG)<\/p>\n<p>Diretoria anuncia Renzo Saravia, lateral direito, ex-Botafogo, e que trabalhou com Coudet no Racing e no Inter. <a href=\"https:\/\/t.co\/X8bWTvfh1O\">https:\/\/t.co\/X8bWTvfh1O<\/a><\/p>\n<p>\u2014 R\u00e1dio Brasil (@radiobrasil940) <a href=\"https:\/\/twitter.com\/radiobrasil940\/status\/1626296385363402755?ref_src=twsrc%5Etfw\">February 16, 2023<\/a><\/p><\/blockquote><\/div>\n<\/div>\n<p><b>El cordob\u00e9s, por su parte, agradeci\u00f3 en un v\u00eddeo el \u201ccari\u00f1o\u201d que le \u201cbrindan\u201d los hinchas del Mineiro<\/b> en sus redes y prometi\u00f3 <b>\u201centregarlo todo\u201d <\/b>para la temporada 2023. En <b>Belgrano se lo mencion\u00f3 como posible refuerzo, sobre todo despu\u00e9s de que asistiera al Kempes para presenciar el triunfo sobre River.<\/b> Pero en su entorno dijeron que esperaba una propuesta del exterior.<\/p>\n<h2 class><b>EL LARGO RECORRIDO DE SARAVIA<\/b><\/h2>\n<p>Saravia comenz\u00f3 su carrera en <b>Belgrano en 2012 y 2017 pas\u00f3 al Racing Club. En 2019 fue fichado por el Oporto <\/b>y su actuaci\u00f3n en la liga portuguesa le avalaron su convocatoria para la<b> Selecci\u00f3n argentina que disput\u00f3 la Copa Am\u00e9rica de Brasil 2019.<\/b><\/p>\n<p><b>Un a\u00f1o despu\u00e9s, Saravia lleg\u00f3 a Brasil<\/b> para jugar con el Internacional y en 2022 y tras una severa lesi\u00f3n en la rodilla fue transferido al Botafogo de R\u00edo de Janeiro.<\/p>\n<\/section>\n<div class=\"noreadme-audima\">\n<h2>Temas Relacionados<\/h2>\n<\/div>\n","protected":false},"excerpt":{"rendered":"<p>El lateral derecho Renzo Saravia, surgido en Belgrano, jugar\u00e1 esta temporada para el Atl\u00e9tico Mineiro, donde fue anunciado este jueves, en condici\u00f3n de libre. Lo dirigir\u00e1 Eduardo \u201cChacho\u201d Coudet, su t\u00e9cnico en el Racing Club campe\u00f3n en 2019. Con 29 a\u00f1os, Saravia ya visti\u00f3 las camisetas en Brasil del Internacional de Porto Alegre y el [&hellip;]<\/p>\n","protected":false},"author":1,"featured_media":1198,"comment_status":"closed","ping_status":"closed","sticky":false,"template":"","format":"standard","meta":[],"categories":[15],"tags":[],"_links":{"self":[{"href":"https:\/\/latecordoba.com\/index.php\/wp-json\/wp\/v2\/posts\/1197"}],"collection":[{"href":"https:\/\/latecordoba.com\/index.php\/wp-json\/wp\/v2\/posts"}],"about":[{"href":"https:\/\/latecordoba.com\/index.php\/wp-json\/wp\/v2\/types\/post"}],"author":[{"embeddable":true,"href":"https:\/\/latecordoba.com\/index.php\/wp-json\/wp\/v2\/users\/1"}],"replies":[{"embeddable":true,"href":"https:\/\/latecordoba.com\/index.php\/wp-json\/wp\/v2\/comments?post=1197"}],"version-history":[{"count":0,"href":"https:\/\/latecordoba.com\/index.php\/wp-json\/wp\/v2\/posts\/1197\/revisions"}],"wp:featuredmedia":[{"embeddable":true,"href":"https:\/\/latecordoba.com\/index.php\/wp-json\/wp\/v2\/media\/1198"}],"wp:attachment":[{"href":"https:\/\/latecordoba.com\/index.php\/wp-json\/wp\/v2\/media?parent=1197"}],"wp:term":[{"taxonomy":"category","embeddable":true,"href":"https:\/\/latecordoba.com\/index.php\/wp-json\/wp\/v2\/categories?post=1197"},{"taxonomy":"post_tag","embeddable":true,"href":"https:\/\/latecordoba.com\/index.php\/wp-json\/wp\/v2\/tags?post=1197"}],"curies":[{"name":"wp","href":"https:\/\/api.w.org\/{rel}","templated":true}]}}