{"id":1195,"date":"2023-02-16T22:21:44","date_gmt":"2023-02-16T22:21:44","guid":{"rendered":"https:\/\/www.lapoliticaonline.com\/politica\/sorpresa-por-la-llegada-de-maximo-kirchner-a-la-cumbre-del-frente-de-todos\/"},"modified":"2023-02-16T22:21:44","modified_gmt":"2023-02-16T22:21:44","slug":"sorpresa-por-la-llegada-de-maximo-kirchner-a-la-cumbre-del-frente-de-todos","status":"publish","type":"post","link":"https:\/\/latecordoba.com\/index.php\/2023\/02\/16\/sorpresa-por-la-llegada-de-maximo-kirchner-a-la-cumbre-del-frente-de-todos\/","title":{"rendered":"Sorpresa por la llegada de M\u00e1ximo Kirchner a la cumbre del Frente de Todos"},"content":{"rendered":"\n<div><img decoding=\"async\" src=\"http:\/\/latecordoba.com\/wp-content\/uploads\/2023\/02\/sorpresa-por-la-llegada-de-maximo-kirchner-a-la-cumbre-del-frente-de-todos.jpg\" class=\"ff-og-image-inserted\"><\/div>\n<div id=\"vsmcontent\" readability=\"86\">\n<p>Los principales referentes del Frente de Todos ya est\u00e1n reunidos en la sede del PJ de la calle Matheu para encauzar una estrategia electoral en medio de las internas que atraviesa la coalici\u00f3n de gobierno. <\/p>\n<p>La llegada de M\u00e1ximo Kirchner a la cumbre del Frente de Todos gener\u00f3 sorpresa incluso en los referentes del peronismo porque desde su entorno afirmaban que el diputado no ser\u00eda parte del encuentro. El diputado lleg\u00f3 acompa\u00f1ado por el ministro del Interior, Wado De Pedro. <\/p>\n<p>En tanto, Sergio Massa agend\u00f3 una actividad junto a Fernanda Raverta minutos antes de la hora pautada para el inicio de la cumbre. Fue una maniobra para mostrarse enfocado en la gesti\u00f3n, pese a la trascendencia de la reuni\u00f3n. Junto a la titular del Anses, el ministro de Econom\u00eda anunci\u00f3 la ampliaci\u00f3n de la asignaci\u00f3n universal por hijo. Ahora, unos 900.000 ni\u00f1os van a comenzar a percibir el beneficio.<\/p>\n<p>La comitiva del Frente Renovador lleg\u00f3 en grupo. Se pudo ver llegar a la sede a Cecilia Moreau, Rub\u00e9n Eslaiman, Juan Andreotti, Malena Galmarini y Diego Guliano.<\/p>\n<p>En tanto, Massa lleg\u00f3 minutos antes de las 20 y despu\u00e9s del arribo del Presidente quien lleg\u00f3 acompa\u00f1ado por la tropa albertista: Santiago Cafiero, Julio Vitobello, Juan Manuel Olmos y Victoria Tolosa Paz.<\/p>\n<p><i>Noticia en desarrollo<\/i><\/p>\n<\/div>\n<p><strong>Copyright La Politica Online SA 2023.<\/strong><br \/>Por favor no corte ni pegue en la web nuestras notas, tiene la posibilidad de redistribuirlas usando nuestras herramientas.<\/p>\n","protected":false},"excerpt":{"rendered":"<p> Sergio Massa lleg\u00f3 minutos despu\u00e9s que Alberto Fern\u00e1ndez y luego de encabezar una actividad de gesti\u00f3n junto a Fernanda Raverta.  <\/p>\n","protected":false},"author":1,"featured_media":1196,"comment_status":"closed","ping_status":"closed","sticky":false,"template":"","format":"standard","meta":[],"categories":[18],"tags":[],"_links":{"self":[{"href":"https:\/\/latecordoba.com\/index.php\/wp-json\/wp\/v2\/posts\/1195"}],"collection":[{"href":"https:\/\/latecordoba.com\/index.php\/wp-json\/wp\/v2\/posts"}],"about":[{"href":"https:\/\/latecordoba.com\/index.php\/wp-json\/wp\/v2\/types\/post"}],"author":[{"embeddable":true,"href":"https:\/\/latecordoba.com\/index.php\/wp-json\/wp\/v2\/users\/1"}],"replies":[{"embeddable":true,"href":"https:\/\/latecordoba.com\/index.php\/wp-json\/wp\/v2\/comments?post=1195"}],"version-history":[{"count":0,"href":"https:\/\/latecordoba.com\/index.php\/wp-json\/wp\/v2\/posts\/1195\/revisions"}],"wp:featuredmedia":[{"embeddable":true,"href":"https:\/\/latecordoba.com\/index.php\/wp-json\/wp\/v2\/media\/1196"}],"wp:attachment":[{"href":"https:\/\/latecordoba.com\/index.php\/wp-json\/wp\/v2\/media?parent=1195"}],"wp:term":[{"taxonomy":"category","embeddable":true,"href":"https:\/\/latecordoba.com\/index.php\/wp-json\/wp\/v2\/categories?post=1195"},{"taxonomy":"post_tag","embeddable":true,"href":"https:\/\/latecordoba.com\/index.php\/wp-json\/wp\/v2\/tags?post=1195"}],"curies":[{"name":"wp","href":"https:\/\/api.w.org\/{rel}","templated":true}]}}