{"id":1187,"date":"2023-02-16T12:06:49","date_gmt":"2023-02-16T12:06:49","guid":{"rendered":"https:\/\/www.diariocronica.com.ar\/noticias\/2023\/02\/16\/77441-vincenzo-torraca-a-defensa-y-justicia"},"modified":"2023-02-16T12:06:49","modified_gmt":"2023-02-16T12:06:49","slug":"vincenzo-torraca-a-defensa-y-justicia","status":"publish","type":"post","link":"https:\/\/latecordoba.com\/index.php\/2023\/02\/16\/vincenzo-torraca-a-defensa-y-justicia\/","title":{"rendered":"Vincenzo Torraca, a Defensa y Justicia"},"content":{"rendered":"\n<div class=\"media_block\"><a href=\"http:\/\/latecordoba.com\/wp-content\/uploads\/2023\/02\/vincenzo-torraca-a-defensa-y-justicia.jpg\"><img decoding=\"async\" src=\"http:\/\/latecordoba.com\/wp-content\/uploads\/2023\/02\/vincenzo-torraca-a-defensa-y-justicia.jpg\" class=\"media_thumbnail\"><\/a><\/div>\n<div><img decoding=\"async\" src=\"http:\/\/latecordoba.com\/wp-content\/uploads\/2023\/02\/vincenzo-torraca-a-defensa-y-justicia-1.jpg\" class=\"ff-og-image-inserted\"><\/div>\n<p>El jugador formado en Uni\u00f3n San Mart\u00edn Azcu\u00e9naga se incorpor\u00f3 a Defensa y Justicia. El lateral izquierdo fue convocado por el Halc\u00f3n de Varela y se suma a la lista de jugadores que tiene la instituci\u00f3n de Km. 5 en Buenos Aires. Torraca se encuentra entrenando con la quinta divisi\u00f3n.<\/p>\n<p>Vincenzo Torraca el lateral izquierdo, comparte la instituci\u00f3n junto a Arian Castillo y Juan L\u00f3pez de Murillas; en Quilmes, est\u00e1n Nicol\u00e1s Mercado y Agust\u00edn Montiel. Por su parte, Thiago Etcheverr\u00eda juega en Estudiantes de Bs As con paso por Ferro Carril Oeste; Mateo Mar\u00edn juega en Platense con paso por Racing Club y Bruno Mateeff lo hace en Excursionista.<\/p>\n<p>Tras la convocatoria Torraca coment\u00f3 su sensaci\u00f3n, \u201cLa verdad es que es una experiencia \u00fanica, que siempre la so\u00f1\u00e9, desde que juego al futbol desde chiquito, hoy se me dio la posibilidad de estar en un equipo de primera divisi\u00f3n y es hermoso, lo primero es disfrutarlo, algo que estoy haciendo y despu\u00e9s aprovechar todo al m\u00e1ximo para crecer futbol\u00edsticamente\u201d.<\/p>\n<p>\u201cReci\u00e9n arranca toda la verdad, es algo que cuesta, el clima es algo que se me dificulta mucho, en esta \u00e9poca hace demasiado calor, y dentro del equipo reci\u00e9n est\u00e1n terminando de cerrar el plantel, y de a poco voy conoci\u00e9ndome m\u00e1s con los chicos, pero me voy a adaptar bien\u201d, sentenci\u00f3 Torraca.<\/p>\n<p>Luego destac\u00f3 que \u201cTengo que seguir aprendiendo como lo hice en USMA, a ser buena persona, crecer como futbolista y tomar todas las herramientas y experiencias que me da el club\u201d.<\/p>\n<p>En el final dej\u00f3 un agradecimiento especial, \u201cagradecer a todos los integrantes del club USMA por hacer esto realidad, la oportunidad que siempre me dieron, la confianza y los valores que me inculcaron, y a todas las personas que siempre me acompa\u00f1aron desde que empec\u00e9 en esto\u201d, se\u00f1al\u00f3 el jugador.<\/p>\n","protected":false},"excerpt":{"rendered":"\n<div class=\"media_block\"><a href=\"http:\/\/latecordoba.com\/wp-content\/uploads\/2023\/02\/vincenzo-torraca-a-defensa-y-justicia.jpg\"><img decoding=\"async\" src=\"http:\/\/latecordoba.com\/wp-content\/uploads\/2023\/02\/vincenzo-torraca-a-defensa-y-justicia.jpg\" class=\"media_thumbnail\"><\/a><\/div>\n<p> Vincenzo Torraca, a Defensa y Justicia  <\/p>\n","protected":false},"author":1,"featured_media":1188,"comment_status":"closed","ping_status":"closed","sticky":false,"template":"","format":"standard","meta":[],"categories":[17],"tags":[],"_links":{"self":[{"href":"https:\/\/latecordoba.com\/index.php\/wp-json\/wp\/v2\/posts\/1187"}],"collection":[{"href":"https:\/\/latecordoba.com\/index.php\/wp-json\/wp\/v2\/posts"}],"about":[{"href":"https:\/\/latecordoba.com\/index.php\/wp-json\/wp\/v2\/types\/post"}],"author":[{"embeddable":true,"href":"https:\/\/latecordoba.com\/index.php\/wp-json\/wp\/v2\/users\/1"}],"replies":[{"embeddable":true,"href":"https:\/\/latecordoba.com\/index.php\/wp-json\/wp\/v2\/comments?post=1187"}],"version-history":[{"count":0,"href":"https:\/\/latecordoba.com\/index.php\/wp-json\/wp\/v2\/posts\/1187\/revisions"}],"wp:featuredmedia":[{"embeddable":true,"href":"https:\/\/latecordoba.com\/index.php\/wp-json\/wp\/v2\/media\/1188"}],"wp:attachment":[{"href":"https:\/\/latecordoba.com\/index.php\/wp-json\/wp\/v2\/media?parent=1187"}],"wp:term":[{"taxonomy":"category","embeddable":true,"href":"https:\/\/latecordoba.com\/index.php\/wp-json\/wp\/v2\/categories?post=1187"},{"taxonomy":"post_tag","embeddable":true,"href":"https:\/\/latecordoba.com\/index.php\/wp-json\/wp\/v2\/tags?post=1187"}],"curies":[{"name":"wp","href":"https:\/\/api.w.org\/{rel}","templated":true}]}}