{"id":1163,"date":"2023-02-16T03:41:26","date_gmt":"2023-02-16T03:41:26","guid":{"rendered":"https:\/\/viapais.com.ar\/cordoba\/y-un-dia-se-tenia-que-cortar-la-racha-volvio-a-ganar-atenas\/"},"modified":"2023-02-16T03:41:26","modified_gmt":"2023-02-16T03:41:26","slug":"y-un-dia-se-tenia-que-cortar-la-racha-volvio-a-ganar-atenas","status":"publish","type":"post","link":"https:\/\/latecordoba.com\/index.php\/2023\/02\/16\/y-un-dia-se-tenia-que-cortar-la-racha-volvio-a-ganar-atenas\/","title":{"rendered":"Y un d\u00eda se ten\u00eda que cortar la racha: volvi\u00f3 a ganar Atenas"},"content":{"rendered":"\n<p>Las <b>rachas est\u00e1n para ser cortadas<\/b>. Y no hay mal que dure cien a\u00f1os. Esas dos frases pens\u00f3 <a href=\"https:\/\/viapais.com.ar\/cordoba\/atenas-y-otro-intento-para-frenar-la-caida-juega-en-junin\/\" target=\"_blank\" rel=\"noopener\"><b>Atenas que, despu\u00e9s de 23 partidos, volvi\u00f3 a festejar un triunfo<\/b><\/a>. Y <a href=\"https:\/\/viapais.com.ar\/cordoba\/atenas-completa-su-gira-y-se-ilusiona-con-cortar-la-racha-en-formosa\/\" target=\"_blank\" rel=\"noopener\"><b>lo hizo como local en el Polideportivo Cerutti ante San Lorenzo<\/b><\/a>, que justamente llegaba pen\u00faltimo y es el rival a vencer en la lucha por la permanencia en la Liga Nacional.<\/p>\n<article class=\"article card \">\n<div class=\"article-inner \">\n<div class=\"article-image \"><a href=\"https:\/\/viapais.com.ar\/cordoba\/instituto-le-gano-a-independiente-en-oliva-y-sigue-arriba-en-la-liga-nacional\/\" title=\"Instituto se impuso a Independiente en Oliva por 88 a 84 por la fecha 23 de la Liga Nacional de Basquet\"><\/p>\n<figure><picture><img decoding=\"async\" loading=\"lazy\" alt=\"Instituto se impuso a Independiente en Oliva por 88 a 84 por la fecha 23 de la Liga Nacional de Basquet\" class=\"lazyload block \" src=\"http:\/\/latecordoba.com\/wp-content\/uploads\/2023\/02\/y-un-dia-se-tenia-que-cortar-la-racha-volvio-a-ganar-atenas.png\" sizes=\"auto\" data-src=\"https:\/\/viapais.com.ar\/resizer\/8d2E9mNkcSl5D3dEk1PePhbbetM=\/307x173\/smart\/filters:quality(75):format(webp)\/cloudfront-us-east-1.images.arcpublishing.com\/grupoclarin\/QAJK3RAXUJB5JBTGI6HXX6BZ3M.jpeg\" width=\"307px\" height=\"173px\"><\/picture><\/figure>\n<p><\/a><\/div>\n<\/div>\n<\/article>\n<p>Con el <a href=\"https:\/\/viapais.com.ar\/cordoba\/en-medio-de-su-crisis-deportiva-atenas-volvio-a-cambiar-de-entrenador\/\" target=\"_blank\" rel=\"noopener\"><b>debut de \u00c1lvaro Casti\u00f1eira como entrenador, el Griego venci\u00f3 al Cuervo por 71 a 58<\/b><\/a> y cort\u00f3 la racha. Tambi\u00e9n consigui\u00f3 la primera victoria como local en la temporada. Octavio Sarmiento y Fernando Podesta fueron los goleadores con 16 puntos cada uno.<\/p>\n<figure><picture><img alt=\"Atenas vs San Lorenzo en el Cerutti, debuta el nuevo dt \u00c1lvaro Casti\u00f1eira\n(Facundo Luque \/ La Voz)\" class=\"lazyload block \" sizes=\"auto\" data-src=\"http:\/\/latecordoba.com\/wp-content\/uploads\/2023\/02\/y-un-dia-se-tenia-que-cortar-la-racha-volvio-a-ganar-atenas.jpg\" width=\"1023px\" height=\"682px\"><\/picture><figcaption class>Atenas vs San Lorenzo en el Cerutti, debuta el nuevo dt \u00c1lvaro Casti\u00f1eira<br \/>\n(Facundo Luque \/ La Voz) Foto: Luque, facundo<\/figcaption><\/figure>\n<p>El<b> r\u00e9cord<\/b> sigue siendo pobre pero ahora es de <b>dos partidos ganados y 24 perdidos<\/b> y<b> se acerc\u00f3, justamente a su rival del mi\u00e9rcoles por la noche que cuenta con 5 victorias y 20 derrotas<\/b>. Todav\u00eda <b>quedan 12 fechas<\/b> para terminar la fase regular y el objetivo es pasar a San Lorenzo para tener ventaja de local\u00eda en la serie por la permanencia.<\/p>\n<article class=\"article card \">\n<div class=\"article-inner \">\n<div class=\"article-image \"><a href=\"https:\/\/viapais.com.ar\/cordoba\/atenas-y-otro-intento-para-frenar-la-caida-juega-en-junin\/\" title=\"Javion Blake\"><\/p>\n<figure><picture><img decoding=\"async\" loading=\"lazy\" alt=\"Javion Blake\" class=\"lazyload block \" src=\"http:\/\/latecordoba.com\/wp-content\/uploads\/2023\/02\/y-un-dia-se-tenia-que-cortar-la-racha-volvio-a-ganar-atenas.png\" sizes=\"auto\" data-src=\"https:\/\/viapais.com.ar\/resizer\/vflM7iA_q5COh9rAOy8Gr3yaEk4=\/307x173\/smart\/filters:quality(75):format(webp)\/cloudfront-us-east-1.images.arcpublishing.com\/grupoclarin\/622SZTVGZZDDBGVNMMLKIJZHMY.jpg\" width=\"307px\" height=\"173px\"><\/picture><\/figure>\n<p><\/a><\/div>\n<\/div>\n<\/article>\n<p>El equipo fue muy sacrificado en defensa y efectivo en ataque que es algo en lo que trabaj\u00f3 Casti\u00f1eira desde su llegada al club en la \u00faltima semana. El <b>pr\u00f3ximo juego de Atenas ser\u00e1 el 3 de marzo recibiendo a Instituto<\/b> en el cl\u00e1sico. <\/p>\n","protected":false},"excerpt":{"rendered":"<p>Las rachas est\u00e1n para ser cortadas. Y no hay mal que dure cien a\u00f1os. Esas dos frases pens\u00f3 Atenas que, despu\u00e9s de 23 partidos, volvi\u00f3 a festejar un triunfo. Y lo hizo como local en el Polideportivo Cerutti ante San Lorenzo, que justamente llegaba pen\u00faltimo y es el rival a vencer en la lucha por [&hellip;]<\/p>\n","protected":false},"author":1,"featured_media":1164,"comment_status":"closed","ping_status":"closed","sticky":false,"template":"","format":"standard","meta":[],"categories":[15],"tags":[],"_links":{"self":[{"href":"https:\/\/latecordoba.com\/index.php\/wp-json\/wp\/v2\/posts\/1163"}],"collection":[{"href":"https:\/\/latecordoba.com\/index.php\/wp-json\/wp\/v2\/posts"}],"about":[{"href":"https:\/\/latecordoba.com\/index.php\/wp-json\/wp\/v2\/types\/post"}],"author":[{"embeddable":true,"href":"https:\/\/latecordoba.com\/index.php\/wp-json\/wp\/v2\/users\/1"}],"replies":[{"embeddable":true,"href":"https:\/\/latecordoba.com\/index.php\/wp-json\/wp\/v2\/comments?post=1163"}],"version-history":[{"count":0,"href":"https:\/\/latecordoba.com\/index.php\/wp-json\/wp\/v2\/posts\/1163\/revisions"}],"wp:featuredmedia":[{"embeddable":true,"href":"https:\/\/latecordoba.com\/index.php\/wp-json\/wp\/v2\/media\/1164"}],"wp:attachment":[{"href":"https:\/\/latecordoba.com\/index.php\/wp-json\/wp\/v2\/media?parent=1163"}],"wp:term":[{"taxonomy":"category","embeddable":true,"href":"https:\/\/latecordoba.com\/index.php\/wp-json\/wp\/v2\/categories?post=1163"},{"taxonomy":"post_tag","embeddable":true,"href":"https:\/\/latecordoba.com\/index.php\/wp-json\/wp\/v2\/tags?post=1163"}],"curies":[{"name":"wp","href":"https:\/\/api.w.org\/{rel}","templated":true}]}}