{"id":1149,"date":"2023-02-15T12:00:00","date_gmt":"2023-02-15T12:00:00","guid":{"rendered":"https:\/\/www.puntal.com.ar\/escritora\/mariana-enriquez-se-sube-al-escenario-n184749"},"modified":"2023-02-15T12:00:00","modified_gmt":"2023-02-15T12:00:00","slug":"mariana-enriquez-se-sube-al-escenario","status":"publish","type":"post","link":"https:\/\/latecordoba.com\/index.php\/2023\/02\/15\/mariana-enriquez-se-sube-al-escenario\/","title":{"rendered":"Mariana Enriquez se sube al escenario"},"content":{"rendered":"\n<div><img decoding=\"async\" src=\"http:\/\/latecordoba.com\/wp-content\/uploads\/2023\/02\/mariana-enriquez-se-sube-al-escenario.jpg\" class=\"ff-og-image-inserted\"><\/div>\n<p> La escritora Mariana Enriquez se mudar\u00e1 de los libros a los escenarios y presentar\u00e1 el pr\u00f3ximo 16 de marzo en el Teatro Coliseo &#8220;No traigan flores&#8221;, un espect\u00e1culo que la tendr\u00e1 como protagonista.<\/p>\n<p>Se trata del primer show integral que la escritora protagoniza para compartir una selecci\u00f3n de textos propios (y otros no tan ajenos), ponerse en primera persona y narrar en el marco de una puesta art\u00edstica y musical sobre el escenario del Teatro Coliseo.<\/p>\n<p>La acompa\u00f1ar\u00e1n el artista Alejandro Bustos en visuales con arena para profundizar este viaje on\u00edrico, el contrabajista Horacio Hurtado y el saxofonista Pablo Ledesma proyectar\u00e1n sonoridades en este show at\u00edpico, que mixtura disciplinas.<\/p>\n<p>Y si bien la autora subir\u00e1 a las tablas, no es la primera vez que lo hacen sus escritos: &#8220;Las cosas que perdimos en el fuego&#8221;, \u00faltimo cuento del libro hom\u00f3nimo, sobre un grupo de mujeres que decide quemarse ante la virulencia y la oleada de violencias machistas, fue llevado al teatro con adaptaci\u00f3n y texto de Jorge Thefs y bajo el t\u00edtulo &#8220;Salvar el fuego&#8221;.<\/p>\n<p>Por otra parte, su \u00faltima novela &#8220;Nuestra parte de noche&#8221;, fue publicada hace pocos d\u00edas en Estados Unidos, por el sello Hogarth, donde recibi\u00f3 m\u00faltiples elogios de la prensa de ese pa\u00eds como The Washington Post, que habl\u00f3 de &#8220;una obra maestra del terror sobrenatural&#8221;, o The New York Times, que defini\u00f3 a su autora como &#8220;una estrella del rock de la literatura&#8221;.<\/p>\n<p>La traducci\u00f3n al ingl\u00e9s de su colecci\u00f3n &#8220;Los peligros de fumar en la cama&#8221; fue finalista del Premio Booker Internacional en 2021, y &#8220;Nuestra parte de noche&#8221; gan\u00f3 el Premio Herralde de Anagrama al mejor libro del a\u00f1o en 2019.<\/p>\n<p>La premiada escritora de 49 a\u00f1os, consolidada como una figura destacada de la ficci\u00f3n g\u00f3tica contempor\u00e1nea, pide fervientemente &#8220;No traigan flores&#8221; a lo que ser\u00e1 su primer espect\u00e1culo en escena, el jueves 16 de marzo a las 20 en el Teatro de Marcelo T. de Alvear 1125, ciudad de Buenos Aires.<\/p>\n","protected":false},"excerpt":{"rendered":"<p>La escritora Mariana Enriquez se mudar\u00e1 de los libros a los escenarios y presentar\u00e1 el pr\u00f3ximo 16 de marzo en el Teatro Coliseo &#8220;No traigan flores&#8221;, un espect\u00e1culo que la tendr\u00e1 como protagonista. Se trata del primer show integral que la escritora protagoniza para compartir una selecci\u00f3n de textos propios (y otros no tan ajenos), [&hellip;]<\/p>\n","protected":false},"author":1,"featured_media":1150,"comment_status":"closed","ping_status":"closed","sticky":false,"template":"","format":"standard","meta":[],"categories":[14],"tags":[],"_links":{"self":[{"href":"https:\/\/latecordoba.com\/index.php\/wp-json\/wp\/v2\/posts\/1149"}],"collection":[{"href":"https:\/\/latecordoba.com\/index.php\/wp-json\/wp\/v2\/posts"}],"about":[{"href":"https:\/\/latecordoba.com\/index.php\/wp-json\/wp\/v2\/types\/post"}],"author":[{"embeddable":true,"href":"https:\/\/latecordoba.com\/index.php\/wp-json\/wp\/v2\/users\/1"}],"replies":[{"embeddable":true,"href":"https:\/\/latecordoba.com\/index.php\/wp-json\/wp\/v2\/comments?post=1149"}],"version-history":[{"count":0,"href":"https:\/\/latecordoba.com\/index.php\/wp-json\/wp\/v2\/posts\/1149\/revisions"}],"wp:featuredmedia":[{"embeddable":true,"href":"https:\/\/latecordoba.com\/index.php\/wp-json\/wp\/v2\/media\/1150"}],"wp:attachment":[{"href":"https:\/\/latecordoba.com\/index.php\/wp-json\/wp\/v2\/media?parent=1149"}],"wp:term":[{"taxonomy":"category","embeddable":true,"href":"https:\/\/latecordoba.com\/index.php\/wp-json\/wp\/v2\/categories?post=1149"},{"taxonomy":"post_tag","embeddable":true,"href":"https:\/\/latecordoba.com\/index.php\/wp-json\/wp\/v2\/tags?post=1149"}],"curies":[{"name":"wp","href":"https:\/\/api.w.org\/{rel}","templated":true}]}}