{"id":1146,"date":"2023-02-15T20:22:02","date_gmt":"2023-02-15T20:22:02","guid":{"rendered":"https:\/\/viapais.com.ar\/rosario\/un-joven-pelea-por-su-vida-tras-recibir-un-disparo-en-la-cabeza-en-el-norte-de-rosario\/"},"modified":"2023-02-15T20:22:02","modified_gmt":"2023-02-15T20:22:02","slug":"un-joven-pelea-por-su-vida-tras-recibir-un-disparo-en-la-cabeza-en-el-norte-de-rosario","status":"publish","type":"post","link":"https:\/\/latecordoba.com\/index.php\/2023\/02\/15\/un-joven-pelea-por-su-vida-tras-recibir-un-disparo-en-la-cabeza-en-el-norte-de-rosario\/","title":{"rendered":"Un joven pelea por su vida tras recibir un disparo en la cabeza en el norte de Rosario"},"content":{"rendered":"<br \/>\n<section readability=\"29.287985865724\">\n<p>Este <b>martes por la noche<\/b> un<b> joven de 21 a\u00f1os <\/b>que trabaja como cartonero<b> recibi\u00f3 un balazo en la cabeza<\/b> en un ataque a tiros perpetrado desde un auto en el<b> barrio<\/b><a href=\"https:\/\/viapais.com.ar\/rosario\/primer-crimen-de-2023-en-rosario-lo-balearon-en-un-pasillo-de-empalme-graneros\/\" target=\"_blank\" rel=\"noopener\"><b> Empalme Graneros<\/b> <\/a>del<a href=\"https:\/\/viapais.com.ar\/rosario\/robo-de-auto-y-pareja-baleada-en-rosario-afirman-que-el-tirador-fue-un-preso\/\" target=\"_blank\" rel=\"noopener\"> noroeste de Rosario<\/a>. La v\u00edctima permanece en el Hospital de Emergencias Clemente \u00c1lvarez (Heca) en <b>grave estado<\/b>.<\/p>\n<article class=\"article card \">\n<div class=\"article-inner \">\n<div class=\"article-image \"><a href=\"https:\/\/viapais.com.ar\/rosario\/robo-de-auto-y-pareja-baleada-en-rosario-afirman-que-el-tirador-fue-un-preso\/\" title=\"Detenido por robo e intento de homicidio en Rosario\"><\/p>\n<figure><picture><img decoding=\"async\" loading=\"lazy\" alt=\"Detenido por robo e intento de homicidio en Rosario\" class=\"lazyload block \" src=\"http:\/\/latecordoba.com\/wp-content\/uploads\/2023\/02\/un-joven-pelea-por-su-vida-tras-recibir-un-disparo-en-la-cabeza-en-el-norte-de-rosario.png\" sizes=\"auto\" data-src=\"https:\/\/viapais.com.ar\/resizer\/QwcDbp89EG2KydYcu0tzU0Mfq4c=\/307x173\/smart\/filters:quality(75):format(webp)\/cloudfront-us-east-1.images.arcpublishing.com\/grupoclarin\/7FJPOIZEE5BSNALJCZD7T77MEE.jpg\" width=\"307px\" height=\"173px\"><\/picture><\/figure>\n<p><\/a><\/div>\n<\/div>\n<\/article>\n<p>Todo sucedi\u00f3 <b>alrededor de las 21 horas del martes en Cullen 1500 bis<\/b>, cerca del cruce con Sorrento, una de las partes m\u00e1s humildes de Empalme. All\u00ed, un joven identificado como <b>Claudio qued\u00f3 herido en el cr\u00e1neo luego de que un veh\u00edculo pasara y disparara <\/b>al menos tres veces hacia su direcci\u00f3n. El hecho fue inmediatamente reportado al 911.<\/p>\n<p>Mientras tanto, <b>vecinos de la zona llevaron de forma particular al chico al Hospital Alberdi<\/b> para atenderlo, pero <b>debido a la gravedad de las heridas se lo traslad\u00f3 de forma urgente al Heca<\/b>, donde lleg\u00f3 a las 22. En el nosocomio se constat\u00f3 la presencia de una herida de bala en la cabeza y se lo dej\u00f3 internado en terapia intensiva.<\/p>\n<article class=\"article card \">\n<div class=\"article-inner \">\n<div class=\"article-image \"><a href=\"https:\/\/viapais.com.ar\/rosario\/crimenes-en-rosario-asesinaron-a-dos-mujeres-en-diferentes-puntos-de-zona-sur\/\" title=\"Homicidio en Rosario\"><\/p>\n<figure><picture><img decoding=\"async\" loading=\"lazy\" alt=\"Homicidio en Rosario\" class=\"lazyload block \" src=\"http:\/\/latecordoba.com\/wp-content\/uploads\/2023\/02\/un-joven-pelea-por-su-vida-tras-recibir-un-disparo-en-la-cabeza-en-el-norte-de-rosario.png\" sizes=\"auto\" data-src=\"https:\/\/viapais.com.ar\/resizer\/1eQfCF8eH7k4nQiFyH28J_byhZw=\/307x173\/smart\/filters:quality(75):format(webp)\/cloudfront-us-east-1.images.arcpublishing.com\/grupoclarin\/ZZYQEF4N6VA7NJBGM2LEL22YRU.jpg\" width=\"307px\" height=\"173px\"><\/picture><\/figure>\n<p><\/a><\/div>\n<\/div>\n<\/article>\n<h2 class>\u00bfQU\u00e9 se sabe hasta el momento del ataque al joven cartonero en Empalme Graneros?<\/h2>\n<p>Por el momento, <b>se desconocen las causas que llevaron a los gatilleros a disparar contra el joven cartonero<\/b>. Con pocos datos sobre el hecho, algunos testimonios de vecinos sostienen que, en realidad, uno de los tiradores se baj\u00f3 del auto para dispararle directamente.<\/p>\n<p>La investigaci\u00f3n de este caso qued\u00f3 en manos del<b> fiscal Alejandro Ferlazzo<\/b>, quien le dio intervenci\u00f3n a la <b>Agencia de Investigaci\u00f3n Criminal (AIC)<\/b> para que lleve adelante las tareas investigativas de rigor.<\/p>\n<\/section>\n<div class=\"noreadme-audima\">\n<h2>Temas Relacionados<\/h2>\n<\/div>\n","protected":false},"excerpt":{"rendered":"<p>Este martes por la noche un joven de 21 a\u00f1os que trabaja como cartonero recibi\u00f3 un balazo en la cabeza en un ataque a tiros perpetrado desde un auto en el barrio Empalme Graneros del noroeste de Rosario. La v\u00edctima permanece en el Hospital de Emergencias Clemente \u00c1lvarez (Heca) en grave estado. Todo sucedi\u00f3 alrededor [&hellip;]<\/p>\n","protected":false},"author":1,"featured_media":1147,"comment_status":"closed","ping_status":"closed","sticky":false,"template":"","format":"standard","meta":[],"categories":[15],"tags":[],"_links":{"self":[{"href":"https:\/\/latecordoba.com\/index.php\/wp-json\/wp\/v2\/posts\/1146"}],"collection":[{"href":"https:\/\/latecordoba.com\/index.php\/wp-json\/wp\/v2\/posts"}],"about":[{"href":"https:\/\/latecordoba.com\/index.php\/wp-json\/wp\/v2\/types\/post"}],"author":[{"embeddable":true,"href":"https:\/\/latecordoba.com\/index.php\/wp-json\/wp\/v2\/users\/1"}],"replies":[{"embeddable":true,"href":"https:\/\/latecordoba.com\/index.php\/wp-json\/wp\/v2\/comments?post=1146"}],"version-history":[{"count":0,"href":"https:\/\/latecordoba.com\/index.php\/wp-json\/wp\/v2\/posts\/1146\/revisions"}],"wp:featuredmedia":[{"embeddable":true,"href":"https:\/\/latecordoba.com\/index.php\/wp-json\/wp\/v2\/media\/1147"}],"wp:attachment":[{"href":"https:\/\/latecordoba.com\/index.php\/wp-json\/wp\/v2\/media?parent=1146"}],"wp:term":[{"taxonomy":"category","embeddable":true,"href":"https:\/\/latecordoba.com\/index.php\/wp-json\/wp\/v2\/categories?post=1146"},{"taxonomy":"post_tag","embeddable":true,"href":"https:\/\/latecordoba.com\/index.php\/wp-json\/wp\/v2\/tags?post=1146"}],"curies":[{"name":"wp","href":"https:\/\/api.w.org\/{rel}","templated":true}]}}