{"id":1124,"date":"2023-02-14T16:50:31","date_gmt":"2023-02-14T16:50:31","guid":{"rendered":"https:\/\/www.eldiariodeturismo.com.ar\/?p=225526"},"modified":"2023-02-14T16:50:31","modified_gmt":"2023-02-14T16:50:31","slug":"se-viene-el-dia-de-los-enamorados-y-el-casal-de-cataluna-lo-festeja-a-lo-grande-con-un-menu-de-pasos-para-vos-y-tu-media-naranja","status":"publish","type":"post","link":"https:\/\/latecordoba.com\/index.php\/2023\/02\/14\/se-viene-el-dia-de-los-enamorados-y-el-casal-de-cataluna-lo-festeja-a-lo-grande-con-un-menu-de-pasos-para-vos-y-tu-media-naranja\/","title":{"rendered":"Se viene el d\u00eda de los enamorados y el Casal de Catalu\u00f1a lo festeja a lo grande, con un men\u00fa de pasos para vos y tu media naranja"},"content":{"rendered":"\n<p class=\"MsoNormal\"><strong><!--[endif]--><\/strong><span><strong>Entrada<\/strong><\/span><\/p>\n<p class=\"MsoNormal\"><span>Pincho de tortilla y pimiento<i><\/i><\/span><\/p>\n<h6><\/h6>\n<p class=\"MsoNormal\"><strong><!--[endif]--><\/strong><span><strong>Platos<\/strong><\/span><\/p>\n<p class=\"MsoNormal\"><span>Calamar relleno con sofrito<\/span><\/p>\n<p class=\"MsoNormal\"><i><\/i><span>Arroz con mariscos<i><\/i><\/span><\/p>\n<h6><\/h6>\n<p class=\"MsoNormal\"><strong><!--[endif]--><\/strong><span><strong>Postre<\/strong><\/span><\/p>\n<p class=\"MsoNormal\"><span>Helado con sopa de frutos rojos<i><\/i><\/span><\/p>\n<h6><\/h6>\n<p class=\"MsoNormal\"><!-- [if !supportLists]--><strong><!--[endif]--><\/strong><span><strong>Maridaje<\/strong><\/span><\/p>\n<p class=\"MsoNormal\"><span>Trivento Golden reserve<\/span><\/p>\n<p class=\"MsoNormal\"><i><\/i><span>Espumante Trivento<i><\/i><\/span><\/p>\n<h6><\/h6>\n<p class=\"MsoNormal\"><b><span>$ 8000 por persona<\/span><\/b><i><\/i><\/p>\n<h4><img decoding=\"async\" loading=\"lazy\" class=\"aligncenter wp-image-225543 size-full\" src=\"http:\/\/latecordoba.com\/wp-content\/uploads\/2023\/02\/se-viene-el-dia-de-los-enamorados-y-el-casal-de-cataluna-lo-festeja-a-lo-grande-con-un-menu-de-pasos-para-vos-y-tu-media-naranja.jpg\" alt width=\"500\" height=\"503\" srcset=\"http:\/\/latecordoba.com\/wp-content\/uploads\/2023\/02\/se-viene-el-dia-de-los-enamorados-y-el-casal-de-cataluna-lo-festeja-a-lo-grande-con-un-menu-de-pasos-para-vos-y-tu-media-naranja.jpg 500w, http:\/\/latecordoba.com\/wp-content\/uploads\/2023\/02\/se-viene-el-dia-de-los-enamorados-y-el-casal-de-cataluna-lo-festeja-a-lo-grande-con-un-menu-de-pasos-para-vos-y-tu-media-naranja-1.jpg 298w, https:\/\/www.eldiariodeturismo.com.ar\/wp-content\/uploads\/2023\/02\/2023-dia-de-los-enamorados-150x150.jpeg 150w\" sizes=\"(max-width: 500px) 100vw, 500px\"><\/h4>\n<p class=\"MsoNormal\"><strong><span>Reservas:&nbsp;<\/span><\/strong><i><span><strong><a href=\"http:\/\/elcasalrestaurante.com\/\" target=\"_blank\" rel=\"noopener\"><span>http:\/\/elcasalrestaurante.com\/<\/span><\/a><\/strong><\/span><\/i><\/p>\n<p class=\"MsoNormal\"><span>Tel\u00e9fonos: 1133768088 \/&nbsp;4873-2988<i><\/i><\/span><\/p>\n<p class=\"MsoNormal\"><span>Instagram: @elcasalrestaurante<i><\/i><\/span><\/p>\n<p class=\"MsoNormal\"><span>Chacabuco 863, San Telmo, Buenos Aires.<i><\/i><\/span><\/p>\n<p class=\"MsoNormal\"><span>&nbsp;<\/span><\/p>\n<p class=\"MsoNormal\"><span>Horarios:&nbsp;<b><i><\/i><\/b><\/span><\/p>\n<p class=\"MsoNormal\"><span>Martes a s\u00e1bado:12.00 hs a 17:00 hs |&nbsp; 20.00 hs a 24.00 hs<b><i><\/i><\/b><\/span><\/p>\n<p class=\"MsoNormal\"><span>Domingo: 12.00 hs a 16.00 hs<b><i><\/i><\/b><\/span><\/p>\n<p><strong>El Templo de la gastronom\u00eda<\/strong><\/p>\n<p>El 12 de junio de 1886, respondiendo a la iniciativa de una parte de la colectividad catalana residente en Buenos Aires, se funda el \u201cCentre Catal\u00e1\u201d (\u201cCentro Catal\u00e1n), con el declarado prop\u00f3sito de \u201cmantener vivo el sentimiento y el esp\u00edritu catal\u00e1n en estas tierras, procurando por todos los medios engrandecer la esfera de acci\u00f3n de los intereses sociales y econ\u00f3micos de las regiones espa\u00f1olas de origen catal\u00e1n\u201d<\/p>\n<p>El \u201cCentre\u201d se propon\u00eda como un \u00e1mbito propicio para que sus socios pudieran expresarse en su lengua, accedieron a material de lectura y representaciones teatrales en catal\u00e1n; tambi\u00e9n, por supuesto, para que dispusiera de un punto de encuentro para socializar y recrearse.<\/p>\n<p>El casal es una joya especial. Su construcci\u00f3n arranc\u00f3 en 1886 y se fue ampliando hasta que en 1927, se anex\u00f3 el edificio vecino y se comenz\u00f3 a reformar la fachada para caracterizar el edificio, buscando un lenguaje arquitect\u00f3nico propio para expresar su nacionalismo. Se logr\u00f3 un aspecto se\u00f1orial, en un estilo neog\u00f3tico en versi\u00f3n barcelonesa, mezclado con una decoraci\u00f3n modernista de principios de siglo. No deje de observar la herrer\u00eda de la fachada, los cer\u00e1micos vitrificados y el fresco que enorgullece la sala principal.<\/p>\n<p>El edificio alberga el restaurante y la sala de teatro \u201cMargarita Xirgu\u201d, m\u00e1s 5 salas para exposiciones y muestras de pintura, fotograf\u00eda y dibujos.<\/p>\n<p><u>El Casal de Catalunya ofrece la posibilidad de alquilar sus salones y espacios en el marco incomparable de un edificio destacado del modernismo catal\u00e1n. Brindamos soluciones para sus necesidades, tal y como:<\/u><\/p>\n<ul>\n<li>Eventos corporativos y empresariales.<\/li>\n<li>Desayunos y almuerzos empresariales, workshops, coworking, presentaciones.<\/li>\n<li>Locaciones para fotograf\u00eda, v\u00eddeo y pel\u00edculas.<\/li>\n<li>Cursos y seminarios, obras teatrales.<\/li>\n<\/ul>\n<h6>\u00b7 Muestras y galer\u00eda de arte, exposiciones.<\/h6>\n<h6>\u00b7 Contamos por ello con diferentes <a href=\"http:\/\/www.casal.org.ar\/contacto-y-locaciones\/\" target=\"_blank\" rel=\"noopener\">salas<\/a>, cocina, parrilla y ascensor para acceder al primer piso.<\/h6>\n<h5><\/h5>\n<p>Cerca de la entrada, se ubica el bar, debajo de un maravilloso vitreaux de 1880 que acompa\u00f1a la escalera de honor del hist\u00f3rico edificio. All\u00ed, las especialidades son las tapas: callos, pan tumaca, boquerones e infinidades de aut\u00e9nticas tapas que nos har\u00e1n sentir por momentos como en Barcelona. El restaurante ofrece \u201ccuina\u201d catalana.<\/p>\n<p>Se trata de una opci\u00f3n culinaria diferente y de alta gama que plantea un men\u00fa inspirado en una gastronom\u00eda, como la cocina catalana, que ha sido declarada Patrimonio Cultural Inmaterial de la Humanidad por la UNESCO. Donde podr\u00e1n degustar varias especialidades de cocina mediterr\u00e1nea y especialmente, de cocina catalana.<\/p>\n<p>.<\/p>\n<p>FUENTE: GP COMUNICACI\u00d3N<\/p>\n","protected":false},"excerpt":{"rendered":"<p> Entrada Pincho de tortilla y pimiento Platos Calamar relleno con sofrito Arroz con mariscos Postre Helado con sopa de frutos  <\/p>\n","protected":false},"author":1,"featured_media":1125,"comment_status":"open","ping_status":"closed","sticky":false,"template":"","format":"standard","meta":[],"categories":[19],"tags":[],"_links":{"self":[{"href":"https:\/\/latecordoba.com\/index.php\/wp-json\/wp\/v2\/posts\/1124"}],"collection":[{"href":"https:\/\/latecordoba.com\/index.php\/wp-json\/wp\/v2\/posts"}],"about":[{"href":"https:\/\/latecordoba.com\/index.php\/wp-json\/wp\/v2\/types\/post"}],"author":[{"embeddable":true,"href":"https:\/\/latecordoba.com\/index.php\/wp-json\/wp\/v2\/users\/1"}],"replies":[{"embeddable":true,"href":"https:\/\/latecordoba.com\/index.php\/wp-json\/wp\/v2\/comments?post=1124"}],"version-history":[{"count":0,"href":"https:\/\/latecordoba.com\/index.php\/wp-json\/wp\/v2\/posts\/1124\/revisions"}],"wp:featuredmedia":[{"embeddable":true,"href":"https:\/\/latecordoba.com\/index.php\/wp-json\/wp\/v2\/media\/1125"}],"wp:attachment":[{"href":"https:\/\/latecordoba.com\/index.php\/wp-json\/wp\/v2\/media?parent=1124"}],"wp:term":[{"taxonomy":"category","embeddable":true,"href":"https:\/\/latecordoba.com\/index.php\/wp-json\/wp\/v2\/categories?post=1124"},{"taxonomy":"post_tag","embeddable":true,"href":"https:\/\/latecordoba.com\/index.php\/wp-json\/wp\/v2\/tags?post=1124"}],"curies":[{"name":"wp","href":"https:\/\/api.w.org\/{rel}","templated":true}]}}