{"id":1112,"date":"2023-02-14T23:25:00","date_gmt":"2023-02-14T23:25:00","guid":{"rendered":"https:\/\/www.iprofesional.com\/economia\/377126-aumento-de-precios-en-la-carne-lo-peor-esta-por-venir"},"modified":"2023-02-14T23:25:00","modified_gmt":"2023-02-14T23:25:00","slug":"crisis-politica-por-las-subas-de-precios-de-la-carne-lo-peor-todavia-esta-por-llegar","status":"publish","type":"post","link":"https:\/\/latecordoba.com\/index.php\/2023\/02\/14\/crisis-politica-por-las-subas-de-precios-de-la-carne-lo-peor-todavia-esta-por-llegar\/","title":{"rendered":"Crisis pol\u00edtica por las subas de precios de la carne: \u00bflo peor todav\u00eda est\u00e1 por llegar?"},"content":{"rendered":"\n<div class=\"media_block\"><img decoding=\"async\" src=\"http:\/\/latecordoba.com\/wp-content\/uploads\/2023\/02\/crisis-politica-por-las-subas-de-precios-de-la-carne-lo-peor-todavia-esta-por-llegar.jpg\"><\/div>\n<p>Lo que ocurre con<a href=\"https:\/\/www.iprofesional.com\/economia\/377055-la-inflacion-acelera-peligra-el-principal-objetivo-de-massa\" target=\"_blank\" rel=\"noopener\"> el precio de la carne<\/a> es la s\u00edntesis de los peores temores del Gobierno: no es el reflejo de una intensificaci\u00f3n en el consumo, que -m\u00e1s all\u00e1 de la mejora estacional de fin de a\u00f1o- <strong>sigue en m\u00ednimos hist\u00f3ricos<\/strong>. Y, para colmo,<span> los expertos del negocio agropecuario creen que lo peor todav\u00eda est\u00e1 por verse en dos meses, cuando la suba de 40% en el precio de la hacienda haga su impacto en las carnicer\u00edas.<\/span>\n<\/p>\n<p>Para un partido pol\u00edtico que bas\u00f3 su campa\u00f1a electoral en el regreso del asado a todos los hogares y que ha recogido frustraciones -como los magros resultados de los <strong>cortes a precios populares<\/strong> y el fracaso del <strong>cierre exportador de 2021<\/strong> para bajar precios internos- esta situaci\u00f3n que se est\u00e1 dando en el mercado c\u00e1rnico es mucho m\u00e1s que un problema econ\u00f3mico. Ya se transform\u00f3 en un problema en el plano simb\u00f3lico: durante la gesti\u00f3n de <strong>Alberto Fern\u00e1ndez<\/strong> el consumo cay\u00f3 a un m\u00ednimo de <strong>47 kilos per capita<\/strong> y, ahora, el rubro c\u00e1rnico vuelve a empujar la inflaci\u00f3n al alza.\n<\/p>\n<p><span>Por si las malas noticias no fueran suficientes, se da una situaci\u00f3n parad\u00f3jica: en <strong>el caso de que lloviera en el campo<\/strong> -que es uno de los pocos deseos de consenso entre todos los argentinos, sean peronistas o macristas, consumidores de la ciudad o productores del campo-, la situaci\u00f3n<strong> podr\u00eda empeorar <\/strong>m\u00e1s.<\/span>\n<\/p>\n<p>La explicaci\u00f3n es que lo que ha mantenido la oferta relativamente alta durante todo el a\u00f1o pasado -y por eso el precio de la carne subi\u00f3 menos que la inflaci\u00f3n- es el alto n\u00famero de env\u00edo de animales a faena. Se trata de una situaci\u00f3n t\u00edpica de momentos de crisis: al ver disminuir sus m\u00e1rgenes de rentabilidad, y con pocas chances de engordar los animales a un costo razonable, los productores mandan a faena animales que en otro momento hubiesen sido mantenidos.\n<\/p>\n<h2>Carne: importante merma de animales<\/h2>\n<p>De hecho, seg\u00fan c\u00e1lculos del experto <strong>Ignacio Iriarte<\/strong>, este a\u00f1o habr\u00e1 una camada de terneros que registrar\u00e1 <strong>una merma de un mill\u00f3n de animales <\/strong>-algo que tendr\u00e1 su impacto en las carnicer\u00edas dentro de dos a\u00f1os-.\n<\/p>\n<p>Pero luego<strong> ocurre el fen\u00f3meno inverso:<\/strong> los productores pasan a una retracci\u00f3n, en la b\u00fasqueda de recomponer capital. <span>Y si llueve, son mayores los incentivos para dejar de enviar hacienda a la faena, porque vuelve a existir<strong> la posibilidad de engordar los animales con pasturas<\/strong>.<\/span>\n<\/p>\n<div class=\"imagen\" readability=\"9\"><img decoding=\"async\" loading=\"lazy\" class=\"lazyload\" src=\"http:\/\/latecordoba.com\/wp-content\/uploads\/2023\/02\/crisis-politica-por-las-subas-de-precios-de-la-carne-lo-peor-todavia-esta-por-llegar-1.jpg\" alt=\"Pese a los recientes aumentos, los expertos advierten que todav\u00eda no se ha sentido el impacto en las carnicer\u00edas por el incremento de los precios de la hacienda\" width=\"880\" height=\"495\"><\/p>\n<p>Pese a los recientes aumentos, los expertos advierten que todav\u00eda no se ha sentido el impacto en las carnicer\u00edas por el incremento de los precios de la hacienda<\/p>\n<\/div>\n<p>La paradoja es que si, como todos esperan, llegan las ansiadas lluvias, la primera consecuencia que se ver\u00e1 en el negocio agropecuario ser\u00e1 una fuerte reducci\u00f3n en la oferta vacuna, lo cual agudizar\u00e1 la tendencia a la suba de precios.\n<\/p>\n<p>De hecho, es un fen\u00f3meno que ya se ha empezado a constatar en las zonas en las que cay\u00f3 m\u00e1s agua en el inicio del a\u00f1o.\n<\/p>\n<h2><strong>Sobran desincentivos para la oferta<\/strong><\/h2>\n<p>La realidad es que, si bien los aumentos de las \u00faltimas semanas han sido importantes, todav\u00eda hay categor\u00edas del mercado ganadero en las que los precios contin\u00faan retrasados respecto de la inflaci\u00f3n de 94,8% registrada en 2022, por lo que los analistas creen que existe margen para m\u00e1s aumentos en el corto plazo.\n<\/p>\n<p><span>Hablando en n\u00fameros, las recuperaciones m\u00e1s fuertes se dieron en el novillo, con una suba de 87% nominal respecto del a\u00f1o pasado. Pero otras categor\u00edas, como la &#8220;vaca gorda&#8221; s\u00f3lo subi\u00f3 un 62%, la &#8220;vaca conserva&#8221; un 46% y la invernada -es decir, el ganado para engorde mediante pastoreo- un 43%.<\/span>\n<\/p>\n<p>Esa situaci\u00f3n influye sobre las expectativas de los productores ganaderos, que mientras ven subir los precios de la hacienda prefieren asumir una postura conservadora <strong>y observar cu\u00e1l es el techo del mercado<\/strong>. Los analistas del sector ponen el ejemplo de productores que hoy est\u00e1n arrepentidos porque hace dos semanas vendieron a los frigor\u00edficos jaulas de novillo pesado a $600 y en pocos d\u00edas<strong> los mismos frigor\u00edficos terminaron convalidando un precio de $780<\/strong>.\n<\/p>\n<p>El factor para esa suba fue el r\u00e1pido incremento de<strong> la demanda importadora de China<\/strong>, el destino del 80% de la producci\u00f3n vacuna que sale al exterior.\n<\/p>\n<p><span>En definitiva, los productores tienen un cu\u00e1druple motivo para no vender:<\/span>\n<\/p>\n<ul>\n<li>Primero, la necesidad de<strong> recomponer stock<\/strong> luego de haber faenado en cantidades extraordinarias como consecuencia de la sequ\u00eda.<\/li>\n<\/ul>\n<ul>\n<li>Segundo, la conducta conservadora t\u00edpica de un momento de subas de precios, cuando todav\u00eda est\u00e1 en el mercado la creencia de que <strong>hay m\u00e1s margen para los aumentos.<\/strong><\/li>\n<\/ul>\n<ul>\n<li>Tercero: en el caso de que efectivamente<strong> se produzcan las ansiadas lluvias<\/strong>, esto implicar\u00e1 una baja en los costos de engorde de animales por la mayor abundancia de pastura, lo que har\u00e1 que los productores reduzcan m\u00e1s su oferta a la faena.<\/li>\n<\/ul>\n<ul>\n<li>Cuarto: el s\u00fabito cambio que se produjo en las \u00faltimas semanas en el mercado internacional, con el renovado impulso de la demanda china, pone otro aliciente para esperar a ver hasta d\u00f3nde se convalidan<strong> los incrementos de los cortes de exportaci\u00f3n.<\/strong><\/li>\n<\/ul>\n<div class=\"imagen\" readability=\"10\"><img decoding=\"async\" loading=\"lazy\" class=\"lazyload\" src=\"http:\/\/latecordoba.com\/wp-content\/uploads\/2023\/02\/crisis-politica-por-las-subas-de-precios-de-la-carne-lo-peor-todavia-esta-por-llegar-2.jpg\" alt=\"Si finalmente se produjeran las esperadas lluvias en el campo, eso agudizar\u00eda el incentivo a engordar ganado y no faenarlo, con lo cual se retraer\u00eda aun m\u00e1s la oferta\" width=\"880\" height=\"495\"><\/p>\n<p>Si finalmente se produjeran las esperadas lluvias en el campo, eso agudizar\u00eda el incentivo a engordar ganado y no faenarlo, con lo cual se retraer\u00eda aun m\u00e1s la oferta<\/p>\n<\/div>\n<h2><strong>El consumo de carne no reacciona<\/strong><\/h2>\n<p><span>La <strong>gran contradicci\u00f3n<\/strong> ante este escenario de aumentos que parecen inevitables es que la demanda del mercado interno sigue sin dar signos de reactivaci\u00f3n, <\/span>m\u00e1s all\u00e1 de t\u00edpicas variaciones estacionales. Dicho en palabras de los ganaderos, &#8220;no entra un bife m\u00e1s&#8221;.\n<\/p>\n<p>Claro que esa no parece ser la tesitura del ministro de Econom\u00eda, <strong>Sergio Massa<\/strong>, quien <a href=\"https:\/\/www.iprofesional.com\/economia\/377398-cortes-de-carne-el-gobierno-anunciara-nuevo-acuerdo-de-precios\" target=\"_blank\" rel=\"noopener\">acaba de anunciar medidas de incentivo a la oferta de carne<\/a>&nbsp;con alicientes para los frigor\u00edficos exportadores que vuelquen producto al mercado interno.\n<\/p>\n<p>Adem\u00e1s de las bajas cifras de consumo, los expertos notan tambi\u00e9n una p\u00e9rdida en la calidad del consumo. Seg\u00fan el consultor <strong>Salvador Di Stefano<\/strong>, el consumo de <strong>cortes de alta calidad<\/strong> -basado en la faena de novillitos y vaquillonas- <strong>marca 25 kilos por persona<\/strong>, un nivel comparable al de consumo de carne porcina y la mitad de lo que se consume de pollo.\n<\/p>\n<p>Ante esa situaci\u00f3n, dirigentes del gremio ganadero vienen planteando la necesidad de cambiar la estrategia comercial. Desde la <strong>Mesa Nacional de Carne<\/strong>, argumentan que se deber\u00eda <a href=\"https:\/\/www.iprofesional.com\/economia\/371932-se-termina-el-asado-barato-que-pasara-con-precios-de-la-carne\" target=\"_blank\" rel=\"noopener\">dejar de vender &#8220;vacas viejas&#8221; y pasar a un formato de cortes de calidad<\/a>, similar a la cuota Hilton que se dirige al mercado europeo. De esa forma, se aspira a un incremento del precio aun cuando los vol\u00famenes contin\u00faen retra\u00eddos.\n<\/p>\n<p>Ya hubo conversaciones con el Gobierno para que se liberen a la exportaci\u00f3n algunos cortes que hoy tienen dificultad para comercializarse en las carnicer\u00edas, pero que los funcionarios se muestran temerosos.\n<\/p>\n<p>En realidad, el debate de fondo es <strong>si la carne es efectivamente cara en Argentina<\/strong> o si el problema es el poder adquisitivo de los salarios, que en los \u00faltimos meses han vuelto a perder contra la inflaci\u00f3n. <span>De hecho, cuando se hace la comparaci\u00f3n de precios con otros pa\u00edses, la conclusi\u00f3n es que, contrariamente a lo que afirma el Gobierno, Argentina vende a su p\u00fablico una carne notoriamente m\u00e1s barata.<\/span>\n<\/p>\n<p>Una investigaci\u00f3n de la <strong>Fundaci\u00f3n Mediterr\u00e1nea<\/strong> revel\u00f3 que, pese al reciente encarecimiento, en las carnicer\u00edas argentinas los precios siguen siendo m\u00e1s baratos que en Uruguay, Brasil y Chile.\n<\/p>\n<p>La gran diferencia no es el precio de la carne sino los salarios: medido al tipo de cambio oficial, el haber m\u00ednimo argentino se encuentra un 32% por debajo del uruguayo, que lidera el ranking. Y si la conversi\u00f3n se hace al blue, el ingreso de Argentina es por lejos el m\u00e1s bajo de la regi\u00f3n.\n<\/p>\n<div class=\"imagen\" readability=\"9\"><img decoding=\"async\" loading=\"lazy\" class=\"lazyload\" src=\"http:\/\/latecordoba.com\/wp-content\/uploads\/2023\/02\/crisis-politica-por-las-subas-de-precios-de-la-carne-lo-peor-todavia-esta-por-llegar-3.jpg\" alt=\"El s\u00fabito incremento de la demanda china podr\u00eda llevar a una presi\u00f3n adicional de los precios, apuntan en el sector ganadero\" width=\"880\" height=\"495\"><\/p>\n<p>El s\u00fabito incremento de la demanda china podr\u00eda llevar a una presi\u00f3n adicional de los precios, apuntan en el sector ganadero<\/p>\n<\/div>\n<h2><strong>Un mercado esc\u00e9ptico<\/strong><\/h2>\n<p>Es con ese dato sobre la mesa que el Gobierno plante\u00f3 su propuesta de <strong>subsidiar el 10% de la compra de carne vacuna <\/strong>a quienes paguen con tarjeta de d\u00e9bito en las carnicer\u00edas. <span>Massa sostiene que no hay un costo fiscal asociado a esta medida, porque se incentivar\u00e1 no solamente un mayor consumo sino una mayor venta &#8220;en blanco&#8221; en un negocio con altos \u00edndices de informalidad.<\/span> En consecuencia, prev\u00e9 que el mayor volumen de aporte impositivo neutralizar\u00e1 el costo del subsidio.\n<\/p>\n<p>Lo cierto es que, de momento, en el sector c\u00e1rnico no se refleja un gran entusiasmo con el resultado de esas medidas.\n<\/p>\n<p>El presidente de la C\u00e1mara de Abastecedores y Matarifes, <strong>Leonardo Rafael,<\/strong> consider\u00f3 inevitable la suba de precios, por el simple motivo de que durante el a\u00f1o pasado acumul\u00f3 un atraso respecto de la inflaci\u00f3n promedio.\n<\/p>\n<p><span>&#8220;La carne estuvo muy barata durante 2022: hubo un retraso de hasta el 70%.&nbsp;En las \u00faltimas semanas hubo aumentos del 30% y a\u00fan resta entre un 15 y un 20% m\u00e1s de subas en los precios&#8221;<\/span>, sostuvo el dirigente.\n<\/p>\n<p>Mientras tanto, los productores ganaderos mantienen su argumento cl\u00e1sico: que <strong>la soluci\u00f3n pasa por incentivos para vender animales m\u00e1s gordos<\/strong>: venderlos con 430 kilos en vez de 320, como es la norma local. De esa forma, se lograr\u00eda mantener la misma producci\u00f3n de carne pero con una faena de 10 millones de animales por a\u00f1o, en vez de 13 o 14 millones.\n<\/p>\n<div class=\"tepuedeinteresar\">\n<p>Te puede interesar<\/p>\n<\/p><\/div>\n<p>Esa soluci\u00f3n permitir\u00eda que el stock vacuno pudiera volver a crecer -hoy es muy dif\u00edcil, porque la tasa de mortandad de vacas est\u00e1 en un nivel similar al de nacimientos-. La estad\u00edstica marca que la cantidad de vacunos, que hace 25 a\u00f1os rondaba los 60 millones de animales, <strong>hoy est\u00e1 en 53,5 millones, con tendencia a seguir bajando.<\/strong><\/p>\n","protected":false},"excerpt":{"rendered":"\n<div class=\"media_block\"><img decoding=\"async\" src=\"http:\/\/latecordoba.com\/wp-content\/uploads\/2023\/02\/crisis-politica-por-las-subas-de-precios-de-la-carne-lo-peor-todavia-esta-por-llegar.jpg\"><\/div>\n<p> Los expertos afirman que se acumulan los desincentivos para la faena de animales y que en dos meses se sentir\u00e1 un impacto mayor en las carnicer\u00edas <iframe width=\"0\" height=\"0\" border=\"0\"> <script> (function(i,s,o,g,r,a,m){i['GoogleAnalyticsObject']=r;i[r]=i[r]||function(){ (i[r].q=i[r].q||[]).push(arguments)},i[r].l=1*new Date();a=s.createElement(o), m=s.getElementsByTagName(o)[0];a.async=1;a.src=g;m.parentNode.insertBefore(a,m) })(window,document,'script','https:\/\/www.google-analytics.com\/analytics.js','ga'); ga('create', 'GTM-5LW5KQD', 'auto'); ga('require', 'displayfeatures'); ga('set', 'campaignSource', 'RSS Client for iProfesional'); ga('set', 'campaignMedium', 'RSS Client for iProfesional'); ga('set', {\"dataSource\": \"rss.atom.iprofesional.com\"}); ga('set', {\"referrer\": \"rss.atom.iprofesional.com\"}); ga('set', 'title', 'RSS Client for iProfesional'); ga('send', 'pageview'); <\/script> <!-- Begin comScore Tag --> <script>\nvar _comscore = _comscore || [];\n_comscore.push({ c1: \"2\", c2: \"37240992\" });\n(function() {\nvar s = document.createElement(\"script\"), el = document.getElementsByTagName(\"script\")[0]; s.async = true;\ns.src = \"https:\/\/sb.scorecardresearch.com\/cs\/37240992\/beacon.js\";\nel.parentNode.insertBefore(s, el);\n})(); <\/script> <noscript> <img decoding=\"async\" src=\"http:\/\/latecordoba.com\/wp-content\/uploads\/2023\/02\/crisis-politica-por-las-subas-de-precios-de-la-carne-lo-peor-todavia-esta-por-llegar.gif\"> <\/noscript> <!-- End comScore Tag --> <\/iframe>  <\/p>\n","protected":false},"author":1,"featured_media":1113,"comment_status":"closed","ping_status":"closed","sticky":false,"template":"","format":"standard","meta":[],"categories":[18],"tags":[],"_links":{"self":[{"href":"https:\/\/latecordoba.com\/index.php\/wp-json\/wp\/v2\/posts\/1112"}],"collection":[{"href":"https:\/\/latecordoba.com\/index.php\/wp-json\/wp\/v2\/posts"}],"about":[{"href":"https:\/\/latecordoba.com\/index.php\/wp-json\/wp\/v2\/types\/post"}],"author":[{"embeddable":true,"href":"https:\/\/latecordoba.com\/index.php\/wp-json\/wp\/v2\/users\/1"}],"replies":[{"embeddable":true,"href":"https:\/\/latecordoba.com\/index.php\/wp-json\/wp\/v2\/comments?post=1112"}],"version-history":[{"count":0,"href":"https:\/\/latecordoba.com\/index.php\/wp-json\/wp\/v2\/posts\/1112\/revisions"}],"wp:featuredmedia":[{"embeddable":true,"href":"https:\/\/latecordoba.com\/index.php\/wp-json\/wp\/v2\/media\/1113"}],"wp:attachment":[{"href":"https:\/\/latecordoba.com\/index.php\/wp-json\/wp\/v2\/media?parent=1112"}],"wp:term":[{"taxonomy":"category","embeddable":true,"href":"https:\/\/latecordoba.com\/index.php\/wp-json\/wp\/v2\/categories?post=1112"},{"taxonomy":"post_tag","embeddable":true,"href":"https:\/\/latecordoba.com\/index.php\/wp-json\/wp\/v2\/tags?post=1112"}],"curies":[{"name":"wp","href":"https:\/\/api.w.org\/{rel}","templated":true}]}}