{"id":1098,"date":"2023-02-15T03:41:38","date_gmt":"2023-02-15T03:41:38","guid":{"rendered":"https:\/\/viapais.com.ar\/arroyito\/arroyito-fue-detenido-y-cuando-lo-identificaron-tenia-un-pedido-de-captura-de-parana-entre-rios\/"},"modified":"2023-02-15T03:41:38","modified_gmt":"2023-02-15T03:41:38","slug":"arroyito-fue-detenido-y-cuando-lo-identificaron-tenia-un-pedido-de-captura-de-parana-entre-rios","status":"publish","type":"post","link":"https:\/\/latecordoba.com\/index.php\/2023\/02\/15\/arroyito-fue-detenido-y-cuando-lo-identificaron-tenia-un-pedido-de-captura-de-parana-entre-rios\/","title":{"rendered":"Arroyito: fue detenido y cuando lo identificaron ten\u00eda un pedido de captura de Paran\u00e1 Entre R\u00edos"},"content":{"rendered":"\n<div><img decoding=\"async\" src=\"http:\/\/latecordoba.com\/wp-content\/uploads\/2023\/02\/arroyito-fue-detenido-y-cuando-lo-identificaron-tenia-un-pedido-de-captura-de-parana-entre-rios.jpg\" class=\"ff-og-image-inserted\"><\/div>\n<section readability=\"16\">\n<p>Durante la jornada del <b>domingo 12 de febrero, alrededor de las 10:15 hs.<\/b> los efectivos de la Dependencia Policial de Arroyito mientras realizaban su recorrido <b>por inmediaciones de la terminal de \u00f3mnibus, proceden a identificar <\/b>a una persona.<\/p>\n<p>En ese momento, <b>detienen a un joven de 24 a\u00f1os, <\/b>y constatan que era oriundo de la provincia de Corrientes, y <b>que el mismo presentaba Pedido de Captura solicitado por la Oficina de Gesti\u00f3n<\/b> de la localidad de Paran\u00e1 Entre R\u00edos <b>por un hecho que se investiga<\/b> caratulado como Rebeld\u00eda.<\/p>\n<p>Fue <b>detenido y trasladado a la comisar\u00eda<\/b> donde qued\u00f3 alojado <b>a disposici\u00f3n de Fiscal\u00eda de Instrucci\u00f3n de Arroyito.<\/b><\/p>\n<\/section>\n","protected":false},"excerpt":{"rendered":"<p>Durante la jornada del domingo 12 de febrero, alrededor de las 10:15 hs. los efectivos de la Dependencia Policial de Arroyito mientras realizaban su recorrido por inmediaciones de la terminal de \u00f3mnibus, proceden a identificar a una persona. En ese momento, detienen a un joven de 24 a\u00f1os, y constatan que era oriundo de la [&hellip;]<\/p>\n","protected":false},"author":1,"featured_media":1099,"comment_status":"closed","ping_status":"closed","sticky":false,"template":"","format":"standard","meta":[],"categories":[15],"tags":[],"_links":{"self":[{"href":"https:\/\/latecordoba.com\/index.php\/wp-json\/wp\/v2\/posts\/1098"}],"collection":[{"href":"https:\/\/latecordoba.com\/index.php\/wp-json\/wp\/v2\/posts"}],"about":[{"href":"https:\/\/latecordoba.com\/index.php\/wp-json\/wp\/v2\/types\/post"}],"author":[{"embeddable":true,"href":"https:\/\/latecordoba.com\/index.php\/wp-json\/wp\/v2\/users\/1"}],"replies":[{"embeddable":true,"href":"https:\/\/latecordoba.com\/index.php\/wp-json\/wp\/v2\/comments?post=1098"}],"version-history":[{"count":0,"href":"https:\/\/latecordoba.com\/index.php\/wp-json\/wp\/v2\/posts\/1098\/revisions"}],"wp:featuredmedia":[{"embeddable":true,"href":"https:\/\/latecordoba.com\/index.php\/wp-json\/wp\/v2\/media\/1099"}],"wp:attachment":[{"href":"https:\/\/latecordoba.com\/index.php\/wp-json\/wp\/v2\/media?parent=1098"}],"wp:term":[{"taxonomy":"category","embeddable":true,"href":"https:\/\/latecordoba.com\/index.php\/wp-json\/wp\/v2\/categories?post=1098"},{"taxonomy":"post_tag","embeddable":true,"href":"https:\/\/latecordoba.com\/index.php\/wp-json\/wp\/v2\/tags?post=1098"}],"curies":[{"name":"wp","href":"https:\/\/api.w.org\/{rel}","templated":true}]}}